{"id":46825,"date":"2012-01-19T07:43:21","date_gmt":"2012-01-19T05:43:21","guid":{"rendered":"http:\/\/www.korhanyilmaz.com\/?p=46825"},"modified":"2012-01-19T13:41:02","modified_gmt":"2012-01-19T11:41:02","slug":"bizce-de-basit-cinayet-degil","status":"publish","type":"post","link":"http:\/\/www.korhanyilmaz.com\/?p=46825","title":{"rendered":"&#8220;Bizce de basit cinayet de\u011fil&#8221;"},"content":{"rendered":"<p style=\"text-align: center;\"><a href=\"http:\/\/www.korhanyilmaz.com\/wp-content\/uploads\/2012\/01\/9276.jpg\"  class=\"lightview\"><img loading=\"lazy\" decoding=\"async\" class=\"aligncenter  wp-image-46826\" src=\"http:\/\/www.korhanyilmaz.com\/wp-content\/uploads\/2012\/01\/9276.jpg\" alt=\"\" width=\"396\" height=\"180\" \/><\/a><\/p>\n<p style=\"text-align: justify;\">Dink davas\u0131nda \u2018ter\u00f6r \u00f6rg\u00fct\u00fc yok\u2019 karar\u0131 veren hakim, \u00e7arp\u0131c\u0131 a\u00e7\u0131klamalarda bulundu. 14. A\u011f\u0131r Ceza Mahkemesi ba\u015fkan\u0131 R\u00fcstem Ery\u0131lmaz, mahkemenin kamuoyunun bask\u0131s\u0131na g\u00f6re de\u011fil dosyadaki delillere g\u00f6re karar vermek zorunda oldu\u011funu s\u00f6ylerken, soru\u015fturmay\u0131 y\u00fcr\u00fcten emniyet ve savc\u0131l\u0131\u011f\u0131 su\u00e7lad\u0131.<\/p>\n<p style=\"text-align: justify;\">\u0130STANBUL &#8211; Agos Gazetesi Genel Yay\u0131n Y\u00f6netmeni Hrant Dink, 19 Ocak 2007 g\u00fcn\u00fc \u00f6ld\u00fcr\u00fcld\u00fc. Hukuki s\u00fcre\u00e7 5 y\u0131l s\u00fcrd\u00fc ve \u00f6nceki g\u00fcn \u0130stanbul 14. A\u011f\u0131r Ceza Mahkemesi karar\u0131n\u0131 a\u00e7\u0131klad\u0131. 19 san\u0131\u011f\u0131n tamam\u0131 \u2018ter\u00f6r \u00f6rg\u00fct\u00fc\u2019 su\u00e7lamas\u0131ndan beraat etti. Yasin Hayal azmettirmek su\u00e7undan a\u011f\u0131rla\u015ft\u0131r\u0131lm\u0131\u015f m\u00fcebbet cezas\u0131 ald\u0131. \u2018B\u00fcy\u00fck Abi\u2019 Erhan Tuncel ise Dink cinayetinden su\u00e7lu bulunmad\u0131.\u00a0<!--more--><\/p>\n<p style=\"text-align: justify;\">Sadece McDonalds\u2019a bomba atmak eyleminden 5 y\u0131l hapis cezas\u0131 al\u0131rken ba\u015fka su\u00e7larla ilgili de toplam 10 y\u0131l 6 ay hapis cezas\u0131na \u00e7arp\u0131t\u0131r\u0131ld\u0131. Yatt\u0131\u011f\u0131 s\u00fcre g\u00f6z \u00f6n\u00fcne al\u0131narak serbest b\u0131rak\u0131ld\u0131. Karar herkesi aya\u011fa kald\u0131rd\u0131. Hatta bu karar sonunda teti\u011fi \u00e7eken Og\u00fcn Samast ile Yasin Hayal\u2019in 2 g\u00fcn sonra serbest bile kalabilece\u011fi bile konu\u015fulmaya ba\u015fland\u0131. \u0130\u015fte Dink Ailesi\u2019nin avukat\u0131 Fethiye \u00c7etin\u2019in \u201cBizimle dalga ge\u00e7tiler\u201d diye yorumlad\u0131\u011f\u0131 karar\u0131 veren \u0130stanbul 14. A\u011f\u0131r Ceza Mahkemesi Heyeti Ba\u015fkan\u0131 R\u00fcstem Ery\u0131lmaz Vatan gazetesine konu\u015ftu. \u0130\u015fte \u00e7ok tart\u0131\u015f\u0131lan karar\u0131 veren hakimin \u00e7arp\u0131c\u0131 a\u00e7\u0131klamalar\u0131:<\/p>\n<p style=\"text-align: justify;\"><strong>MAHKEME DEL\u0130LE BAKAR<\/strong><\/p>\n<p style=\"text-align: justify;\">Mahkemeler, dosyaya girmi\u015f delillere g\u00f6re karar verirler. Kamuoyunda olu\u015fan tepkileri izliyoruz. Zaten dosyadaki delilleri bildi\u011fimizden verilecek karardan kimsenin memnun olmayaca\u011f\u0131n\u0131 da tahmin ettik. \u00d6nemli bir gazetecinin \u00f6ld\u00fcr\u00fclmesi, \u00f6ld\u00fcr\u00fclen ki\u015finin etnik kimli\u011fi y\u00fcz\u00fcnden kamuoyunun yak\u0131ndan takip etti\u011fi bir dava oldu\u011funu biliyorduk. Herkes bu olay\u0131n arka plan\u0131nda kimler oldu\u011funu merak ediyordu ve ayd\u0131nlat\u0131lmas\u0131n\u0131 istiyordu. Biz de bunu istiyoruz ama bizler eldeki deliller ile karar verebiliriz. Dava a\u00e7\u0131ld\u0131ktan sonra mahkemenin bakt\u0131\u011f\u0131 konu delildir. Ancak kamuoyundaki hassasiyeti g\u00f6z \u00f6n\u00fcnde bulundurarak taraflar\u0131n taleplerini imkanlar \u00f6l\u00e7\u00fcs\u00fcnde kar\u015f\u0131lad\u0131k. Ara\u015ft\u0131r\u0131lmas\u0131 talep edilen her hususu ara\u015ft\u0131rmaya \u00e7al\u0131\u015ft\u0131k.<\/p>\n<p style=\"text-align: justify;\"><strong>ARKA PLAN AYDINLATILAMADI<\/strong><\/p>\n<p style=\"text-align: justify;\">Bu davada, herkesin merak etti\u011fi arka plan ayd\u0131nlat\u0131lamad\u0131. Ancak bu dosya kapand\u0131 anlam\u0131na gelmez. \u00c7\u00fcnk\u00fc belirlenemeyen failler ve g\u00f6revi k\u00f6t\u00fcye kullanmayla ilgili 2007 y\u0131l\u0131ndan beri savc\u0131l\u0131kta a\u00e7\u0131lan dosya var. Bu dosyalar daha tamamlanmad\u0131. Hrant Dink davas\u0131 bitti demek yanl\u0131\u015f olur. \u00d6rne\u011fin T\u0130B\u2019den binlerce kay\u0131t geldi. Biz burada dava ile ilgili eldeki deliller \u00e7er\u00e7evesinde karar verdik.<\/p>\n<p style=\"text-align: justify;\">\u00c7\u00fcnk\u00fc davan\u0131n uzamas\u0131n\u0131 istemedik. Dava a\u00e7\u0131lal\u0131 4,5 y\u0131l oldu. E\u011fer T\u0130B\u2019den gelen kay\u0131tlar\u0131 ara\u015ft\u0131rmaya kalksak dava birka\u00e7 y\u0131l daha uzayabilirdi. Davalar uzay\u0131nca da kamuoyundan bask\u0131 geliyor, bask\u0131 alt\u0131nday\u0131z. Ayr\u0131ca davan\u0131n uzat\u0131lmas\u0131 i\u00e7in yap\u0131lanlar da var. Biz elimizden geldi\u011fince davay\u0131 uzatmadan karar vermeye \u00e7al\u0131\u015ft\u0131k. Ancak 4,5 y\u0131l kimileri i\u00e7in uzundur, kimileri i\u00e7in de k\u0131sa&#8230;<\/p>\n<p style=\"text-align: justify;\"><strong>BAS\u0130T C\u0130NAYET DE\u011e\u0130L<\/strong><\/p>\n<p style=\"text-align: justify;\">Davada \u00f6rg\u00fct su\u00e7lamas\u0131ndan beraat karar\u0131 verdik. Bu karar \u2018\u00f6rg\u00fct yoktur\u2019 anlam\u0131na gelmez. Bu \u00f6rg\u00fct faaliyetleri \u00e7er\u00e7evesinde yeterli delil olmad\u0131\u011f\u0131 anlam\u0131na gelir. Yeni delil ortaya \u00e7\u0131karsa yeni soru\u015fturma a\u00e7\u0131l\u0131r. Biz hukuki olarak \u00f6rg\u00fct ba\u011flant\u0131s\u0131n\u0131 tespit edemedik. Bu cinayetin bir ka\u00e7 simit\u00e7inin i\u015fi gibi basite indirgenmesine kar\u015f\u0131y\u0131z. Bizce de basit bir cinayet de\u011fil. Ama dosyadaki delillerler bu ve biz hakimler hukuk \u00e7er\u00e7evesinde karar vermek zorunday\u0131z.<\/p>\n<p style=\"text-align: justify;\"><strong>ERGENEKON \u0130SPAT ED\u0130LMED\u0130<\/strong><\/p>\n<p style=\"text-align: justify;\">Ergenekon ter\u00f6r \u00f6rg\u00fct\u00fcn\u00fcn i\u015fi oldu\u011funu iddia edenler var. Bas\u0131ndan takip ediyorum. Ancak burada da hukuki \u00e7er\u00e7evede de\u011ferlendirme yapmak gerekir. Bir \u00f6rg\u00fct\u00fcn hukuki varl\u0131\u011f\u0131n\u0131n ispat\u0131 i\u00e7in bu konuda a\u00e7\u0131lan davan\u0131n karara ba\u011flanmas\u0131, Yarg\u0131tay\u2019\u0131n da onaylamas\u0131 gerekir. B\u00f6ylece hukuki olarak \u00f6rg\u00fct\u00fcn varl\u0131\u011f\u0131 tespit edilmi\u015f olur. Ergenekon ile ilgili b\u00f6yle bir s\u00fcre\u00e7 tamamlanmadan nas\u0131l \u2018Ergenekon ter\u00f6r \u00f6rg\u00fct\u00fcn\u00fcn i\u015fe denilebilir ki?<\/p>\n<p style=\"text-align: justify;\"><strong>\u00d6RG\u00dcT YOK DA D\u0130YEMEY\u0130Z<\/strong><\/p>\n<p style=\"text-align: justify;\">Ter\u00f6r \u00f6rg\u00fctleri dedi\u011fimizde iki \u015fekilde d\u00fc\u015f\u00fcnmek gerekir. Silahl\u0131 ter\u00f6r \u00f6rg\u00fct\u00fc ve \u00e7\u0131kar ama\u00e7l\u0131 ter\u00f6r \u00f6rg\u00fct\u00fc. \u0130kinci t\u00fcre \u00f6rne\u011fin mafyay\u0131 katabiliriz. Dink davas\u0131nda mafyadan bahsedemeyiz. Ter\u00f6r \u00f6rg\u00fct\u00fc olabilmesi i\u00e7in de bir eylem de\u011fil birka\u00e7 eylem yapm\u0131\u015f olmas\u0131 gerekir. \u00d6rg\u00fct\u00fcn varl\u0131\u011f\u0131n\u0131n ispatlanm\u0131\u015f olmas\u0131 \u015fart. \u00d6rne\u011fin Trabzon\u2019daki \u201cMc Donald\u2019s\u201d patlamas\u0131n\u0131 da ger\u00e7ekle\u015ftirdiler. Ama orada da \u00f6rg\u00fct yok. Yarg\u0131tay\u2019dan da karar \u00e7\u0131km\u0131\u015f ve \u00f6rg\u00fct varl\u0131\u011f\u0131ndan bahsedilmiyor. Delil durumuna g\u00f6re \u00f6rg\u00fct mevcut de\u011fil. Ama \u00f6rg\u00fct yoktur da diyemeyiz.<\/p>\n<p style=\"text-align: justify;\"><strong>\u015eAHSEN TATM\u0130N OLMADIM<\/strong><\/p>\n<p style=\"text-align: justify;\">Bu cinayet Hayal\u2019in kafas\u0131ndan \u00e7\u0131km\u0131\u015f bir fikir de\u011fil. Azmettiren birilerinin olmas\u0131 gerekir. \u015eahsi fikrim bu. Ama bu durumun hukuki olarak varl\u0131\u011f\u0131n\u0131 kabul edebilmek i\u00e7in deliller olmas\u0131 gerekir. Belli isimler ortaya at\u0131ld\u0131 ama bu ki\u015filerin cezaland\u0131r\u0131lmas\u0131na yetecek deliller yok. Beklenti fazla oldu\u011fu i\u00e7in bu karar kimseyi tatmin etmedi. \u201cKi\u015fisel olarak siz tatmin oldunuz mu?\u201d diye sorarsan\u0131z, azmettiren birileri olmas\u0131 gerekti\u011fi i\u00e7in evet olmad\u0131m.<\/p>\n<p style=\"text-align: justify;\">Ama dosyadaki delillere g\u00f6re en iyi karar bu. Olay\u0131n vahametinden dolay\u0131 herhangi bir indirimde bulunmad\u0131k, en \u00fcst seviyeden cezalar\u0131 verdik. \u00d6rne\u011fin McDonalds\u2019\u0131n bombalanmas\u0131 olay\u0131ndan Yasin Hayal, 3 y\u0131l 4 ay hapis cezas\u0131 ald\u0131 ve bu ceza Yarg\u0131tay taraf\u0131ndan onand\u0131. Bu su\u00e7un cezas\u0131 3-5 y\u0131l aras\u0131d\u0131r. Biz ayn\u0131 su\u00e7tan Erhan Tuncel\u2019e en \u00fcst s\u0131n\u0131rdan ceza verdik. Mahkemenin takdiridir bu ve biz b\u00f6yle takdir ettik. Az \u00e7ok hukuktan anlayan insanlar, dosyada toplanan delillere g\u00f6re bu karar\u0131n verilece\u011fini g\u00f6recek. Bas\u0131n\u0131n fazla beklentisi ve \u00f6ld\u00fcr\u00fclen ki\u015finin kimli\u011fi b\u00f6yle bir alg\u0131 olu\u015fmas\u0131na neden oldu.<\/p>\n<p style=\"text-align: justify;\"><strong>DOSYA KAPANMADI<\/strong><\/p>\n<p style=\"text-align: justify;\">M\u00fcdahillerin \u00fczerinde \u00f6nemle durdu\u011fu bir konu var. \u201cDevlet g\u00f6revlilerinin ihmali y\u00fcz\u00fcnden bu cinayet oldu. \u0130hbar geldi ve devlet yetkilileri g\u00f6revlerini yerine getirmedi. Bu ki\u015filer de yarg\u0131 \u00f6n\u00fcne \u00e7\u0131kar\u0131lmad\u0131\u201d diye tepkileri var. Bu konuda h\u00e2l\u00e2 y\u00fcr\u00fcyen bir soru\u015fturma var. Bu unutulmas\u0131n. Dosya kesinlikle kapanmad\u0131, bu ilk karar. Yarg\u0131taya g\u00f6t\u00fcr\u00fclece\u011fine dair ifadeler var. Yarg\u0131tay inceler ve bozabilir. Veya \u015fu husus ara\u015ft\u0131r\u0131ls\u0131n diyebilir. Olay\u0131n \u00fczerinden 5 y\u0131l ge\u00e7ti. Mahkeme 4.5 y\u0131lda karar verdi.<\/p>\n<p style=\"text-align: justify;\"><strong>SAMAST VE HAYAL<\/strong><\/p>\n<p style=\"text-align: justify;\">Og\u00fcn Samast ve Yasin Hayal i\u00e7in 2 g\u00fcn sonra \u00e7\u0131kar iddialar\u0131 yanl\u0131\u015f. \u00c7\u00fcnk\u00fc cinayet y\u00f6n\u00fcnde karar verildi. Bu tehlike sadece \u015f\u00f6yle ortaya \u00e7\u0131kabilir, Yarg\u0131tay \u00f6rg\u00fct karar\u0131n\u0131 onar, Hayal hakk\u0131ndaki karar\u0131 bozarsa 5 y\u0131ll\u0131k s\u0131n\u0131rdan faydalanabilir. Ancak Yasin Hayal\u2019in tutuklu kald\u0131\u011f\u0131 5 y\u0131l sadece Hrant Dink davas\u0131ndan de\u011fil. Ba\u015fka su\u00e7lardan da dolay\u0131 tutuklu oldu\u011fu i\u00e7in bu davadan tutuklu kald\u0131\u011f\u0131 s\u00fcre tahminimce 3 y\u0131ld\u0131r, daha 5 y\u0131l\u0131 bile dolmad\u0131. Heyet olarak biz karar\u0131 a\u00e7\u0131klad\u0131k ve \u015fu a\u015famadan sonra 5 y\u0131ll\u0131k s\u00fcre\u00e7ten faydalanamazlar.<\/p>\n<p style=\"text-align: justify;\"><strong>\u00d6ZEL YETK\u0130L\u0130<\/strong><\/p>\n<p style=\"text-align: justify;\">Dava \u00f6rg\u00fct i\u015fledi iddias\u0131yla a\u00e7\u0131ld\u0131\u011f\u0131 i\u00e7in \u00f6zel yetkili mahkeme taraf\u0131ndan bak\u0131ld\u0131. \u00d6rg\u00fct ba\u011flant\u0131s\u0131 ispatlanamad\u0131\u011f\u0131 i\u00e7in \u00f6zel yetkili karar veremez diye bir \u015fey s\u00f6z konusu olamaz. Biz cinayet konusunda da karar verebiliriz. \u00d6zel yetkili a\u011f\u0131r ceza mahkemeleri ceza mahkemelerini kapsar.<\/p>\n<p style=\"text-align: justify;\"><a href=\"http:\/\/www.gazeteport.com.tr\/haber\/74383\/bizce_de_basit_cinayet_degil\" target=\"_blank\">Kaynak : GAZETEPORT<\/a><\/p>\n","protected":false},"excerpt":{"rendered":"<p style=\"text-align: center;\">\n<p style=\"text-align: justify;\">Dink davas\u0131nda \u2018ter\u00f6r \u00f6rg\u00fct\u00fc yok\u2019 karar\u0131 veren hakim, \u00e7arp\u0131c\u0131 a\u00e7\u0131klamalarda bulundu. 14. A\u011f\u0131r Ceza Mahkemesi ba\u015fkan\u0131 R\u00fcstem Ery\u0131lmaz, mahkemenin kamuoyunun bask\u0131s\u0131na g\u00f6re de\u011fil dosyadaki delillere g\u00f6re karar vermek zorunda oldu\u011funu s\u00f6ylerken, soru\u015fturmay\u0131 y\u00fcr\u00fcten emniyet ve savc\u0131l\u0131\u011f\u0131 su\u00e7lad\u0131.<\/p>\n<p style=\"text-align: justify;\">\u0130STANBUL &#8211; Agos Gazetesi Genel Yay\u0131n Y\u00f6netmeni Hrant Dink, 19 Ocak <\/p>\n","protected":false},"author":1,"featured_media":0,"comment_status":"open","ping_status":"open","sticky":false,"template":"","format":"standard","meta":{"footnotes":""},"categories":[105],"tags":[],"class_list":["post-46825","post","type-post","status-publish","format-standard","hentry","category-gundem","odd"],"_links":{"self":[{"href":"http:\/\/www.korhanyilmaz.com\/index.php?rest_route=\/wp\/v2\/posts\/46825","targetHints":{"allow":["GET"]}}],"collection":[{"href":"http:\/\/www.korhanyilmaz.com\/index.php?rest_route=\/wp\/v2\/posts"}],"about":[{"href":"http:\/\/www.korhanyilmaz.com\/index.php?rest_route=\/wp\/v2\/types\/post"}],"author":[{"embeddable":true,"href":"http:\/\/www.korhanyilmaz.com\/index.php?rest_route=\/wp\/v2\/users\/1"}],"replies":[{"embeddable":true,"href":"http:\/\/www.korhanyilmaz.com\/index.php?rest_route=%2Fwp%2Fv2%2Fcomments&post=46825"}],"version-history":[{"count":0,"href":"http:\/\/www.korhanyilmaz.com\/index.php?rest_route=\/wp\/v2\/posts\/46825\/revisions"}],"wp:attachment":[{"href":"http:\/\/www.korhanyilmaz.com\/index.php?rest_route=%2Fwp%2Fv2%2Fmedia&parent=46825"}],"wp:term":[{"taxonomy":"category","embeddable":true,"href":"http:\/\/www.korhanyilmaz.com\/index.php?rest_route=%2Fwp%2Fv2%2Fcategories&post=46825"},{"taxonomy":"post_tag","embeddable":true,"href":"http:\/\/www.korhanyilmaz.com\/index.php?rest_route=%2Fwp%2Fv2%2Ftags&post=46825"}],"curies":[{"name":"wp","href":"https:\/\/api.w.org\/{rel}","templated":true}]}}