{"id":46822,"date":"2012-01-19T11:22:01","date_gmt":"2012-01-19T09:22:01","guid":{"rendered":"http:\/\/www.korhanyilmaz.com\/?p=46822"},"modified":"2012-01-19T13:36:41","modified_gmt":"2012-01-19T11:36:41","slug":"arinctan-hakime-tepki","status":"publish","type":"post","link":"http:\/\/www.korhanyilmaz.com\/?p=46822","title":{"rendered":"Ar\u0131n\u00e7&#8217;tan hakime tepki"},"content":{"rendered":"<p style=\"text-align: center;\"><a href=\"http:\/\/www.korhanyilmaz.com\/wp-content\/uploads\/2012\/01\/9274.jpg\"  class=\"lightview\"><img loading=\"lazy\" decoding=\"async\" class=\"aligncenter  wp-image-46823\" src=\"http:\/\/www.korhanyilmaz.com\/wp-content\/uploads\/2012\/01\/9274.jpg\" alt=\"\" width=\"355\" height=\"216\" \/><\/a><\/p>\n<p style=\"text-align: justify;\">Ba\u015fbakan Yard\u0131mc\u0131s\u0131 Ar\u0131n\u00e7, Dink davas\u0131nda &#8216;\u00d6rg\u00fct yok&#8217; karar\u0131 veren mahkemenin ba\u015fkan\u0131 R\u00fcstem Ery\u0131lmaz&#8217;\u0131n a\u00e7\u0131klamalar\u0131na tepki g\u00f6sterdi.<\/p>\n<p style=\"text-align: justify;\">Ba\u015fbakan Yard\u0131mc\u0131s\u0131 B\u00fclent Ar\u0131n\u00e7, Hrant Dink davas\u0131nda &#8216;Suikast \u00f6rg\u00fctl\u00fc de\u011fildi&#8217; karar\u0131n\u0131 veren mahkemenin ba\u015fkan\u0131 R\u00fcstem Ery\u0131lmaz&#8217;\u0131n \u201cVicdanen ben de tatmin olmad\u0131m\u201d s\u00f6zlerinin bir hakime yak\u0131\u015fmad\u0131\u011f\u0131n\u0131 s\u00f6yledi.\u00a0<!--more--><\/p>\n<p style=\"text-align: justify;\">Bu s\u00f6zlere inanman\u0131n g\u00fc\u00e7 oldu\u011funu dile getiren Ar\u0131n\u00e7, &#8220;Bir mahkeme ba\u015fkan\u0131 taraf\u0131ndan kullan\u0131lacak s\u00f6z de\u011fildir. Hakimler delil durumu ve vicdanlar\u0131na g\u00f6re karar verirler. Ben vicdanen tatmin olmad\u0131\u011f\u0131m\u0131 s\u00f6ylemi\u015ftim. Bu olayla ilgili dava a\u00e7\u0131ld\u0131, h\u00fck\u00fcmetin g\u00f6revi yarg\u0131yla, kollu g\u00fc\u00e7leriyle i\u015fbirli\u011fi yaparak zanl\u0131lar\u0131 yarg\u0131ya \u00e7\u0131karmakt\u0131r&#8221; diye konu\u015ftu.<\/p>\n<p style=\"text-align: justify;\">Davan\u0131n temyiz a\u015famas\u0131nda devame edece\u011fini vurgulayan Ba\u015fbakan Yard\u0131mc\u0131s\u0131, ki\u015fisel duygu ve d\u00fc\u015f\u00fcnceleri bir kenara b\u0131rak\u0131p, son karar\u0131 beklemek gerekti\u011fini kaydetti. Sadece bir ki\u015finin sorumlu g\u00f6r\u00fclmesinin ve 18-20 ki\u015finin serbest kalmas\u0131n\u0131n vicdanlar\u0131 yaralad\u0131\u011f\u0131n\u0131 tekrar eden Ar\u0131n\u00e7, &#8220;San\u0131klardan biri hakk\u0131nda h\u00fck\u00fcm yok, hakime bu sorulmal\u0131d\u0131r&#8221; dedi.<\/p>\n<p style=\"text-align: justify;\"><strong>&#8216;KARA \u00d6RT\u00dc \u00d6RT\u00dcLEMED\u0130&#8217;<\/strong><\/p>\n<p style=\"text-align: justify;\">Ar\u0131n\u00e7 s\u00f6zlerine \u015f\u00f6yle devam etti: &#8220;Hrant Dink \u00f6ld\u00fcr\u00fclmesi konusunda kara \u00f6rt\u00fc \u00f6rt\u00fclmemi\u015ftir. Failleri yakalan\u0131p yarg\u0131 \u00f6n\u00fcne \u00e7\u0131kar\u0131lm\u0131\u015ft\u0131r. Ge\u00e7mi\u015fte olaylar\u0131n \u00fcst\u00fc kapal\u0131 kal\u0131rd\u0131. Bizim i\u015fimiz yarg\u0131 \u00f6n\u00fcne g\u00f6t\u00fcrmekte s\u0131n\u0131rl\u0131d\u0131r. Ceza konusuna mahkeme karar verir. Bu cinayet feci ve i\u011fren\u00e7 bir olayd\u0131r. Onu azmettirenlerin varl\u0131\u011f\u0131n\u0131 kabul etmek, hepsini birden yarg\u0131lamak gerekirdi. Cinayetin ard\u0131ndan gitti\u011fim Hrant Dink\u2019in evinin bir Anadolu evinden farks\u0131z oldu\u011funu g\u00f6rd\u00fcm. O evde Anadolu\u2019yu koklad\u0131m. E\u015fi Rakel Dink\u2019in hepimizin y\u00fcreklerini da\u011flayan bir konu\u015fmas\u0131 oldu.&#8221;<\/p>\n<p style=\"text-align: justify;\"><a href=\"http:\/\/www.gazeteport.com.tr\/haber\/74455\/arinctan_hakime_tepki\" target=\"_blank\">Kaynak : GAZETEPORT<\/a><\/p>\n","protected":false},"excerpt":{"rendered":"<p style=\"text-align: center;\">\n<p style=\"text-align: justify;\">Ba\u015fbakan Yard\u0131mc\u0131s\u0131 Ar\u0131n\u00e7, Dink davas\u0131nda &#8216;\u00d6rg\u00fct yok&#8217; karar\u0131 veren mahkemenin ba\u015fkan\u0131 R\u00fcstem Ery\u0131lmaz&#8217;\u0131n a\u00e7\u0131klamalar\u0131na tepki g\u00f6sterdi.<\/p>\n<p style=\"text-align: justify;\">Ba\u015fbakan Yard\u0131mc\u0131s\u0131 B\u00fclent Ar\u0131n\u00e7, Hrant Dink davas\u0131nda &#8216;Suikast \u00f6rg\u00fctl\u00fc de\u011fildi&#8217; karar\u0131n\u0131 veren mahkemenin ba\u015fkan\u0131 R\u00fcstem Ery\u0131lmaz&#8217;\u0131n \u201cVicdanen ben de tatmin olmad\u0131m\u201d s\u00f6zlerinin bir hakime yak\u0131\u015fmad\u0131\u011f\u0131n\u0131 s\u00f6yledi. <\/p>\n","protected":false},"author":1,"featured_media":0,"comment_status":"open","ping_status":"open","sticky":false,"template":"","format":"standard","meta":{"footnotes":""},"categories":[105],"tags":[],"class_list":["post-46822","post","type-post","status-publish","format-standard","hentry","category-gundem","odd"],"_links":{"self":[{"href":"http:\/\/www.korhanyilmaz.com\/index.php?rest_route=\/wp\/v2\/posts\/46822","targetHints":{"allow":["GET"]}}],"collection":[{"href":"http:\/\/www.korhanyilmaz.com\/index.php?rest_route=\/wp\/v2\/posts"}],"about":[{"href":"http:\/\/www.korhanyilmaz.com\/index.php?rest_route=\/wp\/v2\/types\/post"}],"author":[{"embeddable":true,"href":"http:\/\/www.korhanyilmaz.com\/index.php?rest_route=\/wp\/v2\/users\/1"}],"replies":[{"embeddable":true,"href":"http:\/\/www.korhanyilmaz.com\/index.php?rest_route=%2Fwp%2Fv2%2Fcomments&post=46822"}],"version-history":[{"count":0,"href":"http:\/\/www.korhanyilmaz.com\/index.php?rest_route=\/wp\/v2\/posts\/46822\/revisions"}],"wp:attachment":[{"href":"http:\/\/www.korhanyilmaz.com\/index.php?rest_route=%2Fwp%2Fv2%2Fmedia&parent=46822"}],"wp:term":[{"taxonomy":"category","embeddable":true,"href":"http:\/\/www.korhanyilmaz.com\/index.php?rest_route=%2Fwp%2Fv2%2Fcategories&post=46822"},{"taxonomy":"post_tag","embeddable":true,"href":"http:\/\/www.korhanyilmaz.com\/index.php?rest_route=%2Fwp%2Fv2%2Ftags&post=46822"}],"curies":[{"name":"wp","href":"https:\/\/api.w.org\/{rel}","templated":true}]}}