{"id":46818,"date":"2012-01-18T16:18:53","date_gmt":"2012-01-18T14:18:53","guid":{"rendered":"http:\/\/www.korhanyilmaz.com\/?p=46818"},"modified":"2012-01-19T04:46:33","modified_gmt":"2012-01-19T02:46:33","slug":"12-eylulun-ilk-durusmasi-nisanda","status":"publish","type":"post","link":"http:\/\/www.korhanyilmaz.com\/?p=46818","title":{"rendered":"12 Eyl\u00fcl&#8217;\u00fcn ilk duru\u015fmas\u0131 Nisan&#8217;da"},"content":{"rendered":"<p style=\"text-align: center;\"><a href=\"http:\/\/www.korhanyilmaz.com\/wp-content\/uploads\/2012\/01\/9273.jpg\"  class=\"lightview\"><img loading=\"lazy\" decoding=\"async\" class=\"aligncenter  wp-image-46819\" src=\"http:\/\/www.korhanyilmaz.com\/wp-content\/uploads\/2012\/01\/9273.jpg\" alt=\"\" width=\"396\" height=\"180\" \/><\/a><\/p>\n<p style=\"text-align: justify;\">Kenan Evren ve Tahsin \u015eahinkaya hakk\u0131ndaki davan\u0131n ilk duru\u015fmas\u0131 4 Nisan&#8217;da g\u00f6r\u00fclecek. Evren ve \u015eahinkaya&#8217;ya yurt d\u0131\u015f\u0131na \u00e7\u0131k\u0131\u015f yasa\u011f\u0131 getirildi.<\/p>\n<p style=\"text-align: justify;\">ANKARA- 12 Eyl\u00fcl askeri darbesiyle ilgili, d\u00f6nemin Genelkurmay Ba\u015fkan\u0131 ve 7. Cumhurba\u015fkan\u0131 Kenan Evren ile d\u00f6nemin Hava Kuvvetleri Komutan\u0131 Emekli Orgeneral Tahsin \u015eahinkaya hakk\u0131nda a\u00e7\u0131lan davan\u0131n g\u00f6r\u00fclmesine 4 Nisan 2012&#8217;de ba\u015flanacak.\u00a0<!--more--><\/p>\n<p style=\"text-align: justify;\">\u0130ddianame ve ekleri \u00fczerindeki incelemesini tamamlayan \u00f6zel yetkili Ankara 12. A\u011f\u0131r Ceza Mahkemesi, tensip zapt\u0131n\u0131 d\u00fczenledi ve duru\u015fma g\u00fcn\u00fcn\u00fc belirledi.<\/p>\n<p style=\"text-align: justify;\">Evren ve \u015eahinkaya&#8217;n\u0131n &#8221;T\u00fcrkiye Cumhuriyeti Anayasas\u0131n\u0131n Tamam\u0131n\u0131 veya Bir K\u0131sm\u0131n\u0131 De\u011fi\u015ftirmeye veya Ortadan Kald\u0131rmaya ve Anayasa \u0130le Te\u015fekk\u00fcl Etmi\u015f Olan T\u00fcrkiye B\u00fcy\u00fck Millet Meclisini Ortadan Kald\u0131rmaya veya G\u00f6revini Yapmas\u0131na Engel Olmaya Cebren Te\u015febb\u00fcs Etmek&#8221; su\u00e7lamas\u0131ndan &#8221;a\u011f\u0131rla\u015ft\u0131r\u0131lm\u0131\u015f m\u00fcebbet hapis cezas\u0131&#8221; istemiyle yarg\u0131lanacaklar\u0131 davan\u0131n ilk duru\u015fmas\u0131, 4 Nisan 2012&#8217;de saat 09.30&#8217;da ba\u015flayacak.<\/p>\n<p style=\"text-align: justify;\">Duru\u015fmaya, gerekli g\u00f6r\u00fcld\u00fc\u011f\u00fc takdirde 5 ve 6 Nisan 2012&#8217;de de devam edilecek.<\/p>\n<p style=\"text-align: justify;\"><strong>YURT DI\u015eINA \u00c7IKI\u015e YASA\u011eI<\/strong><\/p>\n<p style=\"text-align: justify;\">Ankara 12. A\u011f\u0131r Ceza Mahkemesi, d\u00f6nemin Genelkurmay Ba\u015fkan\u0131 ve 7. Cumhurba\u015fkan\u0131 Ahmet Kenan Evren ile d\u00f6nemin Hava Kuvvetleri Komutan\u0131 emekli Orgeneral Ali Tahsin \u015eahinkaya hakk\u0131nda yurt d\u0131\u015f\u0131na \u00e7\u0131k\u0131\u015f yasa\u011f\u0131 getirdi.<\/p>\n<p style=\"text-align: justify;\">\u00d6zel yetkili Ankara 12. A\u011f\u0131r Ceza Mahkemesince haz\u0131rlanan tensip zapt\u0131nda, &#8221;san\u0131klar Evren ve \u015eahinkaya&#8217;ya at\u0131l\u0131 su\u00e7un yasada \u00f6ng\u00f6r\u00fclen ceza miktar\u0131 dikkate al\u0131nd\u0131\u011f\u0131nda, savunmalar\u0131n\u0131n mahkemede al\u0131nmas\u0131 gerekti\u011fi&#8221; belirtildi.<\/p>\n<p style=\"text-align: justify;\">Zab\u0131tta, Evren ve \u015eahinkaya&#8217;ya, iddianamenin, duru\u015fma g\u00fcn ve saatini bildiren \u00e7a\u011fr\u0131 ka\u011f\u0131d\u0131 ile birlikte tebli\u011f edilmesi, CMK&#8217;n\u0131n 176\/2. maddesi uyar\u0131nca mazeretsiz olarak duru\u015fmaya gelmedi\u011fi takdirde &#8221;zorla getirilece\u011fine&#8221; ili\u015fkin \u015ferhin \u00e7a\u011fr\u0131 ka\u011f\u0131d\u0131na yaz\u0131lmas\u0131na karar verildi\u011fi yer ald\u0131. Mahkeme, Evren ve \u015eahinkaya&#8217;n\u0131n \u00fczerlerine at\u0131l\u0131 su\u00e7un vas\u0131f ve mahiyeti, ya\u015f ve sa\u011fl\u0131k durumlar\u0131 ile &#8221;\u00f6l\u00e7\u00fcl\u00fcl\u00fck ve orant\u0131l\u0131l\u0131k ilkeleri&#8221; birlikte de\u011ferlendirilerek, CMK&#8217;n\u0131n 109\/3 (a) maddesi uyar\u0131nca yurt d\u0131\u015f\u0131na \u00e7\u0131kmamalar\u0131 i\u00e7in adli kontrol alt\u0131na al\u0131nmalar\u0131n\u0131 ve bu hususta cumhuriyet savc\u0131l\u0131\u011f\u0131na m\u00fczekkere yaz\u0131lmas\u0131n\u0131 kararla\u015ft\u0131rd\u0131.<\/p>\n<p style=\"text-align: justify;\">\u0130ddianamenin kabul\u00fc ile tensibin haz\u0131rlanmas\u0131 a\u015famas\u0131nda davaya m\u00fcdahale ama\u00e7l\u0131 olarak dilek\u00e7eler verildi\u011fi an\u0131msat\u0131lan tensip zapt\u0131nda, bu konudaki karar\u0131n duru\u015fmada verilmesinin kararla\u015ft\u0131r\u0131ld\u0131\u011f\u0131 da iddianamede yer ald\u0131.<\/p>\n<p style=\"text-align: justify;\"><strong>MAHKEME DARBE PLANLARINI \u0130STEYECEK<\/strong><\/p>\n<p style=\"text-align: justify;\">Ankara 12. A\u011f\u0131r Ceza Mahkemesi, 12 Eyl\u00fcl Askeri Darbesine ili\u015fkin dava kapsam\u0131nda, Genelkurmay Ba\u015fkanl\u0131\u011f\u0131ndan Aral\u0131k 1979&#8217;da TSK taraf\u0131ndan Cumhurba\u015fkan\u0131 Fahri Korut\u00fcrk&#8217;e teslim edilen uyar\u0131 mektubunun, Genelkurmay Ba\u015fkan\u0131 ve Kuvvet Komutanlar\u0131 aras\u0131nda yap\u0131ld\u0131\u011f\u0131 iddia edilen toplant\u0131lara ili\u015fkin tutanaklar\u0131n, darbe \u00f6ncesinde haz\u0131rland\u0131\u011f\u0131 iddia edilen &#8221;Bayrak Harekat Direktifi&#8221;nin ve darbenin yap\u0131ld\u0131\u011f\u0131 g\u00fcnle ilgili haz\u0131rlanan planlar\u0131n onayl\u0131 suretlerini isteyecek.<\/p>\n<p style=\"text-align: justify;\">Ankara 12. A\u011f\u0131r Ceza Mahkemesinin, d\u00f6nemin Genelkurmay Ba\u015fkan\u0131 ve 7. Cumhurba\u015fkan\u0131 Kenan Evren ile d\u00f6nemin Hava Kuvvetleri Komutan\u0131 emekli Orgeneral Tahsin \u015eahinkaya hakk\u0131nda a\u00e7\u0131lan davaya ili\u015fkin tensip zapt\u0131 tamamland\u0131. \u00d6zel yetkili mahkeme, Milli Savunma Bakanl\u0131\u011f\u0131na m\u00fczekkere yazarak, 1978-1980 aras\u0131nda g\u00f6rev yapan genelkurmay ba\u015fkan\u0131, kuvvet komutanlar\u0131, jandarma genel komutan\u0131, genelkurmay 2. ba\u015fkanlar\u0131n\u0131n isimlerini ve g\u00f6rev tarihlerini bildirmelerini isteyecek.<\/p>\n<p style=\"text-align: justify;\">Mahkeme, Genelkurmay Ba\u015fkanl\u0131\u011f\u0131na m\u00fczekkere yazarak, &#8221;darbe \u00f6ncesi&#8221;, Aral\u0131k 1979&#8217;da TSK taraf\u0131ndan Cumhurba\u015fkan\u0131 Fahri Korut\u00fcrk&#8217;e teslim edilen uyar\u0131 mektubunun, genelkurmay ba\u015fkan\u0131 ve kuvvet komutanlar\u0131 aras\u0131nda yap\u0131ld\u0131\u011f\u0131 iddia edilen toplant\u0131lara ili\u015fkin tutanaklar\u0131n; darbe \u00f6ncesinde haz\u0131rland\u0131\u011f\u0131 iddia edilen &#8221;Bayrak Harekat Direktifi&#8221;nin ve darbenin yap\u0131ld\u0131\u011f\u0131 g\u00fcnle ilgili haz\u0131rlanan planlar\u0131n onayl\u0131 suretlerini isteyecek.<\/p>\n<p style=\"text-align: justify;\"><strong>M\u0130T&#8217;E DARBE \u00d6NCES\u0130 D\u00d6NEM SORULACAK<\/strong><\/p>\n<p style=\"text-align: justify;\">Mahkeme, M\u0130T M\u00fcste\u015farl\u0131\u011f\u0131ndan darbeyle ilgili olarak, \u00f6zellikle darbe \u00f6ncesi d\u00f6neme ait kurum i\u00e7erisinde bulunan bilgi ve belgelerle bu konudaki raporlar\u0131n g\u00f6nderilmesini isteyecek.<\/p>\n<p style=\"text-align: justify;\">Mahkeme ayr\u0131ca, &#8221;iddianame i\u00e7eri\u011fine g\u00f6re hakk\u0131nda su\u00e7 duyurusunda bulunulmas\u0131 d\u00fc\u015f\u00fcn\u00fclen, ancak vefat\u0131yla ilgili bas\u0131nda bilgiler bulunan Haydar Salt\u0131k&#8217;\u0131n n\u00fcfus bilgilerinin temini a\u00e7\u0131s\u0131ndan Milli Savunma Bakanl\u0131\u011f\u0131na m\u00fczekkere yaz\u0131lmas\u0131na, m\u00fczekkere cevab\u0131 geldi\u011finde, UYAP \u00fczerinden n\u00fcfus kayd\u0131n\u0131n \u00e7\u0131kar\u0131larak, dosya i\u00e7erisine konulmas\u0131na&#8221; da karar verdi.<\/p>\n<p style=\"text-align: justify;\">Tensip zapt\u0131na g\u00f6re, Ankara 12. A\u011f\u0131r Ceza Mahkemesinin yapaca\u011f\u0131 di\u011fer i\u015flemler \u015funlar:<\/p>\n<p style=\"text-align: justify;\">-Milli G\u00fcvenlik Kurulu Genel Sekreterli\u011finden, darbe sonras\u0131nda, Milli G\u00fcvenlik Konseyi taraf\u0131ndan al\u0131nan kararlar ile a\u00e7\u0131klanan bildirilerin onayl\u0131 suretleri istenecek.<\/p>\n<p style=\"text-align: justify;\">-M\u0130T M\u00fcste\u015farl\u0131\u011f\u0131, Emniyet Genel M\u00fcd\u00fcrl\u00fc\u011f\u00fc \u0130stihbarat Daire Ba\u015fkanl\u0131\u011f\u0131, Jandarma Genel Komutanl\u0131\u011f\u0131 ve Milli Savunma Bakanl\u0131\u011f\u0131ndan 1 May\u0131s 1977, 1978 Sivas olaylar\u0131, 1978 Kahramanmara\u015f olaylar\u0131, 1980 \u00c7orum olaylar\u0131yla ilgili kurum i\u00e7erisinde bulunan bilgi ve belgelerin ve d\u00fczenlenmi\u015f ise raporlar\u0131n onayl\u0131 suretleri talep edilecek.<\/p>\n<p style=\"text-align: justify;\">-Milli Savunma Bakanl\u0131\u011f\u0131ndan 8 Temmuz 1980&#8217;de yap\u0131ld\u0131\u011f\u0131 belirtilen Fatsa operasyonuyla ilgili bilgi ve belgelerin ilgili komutanl\u0131ktan teminiyle g\u00f6nderilmesi istenecek.<\/p>\n<p style=\"text-align: justify;\">-12 Eyl\u00fcl 1980 darbesi sonras\u0131nda herhangi bir yarg\u0131 karar\u0131 olmaks\u0131z\u0131n meslekten \u00e7\u0131kar\u0131lan hakim ve savc\u0131, \u00f6\u011fretim \u00fcyesi ve \u00f6\u011fretim g\u00f6revlisi, idareci veya \u00f6\u011fretmen, subay veya astsubay bulunup bulunmad\u0131\u011f\u0131, bulunuyorsa say\u0131s\u0131 Hakimler ve Savc\u0131lar Y\u00fcksek Kurulu (HSYK) Genel Sekreterli\u011fi, Y\u00fcksek\u00f6\u011fretim Kurulu (Y\u00d6K) Ba\u015fkanl\u0131\u011f\u0131, Milli E\u011fitim Bakanl\u0131\u011f\u0131 ve Milli Savunma Bakanl\u0131\u011f\u0131ndan sorulacak.<\/p>\n<p style=\"text-align: justify;\"><strong>\u0130\u015eKENCE \u0130DD\u0130ALARINA \u0130L\u0130\u015eK\u0130N BELGELER \u0130STENECEK\u00a0<\/strong><\/p>\n<p style=\"text-align: justify;\">-M\u0130T M\u00fcste\u015farl\u0131\u011f\u0131ndan, Adalet Bakanl\u0131\u011f\u0131 Ceza ve Tevkifevleri Genel M\u00fcd\u00fcrl\u00fc\u011f\u00fc ve Jandarma Genel Komutanl\u0131\u011f\u0131ndan, darbe sonras\u0131nda cezaevlerinde yap\u0131ld\u0131\u011f\u0131 iddia edilen i\u015fkencelerle ilgili bilgi ve belgelerin, d\u00fczenlenmi\u015f ise raporlar\u0131n ve \u00f6zellikle g\u00f6r\u00fcnt\u00fc kay\u0131tlar\u0131n\u0131n onayl\u0131 birer suretlerinin g\u00f6nderilmesi istenecek.<\/p>\n<p style=\"text-align: justify;\">-Kara Kuvvetleri Komutanl\u0131\u011f\u0131ndan, darbe sonras\u0131nda cezaevlerinde yap\u0131ld\u0131\u011f\u0131 iddia edilen i\u015fkencelerle ilgili bilgi ve belgelerin, d\u00fczenlenmi\u015f ise raporlar\u0131n ve \u00f6zellikle g\u00f6r\u00fcnt\u00fc kay\u0131tlar\u0131n\u0131n onayl\u0131 birer suretlerinin g\u00f6nderilmesi talep edilecek. \u00d6zellikle Mamak Askeri Cezaevinde yap\u0131ld\u0131\u011f\u0131 iddia edilen i\u015fkencelerle ilgili, i\u015fkence g\u00f6renlerin durumunun tespiti i\u00e7in d\u00fczenlenen sa\u011fl\u0131k fi\u015flerinin Kara Kuvvetleri Komutanl\u0131\u011f\u0131n\u0131n ar\u015fivinde bulundu\u011fu iddia edildi\u011finden, bu konudaki bilgi ve belgelerin iletilmesi istenecek.<\/p>\n<p style=\"text-align: justify;\">-Mehmet Ali Birand taraf\u0131ndan haz\u0131rlanan 12 Eyl\u00fcl Belgeseli adl\u0131 program\u0131n kopyalar\u0131n\u0131n bulundu\u011fu CD&#8217;ler Emanet Memurlu\u011funa g\u00f6nderilerek, emanete al\u0131nacak.<\/p>\n<p style=\"text-align: justify;\">-San\u0131klar Evren ve \u015eahinkaya&#8217;n\u0131n savc\u0131l\u0131k ifadelerinin kay\u0131tl\u0131 oldu\u011fu CD ve video kasetleri, Emanet Memurlu\u011funa g\u00f6nderilerek, emanete al\u0131nacak.<\/p>\n<p style=\"text-align: justify;\"><a href=\"http:\/\/www.gazeteport.com.tr\/haber\/74321\/12_eylulun_ilk_durusmasi_nisanda\" target=\"_blank\">Kaynak : GAZETEPORT<\/a><\/p>\n","protected":false},"excerpt":{"rendered":"<p style=\"text-align: center;\">\n<p style=\"text-align: justify;\">Kenan Evren ve Tahsin \u015eahinkaya hakk\u0131ndaki davan\u0131n ilk duru\u015fmas\u0131 4 Nisan&#8217;da g\u00f6r\u00fclecek. Evren ve \u015eahinkaya&#8217;ya yurt d\u0131\u015f\u0131na \u00e7\u0131k\u0131\u015f yasa\u011f\u0131 getirildi.<\/p>\n<p style=\"text-align: justify;\">ANKARA- 12 Eyl\u00fcl askeri darbesiyle ilgili, d\u00f6nemin Genelkurmay Ba\u015fkan\u0131 ve 7. Cumhurba\u015fkan\u0131 Kenan Evren ile d\u00f6nemin Hava Kuvvetleri Komutan\u0131 Emekli Orgeneral Tahsin \u015eahinkaya hakk\u0131nda a\u00e7\u0131lan davan\u0131n g\u00f6r\u00fclmesine 4 <\/p>\n","protected":false},"author":1,"featured_media":0,"comment_status":"open","ping_status":"open","sticky":false,"template":"","format":"standard","meta":{"footnotes":""},"categories":[105],"tags":[],"class_list":["post-46818","post","type-post","status-publish","format-standard","hentry","category-gundem","odd"],"_links":{"self":[{"href":"http:\/\/www.korhanyilmaz.com\/index.php?rest_route=\/wp\/v2\/posts\/46818","targetHints":{"allow":["GET"]}}],"collection":[{"href":"http:\/\/www.korhanyilmaz.com\/index.php?rest_route=\/wp\/v2\/posts"}],"about":[{"href":"http:\/\/www.korhanyilmaz.com\/index.php?rest_route=\/wp\/v2\/types\/post"}],"author":[{"embeddable":true,"href":"http:\/\/www.korhanyilmaz.com\/index.php?rest_route=\/wp\/v2\/users\/1"}],"replies":[{"embeddable":true,"href":"http:\/\/www.korhanyilmaz.com\/index.php?rest_route=%2Fwp%2Fv2%2Fcomments&post=46818"}],"version-history":[{"count":0,"href":"http:\/\/www.korhanyilmaz.com\/index.php?rest_route=\/wp\/v2\/posts\/46818\/revisions"}],"wp:attachment":[{"href":"http:\/\/www.korhanyilmaz.com\/index.php?rest_route=%2Fwp%2Fv2%2Fmedia&parent=46818"}],"wp:term":[{"taxonomy":"category","embeddable":true,"href":"http:\/\/www.korhanyilmaz.com\/index.php?rest_route=%2Fwp%2Fv2%2Fcategories&post=46818"},{"taxonomy":"post_tag","embeddable":true,"href":"http:\/\/www.korhanyilmaz.com\/index.php?rest_route=%2Fwp%2Fv2%2Ftags&post=46818"}],"curies":[{"name":"wp","href":"https:\/\/api.w.org\/{rel}","templated":true}]}}