{"id":46814,"date":"2012-01-18T20:40:23","date_gmt":"2012-01-18T18:40:23","guid":{"rendered":"http:\/\/www.korhanyilmaz.com\/?p=46814"},"modified":"2012-01-19T04:41:03","modified_gmt":"2012-01-19T02:41:03","slug":"erdogandan-dink-kararina-ilk-tepki","status":"publish","type":"post","link":"http:\/\/www.korhanyilmaz.com\/?p=46814","title":{"rendered":"Erdo\u011fan&#8217;dan Dink karar\u0131na ilk tepki"},"content":{"rendered":"<p style=\"text-align: center;\"><a href=\"http:\/\/www.korhanyilmaz.com\/wp-content\/uploads\/2012\/01\/9272.jpg\"  class=\"lightview\"><img loading=\"lazy\" decoding=\"async\" class=\"aligncenter  wp-image-46815\" src=\"http:\/\/www.korhanyilmaz.com\/wp-content\/uploads\/2012\/01\/9272.jpg\" alt=\"\" width=\"396\" height=\"180\" \/><\/a><\/p>\n<p style=\"text-align: justify;\">Ba\u015fbakan Erdo\u011fan, Hrant Dink karar\u0131yla ilgili, &#8220;Temenni ederim, adalet yerini bulur. Biz y\u00fcr\u00fctme olarak ne istendiyse yerine getirdik&#8221; dedi.<\/p>\n<p style=\"text-align: justify;\">Ba\u015fbakan Recep Tayyip Erdo\u011fan, Dink davas\u0131n\u0131n sonucuyla ilgili olarak, karar\u0131n kamuoyunda vicdani bir rahats\u0131zl\u0131k yaratt\u0131\u011f\u0131n\u0131 belirtirken, Temyiz s\u00fcrecinin takip edilmesi gerekti\u011fini s\u00f6yledi. Cinayetten 32 saat sonra failini yakalad\u0131klar\u0131n\u0131 hat\u0131rlatan Erdo\u011fan, konuyla ilgili y\u00fcr\u00fctmeden istenen her\u015feyi yerine getirdiklerini s\u00f6yledi.\u00a0<!--more--><\/p>\n<p style=\"text-align: justify;\">Ba\u015fbakan Recep Tayyip Erdo\u011fan, Gazeteci Mehmet Ali Birand&#8217;\u0131n sorular\u0131n\u0131 yan\u0131tlad\u0131. Dink davas\u0131n\u0131n sonucunu de\u011ferlendiren Erdo\u011fan, karar\u0131n kamuoyunda vicdani rahats\u0131zl\u0131\u011fa neden oldu\u011funu belirtirken, &#8220;\u0130zledi\u011fim gerek televizyon yay\u0131nlar\u0131, gerek okudu\u011fum gazetelerde, kamuoyunda vicdani noktada bir rahats\u0131zl\u0131k s\u00f6z konusu. Fakat bu karar, nihai bir karar de\u011fil. \u015eimdi bunun tabi temyizi s\u00f6z konusu. Temyizden ne \u00e7\u0131kaca\u011f\u0131n\u0131 \u015fu anda kestirmek o da m\u00fcmk\u00fcn de\u011fil. Temyiz bu karar noktas\u0131nda \u00e7ok daha farkl\u0131 bir karar\u0131 verebilir. Bunu da \u015fu anda temyize gidecek bir s\u00fcre\u00e7 oldu\u011fu i\u00e7in, burada yorumlamam\u0131z do\u011fru de\u011fil. Ama ben her\u015fey burada bitmedi\u011fi i\u00e7in ben temyiz s\u00fcrecini izlemekte, takip etmekte fayda oldu\u011funa inan\u0131yorum. Temennim odurki, adalet bu noktada yerini bulur&#8221; diye konu\u015ftu.<\/p>\n<p style=\"text-align: justify;\"><strong>&#8220;FA\u0130LE BA\u015eKA B\u0130R CEZA VER\u0130LEMEZ&#8221;<\/strong><\/p>\n<p style=\"text-align: justify;\">Olay\u0131n failini 32 saatte yakalad\u0131klar\u0131n\u0131 hat\u0131rlatan Ba\u015fbakan Erdo\u011fan, y\u00fcr\u00fctmenin konuyla ilgili kendilerinden istenen her\u015feyi yerine getirdi\u011fini s\u00f6yledi. Erdo\u011fan idam cezas\u0131n\u0131n olmamas\u0131 nedeniyle faile ba\u015fka bir cezan\u0131n verilemeyece\u011fini belirterek,<\/p>\n<p style=\"text-align: justify;\">&#8220;Burada tabi beklentiler \u00e7ok \u00e7ok farkl\u0131. O beklentilere k\u0131smet kat\u0131lmak m\u00fcmk\u00fcn oldu\u011fu gibi, Geneline kat\u0131lmam m\u00fcmk\u00fcn de\u011fil. \u00d6rne\u011fin 32 saatte bu i\u015fin failini yakalam\u0131\u015f bir h\u00fck\u00fcmetiz biz, ondan sonras\u0131 yarg\u0131ya ait bir s\u00fcre\u00e7tir. Yarg\u0131ya ait s\u00fcre\u00e7 uzam\u0131\u015ft\u0131r. Hemen hemen 5 y\u0131l oldu bu s\u00fcre\u00e7. Dolay\u0131s\u0131yla bu s\u00fcre\u00e7 i\u00e7erisinde yarg\u0131dan y\u00fcr\u00fctmeye ne intikal etmi\u015fse veya y\u00fcr\u00fctmeden ne istenmi\u015fse, y\u00fcr\u00fctme bunlar\u0131 yerine getirmi\u015ftir. Bundan sonra da b\u00f6yle bir\u015fey olacak olursa da, yine yerine getirmeye devam eder. Kamuoyu vicdan\u0131 bu noktada rahat de\u011fil ama faille ilgili verilmi\u015f ceza bundan ba\u015fkas\u0131 da olmaz. A\u011f\u0131rla\u015ft\u0131r\u0131lm\u0131\u015f m\u00fcebbet hapis, idam olmad\u0131\u011f\u0131na g\u00f6re bundan daha ba\u015fka bir ceza verilmez. Bu konuyla ilgili olarak devlet, yarg\u0131yla gerekli \u00e7al\u0131\u015fmalar\u0131n\u0131 yapt\u0131. Yarg\u0131 da devletin bir unsuru. Bununla ilgili biz y\u00fcr\u00fctme olarak bize ne dendiyse, bizden ne istendiyse bunlar yap\u0131ld\u0131. Yakalama s\u00fcrecinden tutunuz, ondan sonraki s\u00fcre\u00e7lere kadar yine istenen ne olmu\u015fsa bunlar yerine getirilmi\u015f. Onun i\u00e7in de di\u011ferlerinin biliyorsunuz yarg\u0131lanma s\u00fcreci devam etmi\u015ftir.&#8221;<\/p>\n<p style=\"text-align: justify;\"><a href=\"http:\/\/www.gazeteport.com.tr\/haber\/74358\/erdogandan_dink_kararina_ilk_tepki\" target=\"_blank\">Kaynak : GAZETEPORT<\/a><\/p>\n","protected":false},"excerpt":{"rendered":"<p style=\"text-align: center;\">\n<p style=\"text-align: justify;\">Ba\u015fbakan Erdo\u011fan, Hrant Dink karar\u0131yla ilgili, &#8220;Temenni ederim, adalet yerini bulur. Biz y\u00fcr\u00fctme olarak ne istendiyse yerine getirdik&#8221; dedi.<\/p>\n<p style=\"text-align: justify;\">Ba\u015fbakan Recep Tayyip Erdo\u011fan, Dink davas\u0131n\u0131n sonucuyla ilgili olarak, karar\u0131n kamuoyunda vicdani bir rahats\u0131zl\u0131k yaratt\u0131\u011f\u0131n\u0131 belirtirken, Temyiz s\u00fcrecinin takip edilmesi gerekti\u011fini s\u00f6yledi. Cinayetten 32 saat sonra failini yakalad\u0131klar\u0131n\u0131 hat\u0131rlatan <\/p>\n","protected":false},"author":1,"featured_media":0,"comment_status":"open","ping_status":"open","sticky":false,"template":"","format":"standard","meta":{"footnotes":""},"categories":[105],"tags":[],"class_list":["post-46814","post","type-post","status-publish","format-standard","hentry","category-gundem","odd"],"_links":{"self":[{"href":"http:\/\/www.korhanyilmaz.com\/index.php?rest_route=\/wp\/v2\/posts\/46814","targetHints":{"allow":["GET"]}}],"collection":[{"href":"http:\/\/www.korhanyilmaz.com\/index.php?rest_route=\/wp\/v2\/posts"}],"about":[{"href":"http:\/\/www.korhanyilmaz.com\/index.php?rest_route=\/wp\/v2\/types\/post"}],"author":[{"embeddable":true,"href":"http:\/\/www.korhanyilmaz.com\/index.php?rest_route=\/wp\/v2\/users\/1"}],"replies":[{"embeddable":true,"href":"http:\/\/www.korhanyilmaz.com\/index.php?rest_route=%2Fwp%2Fv2%2Fcomments&post=46814"}],"version-history":[{"count":0,"href":"http:\/\/www.korhanyilmaz.com\/index.php?rest_route=\/wp\/v2\/posts\/46814\/revisions"}],"wp:attachment":[{"href":"http:\/\/www.korhanyilmaz.com\/index.php?rest_route=%2Fwp%2Fv2%2Fmedia&parent=46814"}],"wp:term":[{"taxonomy":"category","embeddable":true,"href":"http:\/\/www.korhanyilmaz.com\/index.php?rest_route=%2Fwp%2Fv2%2Fcategories&post=46814"},{"taxonomy":"post_tag","embeddable":true,"href":"http:\/\/www.korhanyilmaz.com\/index.php?rest_route=%2Fwp%2Fv2%2Ftags&post=46814"}],"curies":[{"name":"wp","href":"https:\/\/api.w.org\/{rel}","templated":true}]}}