{"id":46809,"date":"2012-01-18T23:26:26","date_gmt":"2012-01-18T21:26:26","guid":{"rendered":"http:\/\/www.korhanyilmaz.com\/?p=46809"},"modified":"2012-01-19T04:31:18","modified_gmt":"2012-01-19T02:31:18","slug":"mehmet-altan-neden-kovuldu","status":"publish","type":"post","link":"http:\/\/www.korhanyilmaz.com\/?p=46809","title":{"rendered":"Mehmet Altan neden kovuldu?"},"content":{"rendered":"<p style=\"text-align: center;\"><a href=\"http:\/\/www.korhanyilmaz.com\/wp-content\/uploads\/2012\/01\/9271.jpg\"  class=\"lightview\"><img loading=\"lazy\" decoding=\"async\" class=\"aligncenter  wp-image-46810\" src=\"http:\/\/www.korhanyilmaz.com\/wp-content\/uploads\/2012\/01\/9271.jpg\" alt=\"\" width=\"288\" height=\"216\" \/><\/a><\/p>\n<p style=\"text-align: justify;\">Star gazetesi ile bug\u00fcn yollar\u0131 ayr\u0131lan gazeteci Mehmet Altan\u2019\u0131n, ANF\u2019de h\u00fck\u00fcmeti ele\u015ftiren m\u00fclakat\u0131ndan dolay\u0131 Star gazetesinden kovuldu\u011fu iddia edildi.Altan, 28 \u015eubat d\u00f6neminde bile i\u015fsiz kalmam\u0131\u015ft\u0131.<\/p>\n<p style=\"text-align: justify;\">Mehmet Altan\u2019\u0131n Star ile yollar\u0131n\u0131 ay\u0131rd\u0131\u011f\u0131 haberini ilk olarak Ay\u015fenur Aslan CNN T\u00fcrk\u2019te Medya Mahallesi program\u0131ndan son dakika olarak duyurdu. Mehmet Altan hen\u00fcz bu konuda bir a\u00e7\u0131klama yapmad\u0131. Ancak g\u00fcnler \u00f6ncesinde ANF\u2019de yer alan bir r\u00f6portaj\u0131nda bunun ipu\u00e7lar\u0131n\u0131 vermi\u015fti.\u00a0<!--more--><\/p>\n<p style=\"text-align: justify;\">\u0130ddiaya g\u00f6re Mehmet Altan\u2019\u0131n ANF\u2019ye verdi\u011fi m\u00fclakat yanda\u015f Star gazetesini fazlas\u0131yla rahats\u0131z etti. Gazete y\u00f6netiminin d\u00fcn Altan\u2019dan r\u00f6portajdaki s\u00f6zlerini d\u00fczeltmesini istedi ancak Altan buna yana\u015fmad\u0131. Bunu \u00fczerine gazete y\u00f6netimi Altan\u2019a, kendisiyle art\u0131k \u00e7al\u0131\u015fmayacaklar\u0131n\u0131 bildirdi.<\/p>\n<p style=\"text-align: justify;\">Bu ayr\u0131l\u0131\u011fa ili\u015fkin bir yorum Altan\u2019\u0131n <strong>Vatan yazar\u0131 ye\u011feni Sanem Altan<\/strong>\u2019dan geldi. <strong>Sanem Altan<\/strong>, <strong>twitter<\/strong>&#8216;da \u015funlar\u0131 yazd\u0131: \u201c<span style=\"text-decoration: underline;\">Mehmet Altan&#8217;dan ANF&#8217;ye verdi\u011fi demeci yalanlamas\u0131n\u0131 istemi\u015fler, yapmay\u0131nca da yaz\u0131s\u0131n\u0131 koymam\u0131\u015flar. Ba\u015fbakan\u0131n \u00e7evresi iyice \u00e7\u0131ld\u0131rd\u0131&#8230;<\/span>\u201d<\/p>\n<p style=\"text-align: justify;\">Altan, 16 Ocak g\u00fcn\u00fc ANF\u2019de yer alan m\u00fclakat\u0131nda T\u00fcrkiye\u2019de sadece askeri de\u011fil, siyasi vesayetin de oldu\u011funu s\u00f6yleyerek h\u00fck\u00fcmeti sert ele\u015ftirmi\u015fti. Altan, \u201cT\u00fcrkiye&#8217;deki vesayet sona erdi denilemez, \u00e7\u00fcnk\u00fc mevzuat oldu\u011fu gibi duruyor. T\u00fcrkiye\u2019de sadece askeri vesayet yok, siyasi vesayet de var\u201d demi\u015fti.<\/p>\n<p style=\"text-align: justify;\">\u201cStar gazetesinde yaz\u0131lar\u0131n\u0131z azald\u0131. Bunun nedeni ele\u015ftirileriniz mi?\u201d \u015feklindeki bir soruya Altan, bug\u00fcnk\u00fc duruma i\u015faret eden \u015fu cevab\u0131 vermi\u015fti: \u201cBana ilanlardan dolay\u0131 oldu\u011fu s\u00f6ylendi. Ama tabi ki nihayetinde fiili olarak azalt\u0131ld\u0131. Ben yaz\u0131lar\u0131 kendi inisiyatifimle indirmedim. Yaz\u0131lar\u0131m\u0131n 5\u2019e indirilece\u011fi s\u00f6ylendi.\u201d<\/p>\n<p style=\"text-align: justify;\">Altan\u2019\u0131n bug\u00fcn \u201cDenkta\u015fla\u015fmak\u2026\u201d ba\u015fl\u0131\u011f\u0131n\u0131 ta\u015f\u0131yan yaz\u0131s\u0131 ise Star taraf\u0131ndan yay\u0131nlanmad\u0131. Makalede Altan \u015fu ele\u015ftirileri yap\u0131yor: &#8220;Siyaseten Denkta\u015fla\u015fmak ne demek? Asl\u0131nda bunu KKTC&#8217;nin bug\u00fcnk\u00fc hali tan\u0131ml\u0131yor&#8230; Tek parti anlay\u0131\u015f\u0131yla kendi halk\u0131m\u0131za AB \u00dcyesi K\u0131br\u0131s Cumhuriyet&#8217;ini hala &#8220;G\u00fcney K\u0131br\u0131s Rum Kesimi&#8221; diye takdim etmeye devam ediyoruz&#8230; Halbuki yerk\u00fcrede KKTC&#8217;y\u0131 tan\u0131yan tek bir \u00fclke var, o da T\u00fcrkiye&#8230; KKTC&#8217;n\u0131n bu duruma d\u00fc\u015fmesinin ise tek bir nedeni var, \u00d6zel Harp destekli Denkta\u015fla\u015fma anlay\u0131\u015f\u0131.&#8221;\u00a0(anf)<\/p>\n<p style=\"text-align: justify;\"><a href=\"http:\/\/www.birgun.net\/actuels_index.php?news_code=1326892452&amp;year=2012&amp;month=01&amp;day=18\" target=\"_blank\">Kaynak : B\u0130RG\u00dcN<\/a><\/p>\n","protected":false},"excerpt":{"rendered":"<p style=\"text-align: center;\">\n<p style=\"text-align: justify;\">Star gazetesi ile bug\u00fcn yollar\u0131 ayr\u0131lan gazeteci Mehmet Altan\u2019\u0131n, ANF\u2019de h\u00fck\u00fcmeti ele\u015ftiren m\u00fclakat\u0131ndan dolay\u0131 Star gazetesinden kovuldu\u011fu iddia edildi.Altan, 28 \u015eubat d\u00f6neminde bile i\u015fsiz kalmam\u0131\u015ft\u0131.<\/p>\n<p style=\"text-align: justify;\">Mehmet Altan\u2019\u0131n Star ile yollar\u0131n\u0131 ay\u0131rd\u0131\u011f\u0131 haberini ilk olarak Ay\u015fenur Aslan CNN T\u00fcrk\u2019te Medya Mahallesi program\u0131ndan son dakika olarak duyurdu. Mehmet Altan hen\u00fcz <\/p>\n","protected":false},"author":1,"featured_media":0,"comment_status":"open","ping_status":"open","sticky":false,"template":"","format":"standard","meta":{"footnotes":""},"categories":[105],"tags":[],"class_list":["post-46809","post","type-post","status-publish","format-standard","hentry","category-gundem","odd"],"_links":{"self":[{"href":"http:\/\/www.korhanyilmaz.com\/index.php?rest_route=\/wp\/v2\/posts\/46809","targetHints":{"allow":["GET"]}}],"collection":[{"href":"http:\/\/www.korhanyilmaz.com\/index.php?rest_route=\/wp\/v2\/posts"}],"about":[{"href":"http:\/\/www.korhanyilmaz.com\/index.php?rest_route=\/wp\/v2\/types\/post"}],"author":[{"embeddable":true,"href":"http:\/\/www.korhanyilmaz.com\/index.php?rest_route=\/wp\/v2\/users\/1"}],"replies":[{"embeddable":true,"href":"http:\/\/www.korhanyilmaz.com\/index.php?rest_route=%2Fwp%2Fv2%2Fcomments&post=46809"}],"version-history":[{"count":0,"href":"http:\/\/www.korhanyilmaz.com\/index.php?rest_route=\/wp\/v2\/posts\/46809\/revisions"}],"wp:attachment":[{"href":"http:\/\/www.korhanyilmaz.com\/index.php?rest_route=%2Fwp%2Fv2%2Fmedia&parent=46809"}],"wp:term":[{"taxonomy":"category","embeddable":true,"href":"http:\/\/www.korhanyilmaz.com\/index.php?rest_route=%2Fwp%2Fv2%2Fcategories&post=46809"},{"taxonomy":"post_tag","embeddable":true,"href":"http:\/\/www.korhanyilmaz.com\/index.php?rest_route=%2Fwp%2Fv2%2Ftags&post=46809"}],"curies":[{"name":"wp","href":"https:\/\/api.w.org\/{rel}","templated":true}]}}