{"id":46800,"date":"2012-01-18T11:38:00","date_gmt":"2012-01-18T09:38:00","guid":{"rendered":"http:\/\/www.korhanyilmaz.com\/?p=46800"},"modified":"2012-01-19T01:54:14","modified_gmt":"2012-01-18T23:54:14","slug":"turkiye-ile-ilgili-oyle-bir-sey-dedi-ki","status":"publish","type":"post","link":"http:\/\/www.korhanyilmaz.com\/?p=46800","title":{"rendered":"T\u00fcrkiye ile ilgili \u00f6yle bir \u015fey dedi ki&#8230;"},"content":{"rendered":"<p style=\"text-align: center;\"><a href=\"http:\/\/www.korhanyilmaz.com\/wp-content\/uploads\/2012\/01\/92511.jpg\"  class=\"lightview\"><img loading=\"lazy\" decoding=\"async\" class=\"aligncenter  wp-image-46801\" src=\"http:\/\/www.korhanyilmaz.com\/wp-content\/uploads\/2012\/01\/92511.jpg\" alt=\"\" width=\"290\" height=\"217\" \/><\/a><\/p>\n<p style=\"text-align: justify;\"><strong>&#8216;Hay\u0131r asla&#8217; dedi, geri ad\u0131m atmad\u0131&#8230;\u00a0<\/strong><\/p>\n<p style=\"text-align: justify;\">ABD\u2019de bu y\u0131lki ba\u015fkanl\u0131k se\u00e7imleri i\u00e7in yar\u0131\u015fan Cumhuriyet\u00e7i aday adaylar\u0131ndan Teksas Valisi Rick Perry, T\u00fcrkiye\u2019ye y\u00f6nelik sarf etti\u011fi s\u00f6zlerinin arkas\u0131nda durdu.<\/p>\n<p style=\"text-align: justify;\">Perry, Cumhuriyet\u00e7ilerin ba\u015fkan adaylar\u0131na y\u00f6nelik FOX TV\u2019de d\u00fczenlenen a\u00e7\u0131k oturumda s\u00f6yledi\u011fi, ABD ve T\u00fcrkiye\u2019de infial yaratan T\u00fcrkiye hakk\u0131ndaki a\u011f\u0131r s\u00f6zleriyle ilgili olarak CNN televizyonunda gazeteci Wolf Blitzer\u2019\u0131n program\u0131na ba\u011fland\u0131.\u00a0<!--more--><\/p>\n<p style=\"text-align: justify;\">Blitzer\u2019\u0131n &#8220;S\u00f6zlerinizi tekrar g\u00f6zden ge\u00e7irmeyi d\u00fc\u015f\u00fcn\u00fcyor musunuz?&#8221; sorusu \u00fczerine Perry, &#8220;Hay\u0131r asla&#8221; dedi ve &#8220;2011 y\u0131l\u0131nda 140-160 t\u00f6re cinayetinin oldu\u011fu bir \u00fclkeyle Amerika\u2019n\u0131n ili\u015fki kurmamas\u0131 gerekti\u011fini&#8221; ileri s\u00fcrd\u00fc.<\/p>\n<p style=\"text-align: justify;\">Perry, &#8220;T\u00fcrkiye\u2019nin Mavi Marmara sald\u0131r\u0131s\u0131n\u0131 sava\u015f eylemi olarak niteledi\u011fini ve b\u00f6lgedeki ger\u00e7ek Amerikan m\u00fcttefiki olan \u0130srail\u2019e kar\u015f\u0131 giderek daha agresifle\u015fti\u011fini&#8221; \u00f6ne s\u00fcrerek, &#8220;Erdo\u011fan rejiminin bir \u015fekilde sayg\u0131m\u0131z\u0131 hak etti\u011fi fikri do\u011fru de\u011fil&#8221; ifadesini kulland\u0131.<\/p>\n<p style=\"text-align: justify;\">&#8220;T\u00fcrkiye\u2019nin, Atat\u00fcrk\u2019\u00fcn ortaya koydu\u011fu Bat\u0131l\u0131 duru\u015fundan uzakla\u015ft\u0131\u011f\u0131n\u0131&#8221; ileri s\u00fcren Perry, &#8220;ABD\u2019nin t\u00f6re cinayetlerine izin verilen bir \u00fclkeye d\u0131\u015f yard\u0131m g\u00f6ndermemesi gerekti\u011fini&#8221; savundu.<\/p>\n<p style=\"text-align: justify;\">Blitzer\u2019\u0131n, Amerika\u2019n\u0131n T\u00fcrkiye\u2019ye yard\u0131m yapmad\u0131\u011f\u0131, T\u00fcrkiye\u2019de t\u00f6re cinayetlerinin yasak oldu\u011fu ve T\u00fcrk h\u00fck\u00fcmetinin de b\u00f6yle bir \u015feyi desteklemedi\u011fi s\u00f6zlerini kabul etmeyen Perry, sinirlenip, CNN sunucusuna &#8220;T\u00f6re cinayetlerini mi savunuyorsun?&#8221; diye sordu.<\/p>\n<p style=\"text-align: justify;\">Blitzer\u2019in, Perry\u2019ye &#8220;T\u00fcrkiye\u2019nin liderlerinin \u0130slamc\u0131 ter\u00f6rist&#8221; oldu\u011fu y\u00f6n\u00fcndeki s\u00f6zlerinin arkas\u0131nda olup olmad\u0131\u011f\u0131na y\u00f6nelik sorusu \u00fczerine, Perry, t\u00f6re cinayetlerini kastederek, &#8220;Kendi vatanda\u015flar\u0131na bu \u015fekilde muamele ediyorlarsa bu terminolojiye yakla\u015f\u0131yorlar&#8221; dedi.<\/p>\n<p style=\"text-align: justify;\">&#8220;T\u00fcrkiye\u2019nin Amerika\u2019ya izahatta bulunmas\u0131 gerekti\u011fini&#8221; ileri s\u00fcren Perry, &#8220;s\u00f6zlerinden dolay\u0131 pi\u015fman olmad\u0131\u011f\u0131n\u0131 ve T\u00fcrkiye\u2019nin ABD\u2019nin sahip oldu\u011fu Bat\u0131l\u0131 de\u011ferleri yans\u0131tan bir \u00fclke olup olmad\u0131\u011f\u0131 konusunda karar vermesi gerekti\u011fini&#8221; \u00f6ne s\u00fcrd\u00fc.<\/p>\n<p style=\"text-align: justify;\"><strong>SKANDAL S\u00d6ZLERE TEPK\u0130 YA\u011eDI\u00a0<\/strong><\/p>\n<p style=\"text-align: justify;\">Temsilciler Meclisi\u2019ndeki Demokrat Parti Grubu Ba\u015fkan\u0131 Larson: Perry, stratejik ittifak ve dostluklar\u0131n sofistike do\u011fas\u0131 ve \u00f6nemine dair, tamamen kavray\u0131\u015f eksikli\u011fine sahip&#8221;<\/p>\n<p style=\"text-align: justify;\">Bunlar ne Amerikan halk\u0131n\u0131n ne de Amerikan h\u00fck\u00fcmetinin hislerini yans\u0131t\u0131yor<\/p>\n<p style=\"text-align: justify;\">Teksas milletvekili Lee: Se\u00e7im kampanyas\u0131 d\u00f6neminde adaylar\u0131n, ABD\u2019nin m\u00fcttefiklerinden biri hakk\u0131nda yanl\u0131\u015f tan\u0131mlamalar yapmadan \u00f6nce, ara\u015ft\u0131rma yapmalar\u0131 ve ellerinde ger\u00e7eklere dayanan bilgilerin olmas\u0131 gerekir&#8221;<\/p>\n<p style=\"text-align: justify;\">ATAA Ba\u015fkan\u0131 K\u0131rl\u0131koval\u0131: Bir insan Teksas\u2019\u0131n valisi olabilir ama hi\u00e7 mi okula gitmemi\u015f, hi\u00e7 mi tarih kitab\u0131 kar\u0131\u015ft\u0131rmam\u0131\u015f, \u015fa\u015ft\u0131k kald\u0131k.<\/p>\n<p style=\"text-align: justify;\">TAA Ba\u015fkan\u0131 Taban: Asl\u0131nda Perry ile ciddi temas\u0131m\u0131z var, kurumlar\u0131m\u0131z biliyor. B\u00f6yle bir talihsiz a\u00e7\u0131klama nedeniyle \u00fcz\u00fcld\u00fck, bizde hayal k\u0131r\u0131kl\u0131\u011f\u0131 yaratt\u0131.<\/p>\n<p style=\"text-align: justify;\">ATC Ba\u015fkan\u0131 Holmes: Perry\u2019nin a\u00e7\u0131klamas\u0131ndaki cahillik ger\u00e7ekten deh\u015fet verici.<\/p>\n<p style=\"text-align: justify;\"><a href=\"http:\/\/haber.gazetevatan.com\/turkiye-ile-ilgili-oyle-bir-sey-dedi-ki\/425129\/1\/Gundem\" target=\"_blank\">Kaynak : VATAN Gazetesi<\/a><\/p>\n","protected":false},"excerpt":{"rendered":"<p style=\"text-align: center;\">\n<p style=\"text-align: justify;\">&#8216;Hay\u0131r asla&#8217; dedi, geri ad\u0131m atmad\u0131&#8230; <\/p>\n<p style=\"text-align: justify;\">ABD\u2019de bu y\u0131lki ba\u015fkanl\u0131k se\u00e7imleri i\u00e7in yar\u0131\u015fan Cumhuriyet\u00e7i aday adaylar\u0131ndan Teksas Valisi Rick Perry, T\u00fcrkiye\u2019ye y\u00f6nelik sarf etti\u011fi s\u00f6zlerinin arkas\u0131nda durdu.<\/p>\n<p style=\"text-align: justify;\">Perry, Cumhuriyet\u00e7ilerin ba\u015fkan adaylar\u0131na y\u00f6nelik FOX TV\u2019de d\u00fczenlenen a\u00e7\u0131k oturumda s\u00f6yledi\u011fi, ABD ve T\u00fcrkiye\u2019de infial yaratan T\u00fcrkiye hakk\u0131ndaki <\/p>\n","protected":false},"author":1,"featured_media":0,"comment_status":"open","ping_status":"open","sticky":false,"template":"","format":"standard","meta":{"footnotes":""},"categories":[105],"tags":[],"class_list":["post-46800","post","type-post","status-publish","format-standard","hentry","category-gundem","odd"],"_links":{"self":[{"href":"http:\/\/www.korhanyilmaz.com\/index.php?rest_route=\/wp\/v2\/posts\/46800","targetHints":{"allow":["GET"]}}],"collection":[{"href":"http:\/\/www.korhanyilmaz.com\/index.php?rest_route=\/wp\/v2\/posts"}],"about":[{"href":"http:\/\/www.korhanyilmaz.com\/index.php?rest_route=\/wp\/v2\/types\/post"}],"author":[{"embeddable":true,"href":"http:\/\/www.korhanyilmaz.com\/index.php?rest_route=\/wp\/v2\/users\/1"}],"replies":[{"embeddable":true,"href":"http:\/\/www.korhanyilmaz.com\/index.php?rest_route=%2Fwp%2Fv2%2Fcomments&post=46800"}],"version-history":[{"count":0,"href":"http:\/\/www.korhanyilmaz.com\/index.php?rest_route=\/wp\/v2\/posts\/46800\/revisions"}],"wp:attachment":[{"href":"http:\/\/www.korhanyilmaz.com\/index.php?rest_route=%2Fwp%2Fv2%2Fmedia&parent=46800"}],"wp:term":[{"taxonomy":"category","embeddable":true,"href":"http:\/\/www.korhanyilmaz.com\/index.php?rest_route=%2Fwp%2Fv2%2Fcategories&post=46800"},{"taxonomy":"post_tag","embeddable":true,"href":"http:\/\/www.korhanyilmaz.com\/index.php?rest_route=%2Fwp%2Fv2%2Ftags&post=46800"}],"curies":[{"name":"wp","href":"https:\/\/api.w.org\/{rel}","templated":true}]}}