{"id":46796,"date":"2012-01-18T22:19:36","date_gmt":"2012-01-18T20:19:36","guid":{"rendered":"http:\/\/www.korhanyilmaz.com\/?p=46796"},"modified":"2012-01-19T00:30:55","modified_gmt":"2012-01-18T22:30:55","slug":"babanin-duvari-belediyeye-carpti","status":"publish","type":"post","link":"http:\/\/www.korhanyilmaz.com\/?p=46796","title":{"rendered":"Baban\u0131n duvar\u0131 belediyeye \u00e7arpt\u0131!"},"content":{"rendered":"<p style=\"text-align: center;\"><a href=\"http:\/\/www.korhanyilmaz.com\/wp-content\/uploads\/2012\/01\/9269.jpg\"  class=\"lightview\"><img loading=\"lazy\" decoding=\"async\" class=\"aligncenter  wp-image-46797\" src=\"http:\/\/www.korhanyilmaz.com\/wp-content\/uploads\/2012\/01\/9269.jpg\" alt=\"\" width=\"307\" height=\"236\" \/><\/a><\/p>\n<p style=\"text-align: justify;\">\u00c7ine Belediye Ba\u015fkan\u0131 Enver Salih Din\u00e7er, babas\u0131na ait d\u00fckkanda yap\u0131lan tadilat\u0131 ruhsats\u0131z oldu\u011fu gerek\u00e7esiyle engelledi. Din\u00e7er, babas\u0131 olsa bile yanl\u0131\u015fa g\u00f6z yummayaca\u011f\u0131n\u0131 ifade ederek, babas\u0131n\u0131n da yasalara uygun olarak hareket edece\u011fini s\u00f6yledi.<\/p>\n<p style=\"text-align: justify;\">Al\u0131nan bilgiye g\u00f6re, \u00c7ine&#8217;de beyaz e\u015fya ticareti yapan \u00dcnal Din\u00e7er (73), bayisi oldu\u011fu markan\u0131n \u0131srar\u0131 \u00fczerine, d\u00fckkan\u0131n\u0131 b\u00fcy\u00fctme karar\u0131 alarak, ayn\u0131 binada bulunan iki i\u015f yerini daha kiralad\u0131.\u00a0<!--more--><\/p>\n<p style=\"text-align: justify;\">Din\u00e7er, d\u00fckkanlar\u0131 birle\u015ftirmek i\u00e7in aradaki duvar\u0131 y\u0131k\u0131m i\u015flemini ba\u015flat\u0131rken, konudan haberdar olan o\u011flu \u00c7ine Belediye Ba\u015fkan\u0131 Enver Salih Din\u00e7er, tadilat ruhsat\u0131 al\u0131nmad\u0131\u011f\u0131 i\u00e7in y\u0131k\u0131m i\u015flemini \u00f6nce durdurttu, sonra da y\u0131k\u0131lan duvar\u0131 yeniden \u00f6rd\u00fcrd\u00fc.<\/p>\n<p style=\"text-align: justify;\">Baba \u00dcnal Din\u00e7er, gazetecilere yapt\u0131\u011f\u0131 a\u00e7\u0131klamada, toplumdaki &#8220;Siyaset\u00e7iler yak\u0131nlar\u0131na rant sa\u011flar&#8221; d\u00fc\u015f\u00fcncesinin kendilerinde tam tersi i\u015fledi\u011fini belirterek, belediye ba\u015fkan\u0131n\u0131n babas\u0131 oldu\u011fu i\u00e7in esnaf olarak b\u00fcy\u00fck zarar g\u00f6rd\u00fc\u011f\u00fcn\u00fc \u00f6ne s\u00fcrd\u00fc.<\/p>\n<p style=\"text-align: justify;\">\u00c7ine&#8217;de bug\u00fcne kadar belediyeden izin al\u0131nmadan birle\u015ftirilen bir\u00e7ok d\u00fckkan oldu\u011funu savunan Din\u00e7er, &#8220;Biz ayn\u0131 binada birle\u015ftirme yapt\u0131k. Yan yana ayr\u0131 binalarda bulunan d\u00fckkanlar\u0131 birle\u015ftirenler oldu. \u0130l\u00e7emizde bunun bir s\u00fcr\u00fc \u00f6rne\u011fi var. Biz yasal yollardan duvar\u0131 y\u0131k\u0131p d\u00fckkan\u0131 geni\u015fletmenin yollar\u0131n\u0131 ar\u0131yoruz. M\u00fclk sahibi bir yandan, ben bir yandan ara\u015ft\u0131r\u0131yorum. Gerekirse mahkemeye kadar gidece\u011fim&#8221; diye konu\u015ftu.<\/p>\n<p style=\"text-align: justify;\">Din\u00e7er, ya\u015fanan bu olay\u0131n kendisini \u00e7ok \u00fczd\u00fc\u011f\u00fcn\u00fc vurgulayarak, o\u011flunun ticaretine engel oldu\u011funu iddia etti.<\/p>\n<p style=\"text-align: justify;\"><strong>&#8220;Babam olsa bile yanl\u0131\u015fa g\u00f6z yummam&#8221;\u00a0<\/strong><\/p>\n<p style=\"text-align: justify;\">Belediye Ba\u015fkan\u0131 Enver Salih Din\u00e7er ise babas\u0131 olsa bile yanl\u0131\u015fa g\u00f6z yummayaca\u011f\u0131n\u0131 ifade ederek, babas\u0131n\u0131n da yasalara uygun olarak hareket edece\u011fini s\u00f6yledi.<\/p>\n<p style=\"text-align: justify;\">Y\u0131k\u0131m i\u015flemeninin belediyeden izin al\u0131nmadan yap\u0131ld\u0131\u011f\u0131n\u0131 ve olay\u0131 duyunca &#8220;ba\u015f\u0131na kaynar sular&#8221; d\u00f6k\u00fcld\u00fc\u011f\u00fcn\u00fc dile getiren Din\u00e7er, &#8220;Hemen arad\u0131m, duvar\u0131 yeniden \u00f6rmelerini s\u00f6yledim. Bana &#8216;Bug\u00fcne kadar b\u00f6yle bir i\u015f i\u00e7in kim dilek\u00e7e vermi\u015f?&#8217; diye \u00e7\u0131k\u0131\u015ft\u0131. Ama ben taviz vermedim. \u0130n\u015fallah babam bunu sayg\u0131s\u0131zl\u0131k olarak alg\u0131lamam\u0131\u015ft\u0131r. Yanl\u0131\u015f yapmas\u0131na izin veremezdim. Kurallara uygun hale getirsinler, olabilir bir \u015feyse izin veririz. Bundan b\u00f6yle \u00c7ine Belediyesi olarak hi\u00e7 kimsenin, &#8216;Ben yapt\u0131m, oldu&#8217; demesine m\u00fcsaade etmeyece\u011fiz&#8221; diye konu\u015ftu.<\/p>\n<p style=\"text-align: justify;\"><a href=\"http:\/\/www.cnnturk.com\/2012\/guncel\/01\/18\/babanin.duvari.belediyeye.carpti\/645414.0\/index.html\" target=\"_blank\">Kaynak : CNN T\u00dcRK<\/a><\/p>\n","protected":false},"excerpt":{"rendered":"<p style=\"text-align: center;\">\n<p style=\"text-align: justify;\">\u00c7ine Belediye Ba\u015fkan\u0131 Enver Salih Din\u00e7er, babas\u0131na ait d\u00fckkanda yap\u0131lan tadilat\u0131 ruhsats\u0131z oldu\u011fu gerek\u00e7esiyle engelledi. Din\u00e7er, babas\u0131 olsa bile yanl\u0131\u015fa g\u00f6z yummayaca\u011f\u0131n\u0131 ifade ederek, babas\u0131n\u0131n da yasalara uygun olarak hareket edece\u011fini s\u00f6yledi.<\/p>\n<p style=\"text-align: justify;\">Al\u0131nan bilgiye g\u00f6re, \u00c7ine&#8217;de beyaz e\u015fya ticareti yapan \u00dcnal Din\u00e7er (73), bayisi oldu\u011fu markan\u0131n \u0131srar\u0131 \u00fczerine, <\/p>\n","protected":false},"author":1,"featured_media":0,"comment_status":"open","ping_status":"open","sticky":false,"template":"","format":"standard","meta":{"footnotes":""},"categories":[105],"tags":[],"class_list":["post-46796","post","type-post","status-publish","format-standard","hentry","category-gundem","odd"],"_links":{"self":[{"href":"http:\/\/www.korhanyilmaz.com\/index.php?rest_route=\/wp\/v2\/posts\/46796","targetHints":{"allow":["GET"]}}],"collection":[{"href":"http:\/\/www.korhanyilmaz.com\/index.php?rest_route=\/wp\/v2\/posts"}],"about":[{"href":"http:\/\/www.korhanyilmaz.com\/index.php?rest_route=\/wp\/v2\/types\/post"}],"author":[{"embeddable":true,"href":"http:\/\/www.korhanyilmaz.com\/index.php?rest_route=\/wp\/v2\/users\/1"}],"replies":[{"embeddable":true,"href":"http:\/\/www.korhanyilmaz.com\/index.php?rest_route=%2Fwp%2Fv2%2Fcomments&post=46796"}],"version-history":[{"count":0,"href":"http:\/\/www.korhanyilmaz.com\/index.php?rest_route=\/wp\/v2\/posts\/46796\/revisions"}],"wp:attachment":[{"href":"http:\/\/www.korhanyilmaz.com\/index.php?rest_route=%2Fwp%2Fv2%2Fmedia&parent=46796"}],"wp:term":[{"taxonomy":"category","embeddable":true,"href":"http:\/\/www.korhanyilmaz.com\/index.php?rest_route=%2Fwp%2Fv2%2Fcategories&post=46796"},{"taxonomy":"post_tag","embeddable":true,"href":"http:\/\/www.korhanyilmaz.com\/index.php?rest_route=%2Fwp%2Fv2%2Ftags&post=46796"}],"curies":[{"name":"wp","href":"https:\/\/api.w.org\/{rel}","templated":true}]}}