{"id":46785,"date":"2012-01-18T16:50:25","date_gmt":"2012-01-18T14:50:25","guid":{"rendered":"http:\/\/www.korhanyilmaz.com\/?p=46785"},"modified":"2012-01-18T18:10:58","modified_gmt":"2012-01-18T16:10:58","slug":"geri-donduk","status":"publish","type":"post","link":"http:\/\/www.korhanyilmaz.com\/?p=46785","title":{"rendered":"&#8220;Geri d\u00f6nd\u00fck&#8221;"},"content":{"rendered":"<p style=\"text-align: center;\"><a href=\"http:\/\/www.korhanyilmaz.com\/wp-content\/uploads\/2012\/01\/9266.jpg\"  class=\"lightview\"><img loading=\"lazy\" decoding=\"async\" class=\"aligncenter  wp-image-46786\" src=\"http:\/\/www.korhanyilmaz.com\/wp-content\/uploads\/2012\/01\/9266.jpg\" alt=\"\" width=\"342\" height=\"210\" \/><\/a><\/p>\n<p style=\"text-align: justify;\">1990&#8217;l\u0131 y\u0131llarda G\u00fcneydo\u011fu\u2019da PKK ile giri\u015fti\u011fi kanl\u0131 m\u00fccadeleyle g\u00fcndeme gelen Hizbullah, 17 sayfal\u0131k manifesto yay\u0131nlayarak geri d\u00f6nd\u00fc\u011f\u00fcn\u00fc duyurdu.<\/p>\n<p style=\"text-align: justify;\">ANKARA- \u00d6rg\u00fct\u00fcn cezaevinde bulunan dokuz y\u00f6neticisi 3 Ocak 2011\u2019de tutukluluk s\u00fcrelerini s\u0131n\u0131rlayan kanunun hayata ge\u00e7mesi \u00fczerine tahliye edilmi\u015f ve sonra da yurtd\u0131\u015f\u0131na ka\u00e7m\u0131\u015ft\u0131. Bir iddiaya g\u00f6re Hizbullah\u2019\u0131n \u00fcst d\u00fczey y\u00f6neticisi olarak g\u00f6sterilen Edip G\u00fcm\u00fc\u015f ve Cemal Tutar\u2019\u0131n da aralar\u0131nda oldu\u011fu dokuz ki\u015fi Van \u00fczerinden \u0130ran\u2019a ge\u00e7ti.\u00a0<!--more--><\/p>\n<p style=\"text-align: justify;\"><a href=\"http:\/\/www.korhanyilmaz.com\/wp-content\/uploads\/2012\/01\/9267.jpg\"  class=\"lightview\"><img loading=\"lazy\" decoding=\"async\" class=\"alignleft  wp-image-46787\" style=\"margin-left: 10px; margin-right: 10px;\" title=\"9267\" src=\"http:\/\/www.korhanyilmaz.com\/wp-content\/uploads\/2012\/01\/9267.jpg\" alt=\"\" width=\"343\" height=\"156\" \/><\/a>Taraf&#8217;\u0131n \u0130\u00e7i\u015fleri Bakanl\u0131\u011f\u0131 kaynaklar\u0131na dayanarak 15 ocakta yapt\u0131\u011f\u0131 habere g\u00f6re de Hizbullah\u00e7\u0131lar Ak\u00e7akale \u00fczerinden Suriye\u2019ye ka\u00e7t\u0131. 17 Ocak 2000\u2019de Beykoz\u2019da \u00f6ld\u00fcr\u00fclen \u00f6rg\u00fct lideri H\u00fcseyin Velio\u011flu\u2019nun yerini alan \u201cDay\u0131\u201d lakapl\u0131 \u0130sa Altsoy\u2019un ise uzun y\u0131llard\u0131r \u0130ran\u2019da ya\u015fad\u0131\u011f\u0131 iddia ediliyor.<\/p>\n<p style=\"text-align: justify;\">\u0130slam\u00ee \u00f6l\u00e7\u00fclerde \u00e7\u00f6z\u00fcm Hizbullah\u2019\u0131n yay\u0131nlad\u0131\u011f\u0131 bildirinin ayr\u0131nt\u0131lar\u0131na gelirsek, 1979\u2019da H\u00fcseyin Velio\u011flu liderli\u011finde Batman\u2019da kurulan Hizbullah\u2019\u0131n amac\u0131 \u015f\u00f6yle \u00f6zetleniyor: \u201cHizbullah Cemaati, K\u00fcrt halk\u0131na y\u00f6nelik ink\u00e2r, asimilasyon ve bask\u0131y\u0131 reddetmekte, imk\u00e2nlar\u0131 \u00f6l\u00e7\u00fcs\u00fcnde buna kar\u015f\u0131 durup m\u00fccadele etmeyi bir vazife olarak g\u00f6rmektedir. Hizbullah bu sorunu \u0130slami d\u00fcnya g\u00f6r\u00fc\u015f\u00fc \u00e7er\u00e7evesinde ele alarak de\u011ferlendirmeyi ve \u0130slam\u2019\u0131n \u00f6l\u00e7\u00fcleri d\u00e2hilinde \u00e7\u00f6z\u00fcme kavu\u015fturmak i\u00e7in m\u00fccadele etmeyi g\u00f6revi olarak g\u00f6rmektedir.\u201d<\/p>\n<p style=\"text-align: justify;\">\u00c7al\u0131\u015fma sahas\u0131 olarak \u201cKuzey K\u00fcrdistan\u201d\u0131 esas alan (Do\u011fu ve G\u00fcneydo\u011fu) Hizbullah\u2019\u0131n hedefi bildiride \u015f\u00f6yle form\u00fcle edilmi\u015f: \u201cHizbullah Cemaati, K\u00fcrt halk\u0131n\u0131n \u0130slami ve insani haklar\u0131n\u0131n g\u00fcvence alt\u0131na al\u0131naca\u011f\u0131 anayasal \u00e7\u00f6z\u00fcm, \u00f6zerklik, federasyon ve ba\u011f\u0131ms\u0131zl\u0131k gibi t\u00fcm se\u00e7eneklerin tart\u0131\u015f\u0131labilece\u011fini d\u00fc\u015f\u00fcnmektedir. K\u00fcrt\u00e7enin resm\u00ee dil olmas\u0131 ve ba\u015fta e\u011fitim, \u00f6\u011fretim olmak \u00fczere K\u00fcrt halk\u0131na her alanda K\u00fcrt\u00e7e ile hizmet verilmesi i\u00e7in gerekli \u00e7abay\u0131 g\u00f6sterir.\u201d Hizbullah\u2019\u0131n yabanc\u0131 devletlerle ili\u015fki kurabilece\u011fi de bildiride yer bulmu\u015f: \u201cHizbullah, ayn\u0131 ama\u00e7 ve hedefler do\u011frultusunda m\u00fccadele eden \u0130slami devletler ile cemaat ve gruplar\u0131n biraraya gelip g\u00fc\u00e7 ve kuvvetlerini birle\u015ftirmeleri gerekti\u011fini d\u00fc\u015f\u00fcnmektedir.\u201d<\/p>\n<p style=\"text-align: justify;\"><strong>PKK VE BDP&#8217;YE MESAJ<\/strong><\/p>\n<p style=\"text-align: justify;\">PKK ve BDP\u2019ye mesaj i\u00e7eren b\u00f6l\u00fcmde ise, \u015funlar var: \u201cHizbullah, inan\u00e7 ve ideolojisi ne olursa olsun hi\u00e7bir cemaat, tarikat, parti, \u00f6rg\u00fct, grup veya siyasi olu\u015fumla yersiz s\u00fcrt\u00fc\u015fmelere girmeyi uygun g\u00f6rmemektedir. Ancak varl\u0131\u011f\u0131na y\u00f6nelik sald\u0131r\u0131lar\u0131 da kabul etmemektedir. B\u00f6ylesi bir durumda me\u015fru m\u00fcdafaa hakk\u0131n\u0131 kullanarak, gerekli g\u00f6rd\u00fc\u011f\u00fc her t\u00fcrl\u00fc tedbire ba\u015fvurur.\u201d<\/p>\n<p style=\"text-align: justify;\">Hizbullah\u2019\u0131n geri d\u00f6n\u00fc\u015f\u00fcn\u00fcn zamanlamas\u0131 \u00e7ok tart\u0131\u015f\u0131laca\u011fa benziyor. \u0130ran, Suriye ve Irak ile ili\u015fkilerin gerginle\u015fti\u011fi bug\u00fcnlerde, \u00f6rg\u00fct\u00fcn yeniden harekete ge\u00e7mesi ne kadar rastlant\u0131 bilinmez. Ancak d\u0131\u015f etkilere bir de G\u00fcneydo\u011fu\u2019daki son durumu eklemek gerekiyor. KCK operasyonlar\u0131yla \u00f6rg\u00fct\u00fc bask\u0131 alt\u0131nda tutacak unsurlar b\u00fct\u00fcn\u00fcyle olmasa da temizlenmi\u015f durumda. Bu a\u00e7\u0131lardan bak\u0131ld\u0131\u011f\u0131nda ko\u015fullar Hizbullah\u2019\u0131n yeniden ortaya \u00e7\u0131kmas\u0131 i\u00e7in olduk\u00e7a elveri\u015fli g\u00f6r\u00fcn\u00fcyor.<\/p>\n<p style=\"text-align: justify;\"><span style=\"text-decoration: underline; color: #993300;\"><strong>\u00d6rg\u00fct\u00fcn yap\u0131s\u0131yla ilgili b\u00f6l\u00fcm \u015f\u00f6yle<\/strong><\/span>:<\/p>\n<p style=\"text-align: justify;\"><strong>Ad\u0131:<\/strong> Hizbullah Kurulu\u015f Tarihi 1979<\/p>\n<p style=\"text-align: justify;\"><strong>Kurucu Rehberi:<\/strong> H\u00fcseyin Velio\u011flu<\/p>\n<p style=\"text-align: justify;\"><strong>Cemaatin Temel Organlar\u0131<\/strong>:<\/p>\n<p style=\"text-align: justify;\"><strong>1.<\/strong> Rehberlik Kurumu<\/p>\n<p style=\"text-align: justify;\"><strong>2.<\/strong> Merkez Y\u00f6netim Kurulu<\/p>\n<p style=\"text-align: justify;\"><strong>3.<\/strong> \u0130slami \u015eura<\/p>\n<p style=\"text-align: justify;\"><strong>4.<\/strong> Disiplin ve Denetleme Kurulu<\/p>\n<p style=\"text-align: justify;\"><a href=\"http:\/\/www.gazeteport.com.tr\/haber\/74326\/quotgeri_dondukquot\" target=\"_blank\">Kaynak : GAZETEPORT<\/a><\/p>\n","protected":false},"excerpt":{"rendered":"<p style=\"text-align: center;\">\n<p style=\"text-align: justify;\">1990&#8217;l\u0131 y\u0131llarda G\u00fcneydo\u011fu\u2019da PKK ile giri\u015fti\u011fi kanl\u0131 m\u00fccadeleyle g\u00fcndeme gelen Hizbullah, 17 sayfal\u0131k manifesto yay\u0131nlayarak geri d\u00f6nd\u00fc\u011f\u00fcn\u00fc duyurdu.<\/p>\n<p style=\"text-align: justify;\">ANKARA- \u00d6rg\u00fct\u00fcn cezaevinde bulunan dokuz y\u00f6neticisi 3 Ocak 2011\u2019de tutukluluk s\u00fcrelerini s\u0131n\u0131rlayan kanunun hayata ge\u00e7mesi \u00fczerine tahliye edilmi\u015f ve sonra da yurtd\u0131\u015f\u0131na ka\u00e7m\u0131\u015ft\u0131. Bir iddiaya g\u00f6re Hizbullah\u2019\u0131n \u00fcst d\u00fczey y\u00f6neticisi <\/p>\n","protected":false},"author":1,"featured_media":0,"comment_status":"open","ping_status":"open","sticky":false,"template":"","format":"standard","meta":{"footnotes":""},"categories":[105],"tags":[],"class_list":["post-46785","post","type-post","status-publish","format-standard","hentry","category-gundem","odd"],"_links":{"self":[{"href":"http:\/\/www.korhanyilmaz.com\/index.php?rest_route=\/wp\/v2\/posts\/46785","targetHints":{"allow":["GET"]}}],"collection":[{"href":"http:\/\/www.korhanyilmaz.com\/index.php?rest_route=\/wp\/v2\/posts"}],"about":[{"href":"http:\/\/www.korhanyilmaz.com\/index.php?rest_route=\/wp\/v2\/types\/post"}],"author":[{"embeddable":true,"href":"http:\/\/www.korhanyilmaz.com\/index.php?rest_route=\/wp\/v2\/users\/1"}],"replies":[{"embeddable":true,"href":"http:\/\/www.korhanyilmaz.com\/index.php?rest_route=%2Fwp%2Fv2%2Fcomments&post=46785"}],"version-history":[{"count":0,"href":"http:\/\/www.korhanyilmaz.com\/index.php?rest_route=\/wp\/v2\/posts\/46785\/revisions"}],"wp:attachment":[{"href":"http:\/\/www.korhanyilmaz.com\/index.php?rest_route=%2Fwp%2Fv2%2Fmedia&parent=46785"}],"wp:term":[{"taxonomy":"category","embeddable":true,"href":"http:\/\/www.korhanyilmaz.com\/index.php?rest_route=%2Fwp%2Fv2%2Fcategories&post=46785"},{"taxonomy":"post_tag","embeddable":true,"href":"http:\/\/www.korhanyilmaz.com\/index.php?rest_route=%2Fwp%2Fv2%2Ftags&post=46785"}],"curies":[{"name":"wp","href":"https:\/\/api.w.org\/{rel}","templated":true}]}}