{"id":46781,"date":"2012-01-18T17:37:23","date_gmt":"2012-01-18T15:37:23","guid":{"rendered":"http:\/\/www.korhanyilmaz.com\/?p=46781"},"modified":"2012-01-18T17:52:48","modified_gmt":"2012-01-18T15:52:48","slug":"dink-davasinda-skandal","status":"publish","type":"post","link":"http:\/\/www.korhanyilmaz.com\/?p=46781","title":{"rendered":"Dink davas\u0131nda skandal!"},"content":{"rendered":"<p style=\"text-align: center;\"><a href=\"http:\/\/www.korhanyilmaz.com\/wp-content\/uploads\/2012\/01\/9265.jpg\"  class=\"lightview\"><img loading=\"lazy\" decoding=\"async\" class=\"aligncenter  wp-image-46782\" src=\"http:\/\/www.korhanyilmaz.com\/wp-content\/uploads\/2012\/01\/9265.jpg\" alt=\"\" width=\"307\" height=\"236\" \/><\/a><\/p>\n<p style=\"text-align: justify;\">Agos Gazetesi Genel Yay\u0131n Y\u00f6netmeni Hrant Dink&#8217;in \u00f6ld\u00fcr\u00fclmesine ili\u015fkin 19 san\u0131\u011f\u0131n yarg\u0131land\u0131\u011f\u0131 davada verilen kararda, tutuksuz san\u0131klardan Co\u015fkun \u0130\u011fci hakk\u0131nda h\u00fck\u00fcm kurulmad\u0131\u011f\u0131 ortaya \u00e7\u0131kt\u0131.<\/p>\n<p style=\"text-align: justify;\">\u0130stanbul 14. A\u011f\u0131r Ceza Mahkemesince d\u00fcn a\u00e7\u0131klanan kararda, davan\u0131n tutuksuz san\u0131klar\u0131ndan \u00c7o\u015fkun \u0130\u011fci&#8217;ye ili\u015fkin herhangi bir h\u00fck\u00fcm yer almad\u0131.<!--more--><\/p>\n<p style=\"text-align: justify;\">\u0130\u011fci&#8217;nin hakk\u0131ndaki karar\u0131n yaz\u0131lmas\u0131n\u0131n sehven unutuldu\u011fu, mahkeme heyetinin toplan\u0131p bu konuda ek karar verece\u011fi \u00f6\u011frenildi. Davan\u0131n 19 Eyl\u00fcl 2011 tarihli duru\u015fmas\u0131nda a\u00e7\u0131klanan m\u00fctalaada, \u0130\u011fci&#8217;nin &#8220;Dink cinayetine kat\u0131ld\u0131\u011f\u0131na ve ter\u00f6r \u00f6rg\u00fct\u00fc \u00fcyesi oldu\u011funa dair kesin ve inand\u0131r\u0131c\u0131 delil bulunamad\u0131\u011f\u0131ndan&#8221; beraati \u00f6ng\u00f6r\u00fclm\u00fc\u015ft\u00fc.<\/p>\n<p style=\"text-align: justify;\">\u00d6te yandan, &#8220;Hrant Dink&#8217;i tasarlayarak \u00f6ld\u00fcrmeye azmettirmek&#8221; su\u00e7undan m\u00fcebbet a\u011f\u0131r hapis cezas\u0131na \u00e7arpt\u0131r\u0131lan Yasin Hayal&#8217;in karar a\u00e7\u0131klanmadan \u00f6nceki hakaret ve tehdit i\u00e7eren beyanlar\u0131na ili\u015fkin duru\u015fman\u0131n tutanaklar\u0131 haz\u0131rland\u0131ktan sonra su\u00e7 duyurusunda bulunulaca\u011f\u0131 \u00f6\u011frenildi.<\/p>\n<p style=\"text-align: justify;\"><a href=\"http:\/\/www.cnnturk.com\/2012\/turkiye\/01\/18\/dink.davasinda.skandal\/645332.0\/index.html\" target=\"_blank\">Kaynak : CNN T\u00dcRK<\/a><\/p>\n","protected":false},"excerpt":{"rendered":"<p style=\"text-align: center;\">\n<p style=\"text-align: justify;\">Agos Gazetesi Genel Yay\u0131n Y\u00f6netmeni Hrant Dink&#8217;in \u00f6ld\u00fcr\u00fclmesine ili\u015fkin 19 san\u0131\u011f\u0131n yarg\u0131land\u0131\u011f\u0131 davada verilen kararda, tutuksuz san\u0131klardan Co\u015fkun \u0130\u011fci hakk\u0131nda h\u00fck\u00fcm kurulmad\u0131\u011f\u0131 ortaya \u00e7\u0131kt\u0131.<\/p>\n<p style=\"text-align: justify;\">\u0130stanbul 14. A\u011f\u0131r Ceza Mahkemesince d\u00fcn a\u00e7\u0131klanan kararda, davan\u0131n tutuksuz san\u0131klar\u0131ndan \u00c7o\u015fkun \u0130\u011fci&#8217;ye ili\u015fkin herhangi bir h\u00fck\u00fcm yer almad\u0131.<\/p>\n","protected":false},"author":1,"featured_media":0,"comment_status":"open","ping_status":"open","sticky":false,"template":"","format":"standard","meta":{"footnotes":""},"categories":[105],"tags":[],"class_list":["post-46781","post","type-post","status-publish","format-standard","hentry","category-gundem","odd"],"_links":{"self":[{"href":"http:\/\/www.korhanyilmaz.com\/index.php?rest_route=\/wp\/v2\/posts\/46781","targetHints":{"allow":["GET"]}}],"collection":[{"href":"http:\/\/www.korhanyilmaz.com\/index.php?rest_route=\/wp\/v2\/posts"}],"about":[{"href":"http:\/\/www.korhanyilmaz.com\/index.php?rest_route=\/wp\/v2\/types\/post"}],"author":[{"embeddable":true,"href":"http:\/\/www.korhanyilmaz.com\/index.php?rest_route=\/wp\/v2\/users\/1"}],"replies":[{"embeddable":true,"href":"http:\/\/www.korhanyilmaz.com\/index.php?rest_route=%2Fwp%2Fv2%2Fcomments&post=46781"}],"version-history":[{"count":0,"href":"http:\/\/www.korhanyilmaz.com\/index.php?rest_route=\/wp\/v2\/posts\/46781\/revisions"}],"wp:attachment":[{"href":"http:\/\/www.korhanyilmaz.com\/index.php?rest_route=%2Fwp%2Fv2%2Fmedia&parent=46781"}],"wp:term":[{"taxonomy":"category","embeddable":true,"href":"http:\/\/www.korhanyilmaz.com\/index.php?rest_route=%2Fwp%2Fv2%2Fcategories&post=46781"},{"taxonomy":"post_tag","embeddable":true,"href":"http:\/\/www.korhanyilmaz.com\/index.php?rest_route=%2Fwp%2Fv2%2Ftags&post=46781"}],"curies":[{"name":"wp","href":"https:\/\/api.w.org\/{rel}","templated":true}]}}