{"id":46770,"date":"2012-01-18T12:30:24","date_gmt":"2012-01-18T10:30:24","guid":{"rendered":"http:\/\/www.korhanyilmaz.com\/?p=46770"},"modified":"2012-01-18T15:48:19","modified_gmt":"2012-01-18T13:48:19","slug":"arinc-basbuga-saydi-doktu","status":"publish","type":"post","link":"http:\/\/www.korhanyilmaz.com\/?p=46770","title":{"rendered":"Ar\u0131n\u00e7 Ba\u015fbu\u011f&#8217;a sayd\u0131 d\u00f6kt\u00fc"},"content":{"rendered":"<p style=\"text-align: center;\"><a href=\"http:\/\/www.korhanyilmaz.com\/wp-content\/uploads\/2012\/01\/9262.jpg\"  class=\"lightview\"><img loading=\"lazy\" decoding=\"async\" class=\"aligncenter  wp-image-46771\" src=\"http:\/\/www.korhanyilmaz.com\/wp-content\/uploads\/2012\/01\/9262.jpg\" alt=\"\" width=\"382\" height=\"214\" \/><\/a><\/p>\n<p style=\"text-align: justify;\">Ba\u015fbakan Yard\u0131mc\u0131s\u0131 B\u00fclent Ar\u0131n\u00e7, &#8220;Say\u0131n Ba\u015fbu\u011f, ayn\u0131 zamanda eline lav silah\u0131n\u0131 al\u0131p ona boru diyen bir insand\u0131. Islak imza, bilmem ne imza tart\u0131\u015fmalar\u0131na da \u2019ka\u011f\u0131t par\u00e7as\u0131\u2019 diyen birisiydi.<\/p>\n<p style=\"text-align: justify;\">B\u0131rak\u0131n\u0131z onu s\u00f6ylemesini, benimle ilgili iddialar\u0131, \u2019O g\u00f6zetleme emrini ben verdim\u2019 diyen ki\u015fiydi. Yani neyi, ne zamanda, ne kadar do\u011fru s\u00f6yledi\u011fini bilemiyorum. Herhalde yarg\u0131, bunlar\u0131n hepsini de\u011ferlendirecektir&#8221; dedi.\u00a0<!--more--><\/p>\n<p style=\"text-align: justify;\">Ar\u0131n\u00e7, TV8 kanal\u0131nda kat\u0131ld\u0131\u011f\u0131 canl\u0131 yay\u0131nda g\u00fcndemdeki konular\u0131 de\u011ferlendirdi.<\/p>\n<p style=\"text-align: justify;\">B\u00fclent Ar\u0131n\u00e7, &#8220;Zat\u0131alinizle ilgili \u00e7ok \u00fcz\u00fcnt\u00fc duydu\u011fumuz geli\u015fmeler olmu\u015ftu. Suikast iddialar\u0131 ve haz\u0131rl\u0131\u011f\u0131 \u00fczerinde yakalanm\u0131\u015ft\u0131 bir grup. Kozmik odalara girebilmek i\u00e7in mi yapt\u0131n\u0131z?&#8221; sorusu \u00fczerine, &#8220;Ben girmedim kozmik odalara. Savc\u0131 ve hakim girdi, ne bulduklar\u0131n\u0131 da bilmiyorum. Ama acele etmesinler. Allah\u0131m, kalmas\u0131n alemde hi\u00e7bir hakikat nihan. Her \u015fey ortaya \u00e7\u0131kar, her \u015fey ortaya \u00e7\u0131kar, bekleyelim&#8221; diye konu\u015ftu.<\/p>\n<p style=\"text-align: justify;\">Ar\u0131n\u00e7, &#8220;Eski Genelkurmay Ba\u015fkan\u0131 \u0130lker Ba\u015fbu\u011f\u2019un savunmas\u0131n\u0131n bir yerinde \u2019Hani nerede o iddialar, kim suikast yap\u0131yormu\u015f\u2019 gibi s\u00f6zlerin ge\u00e7ti\u011finin belirtilmesi \u00fczerine &#8220;Say\u0131n Ba\u015fbu\u011f, ayn\u0131 zamanda eline lav silah\u0131n\u0131 al\u0131p ona boru diyen bir insand\u0131. Islak imza, bilmem ne imza tart\u0131\u015fmalar\u0131nda da ka\u011f\u0131t par\u00e7as\u0131 diyen birisiydi. B\u0131rak\u0131n\u0131z onu s\u00f6ylemesini, benimle ilgili iddialar\u0131, \u2019O g\u00f6zetleme emrini ben verdim\u2019 diyen ki\u015fiydi. Yani neyi, ne zamanda, ne kadar do\u011fru s\u00f6yledi\u011fini bilemiyorum. Herhalde yarg\u0131, bunlar\u0131n hepsini de\u011ferlendirecektir&#8221; dedi.<\/p>\n<p style=\"text-align: justify;\">&#8220;Ter\u00f6rle m\u00fccadele i\u00e7in kahraman, emirler veren genelkurmay ba\u015fkan\u0131n\u0131 ter\u00f6r \u00f6rg\u00fct\u00fc lideri olarak i\u00e7eri att\u0131rd\u0131klar\u0131na ili\u015fkin ele\u015ftirilerin&#8221; sorulmas\u0131 \u00fczerine de Ar\u0131n\u00e7, \u015funlar\u0131 kaydetti: &#8220;T\u00fcrkiye\u2019de g\u00fc\u00e7l\u00fc bir yarg\u0131 var ve bu yarg\u0131 kendi g\u00f6rev alan\u0131 i\u00e7inde soru\u015fturma yap\u0131yor. Bu soru\u015fturma kapsam\u0131nda da g\u00f6r\u00fcyoruz ki hi\u00e7 kimse dokunulamaz, kendisi hakk\u0131nda s\u00f6z s\u00f6ylenemez, dava a\u00e7\u0131lamaz de\u011fil. Bunlar\u0131n i\u00e7inde muvazzaflar da olabilir emekliler de olabilir, b\u00fcrokratlar da olabilir, siyaset\u00e7iler de olabilir. Yani Mehmet A\u011far hakk\u0131nda \u015fu kadar y\u0131l a\u011f\u0131r hapis cezas\u0131 vermi\u015f olan bir yarg\u0131, bug\u00fcn s\u00f6z konusu edilmiyor da bir Genelkurmay eski ba\u015fkan\u0131yla ilgili bir iddiay\u0131 diline doluyorsa, bu \u00e7ift tarafl\u0131 davranmak olur.<\/p>\n<p style=\"text-align: justify;\">Biz hepsinden \u015fahsen \u00fcz\u00fcnt\u00fc duyuyoruz. Yani bu makamlara gelmi\u015f insanlar\u0131n b\u00f6ylesine a\u011f\u0131r su\u00e7larla itham edilmesini, tutuklanmalar\u0131n\u0131 do\u011frusu \u00fcz\u00fcnt\u00fcyle kar\u015f\u0131lar\u0131z. Bu bizim \u015fahsi kanaatimizdir. Ama yarg\u0131 bir \u015feyi ara\u015ft\u0131r\u0131yorsa, bir su\u00e7 \u015f\u00fcphesi \u00fczerine, bir delil \u00fczerine, i\u015flenmi\u015f bir olay\u0131 a\u00e7\u0131\u011fa \u00e7\u0131karmak istiyorsa bununla ilgili yapaca\u011f\u0131 yarg\u0131sal i\u015flemde hi\u00e7 kimsenin g\u00f6z\u00fcn\u00fcn ya\u015f\u0131na bakmaz, bakmamal\u0131. Dolay\u0131s\u0131yla beni \u015fununla itham ediyorlar.<\/p>\n<p style=\"text-align: justify;\">Unutmas\u0131nlar bu \u00fclkede ba\u015fbakan ve iki bakan\u0131 da sa\u00e7ma sapan iddialarla idam edilmi\u015ftir. Biz neler g\u00f6rd\u00fck, neler ya\u015fad\u0131k. Namazc\u0131 R\u00fc\u015ft\u00fc Erdelhun dedikleri eski genelkurmay ba\u015fkan\u0131, darbeye kar\u015f\u0131 \u00e7\u0131kt\u0131\u011f\u0131 i\u00e7in b\u00fct\u00fcn r\u00fctbelerini s\u00f6kerek, tokatlayarak, ala\u015fa\u011f\u0131 edenler, \u015fimdi darbecilik su\u00e7uyla mahkeme \u00f6n\u00fcne \u00e7\u0131k\u0131yorlarsa tarihin tekerr\u00fcr oldu\u011funu da unutmas\u0131nlar.&#8221;<\/p>\n<p style=\"text-align: justify;\"><strong>-&#8220;Elinden oyuncaklar\u0131 al\u0131nm\u0131\u015f \u00e7ocuklar hep b\u00f6yle feryat ederler&#8221;-\u00a0<\/strong><\/p>\n<p style=\"text-align: justify;\">B\u00fclent Ar\u0131n\u00e7, &#8220;yarg\u0131y\u0131 ele ge\u00e7irdikleri iddialar\u0131na&#8221; ili\u015fkin de &#8220;Yarg\u0131y\u0131 ele ge\u00e7irdiler iddias\u0131 \u00e7ok sa\u00e7ma bir iddia. \u00c7ok yanl\u0131\u015f bir iddia. \u00c7ok siyasi, polemik gerektiren bir iddia&#8221; diye konu\u015ftu.<\/p>\n<p style=\"text-align: justify;\">Kesinlikle b\u00f6yle bir \u015feyin s\u00f6z konusu olmad\u0131\u011f\u0131n\u0131 belirten Ar\u0131n\u00e7, &#8220;Ge\u00e7mi\u015fte yarg\u0131dan en \u00e7ok \u015fikayet eden, ma\u011fdur olan bir siyasi grubun, elinden siyasi haklar\u0131 al\u0131nan, tazminatlara mahkum edilen, cezaevlerine g\u00f6nderilen bir siyasi d\u00fc\u015f\u00fcncenin bug\u00fcn yarg\u0131y\u0131 ele ge\u00e7irdi\u011finden bahsetmek m\u00fcmk\u00fcn de\u011fil&#8221; dedi.<\/p>\n<p style=\"text-align: justify;\">Ba\u015fbakan Yard\u0131mc\u0131s\u0131 B\u00fclent Ar\u0131n\u00e7, \u015f\u00f6yle devam etti: &#8220;\u015eunu s\u00f6ylemek istiyorlar, b\u00fct\u00fcn hazmedemedikleri \u015fey, anayasa referandumunun halk taraf\u0131ndan kabul edilmesidir. \u00c7\u00fcnk\u00fc referandumda kabul edilen konular i\u00e7erisinde HSYK\u2019n\u0131n d\u00fczenlenmesi vard\u0131r. Eskiden 5 ki\u015finin b\u00fct\u00fcn y\u00fcksek yarg\u0131ya hakim olabildi\u011fi bir yer, \u015fimdi 22 ki\u015fi taraf\u0131ndan temsil ediliyor ve bunlar\u0131n y\u00fczde 70\u2019i de birinci s\u0131n\u0131f hakimlerin i\u00e7inden se\u00e7imle geliyor. Tabii 5 ki\u015finin elinde bulunmas\u0131yla, 22 ki\u015finin, farkl\u0131 kanallardan se\u00e7ilmi\u015f, taban\u0131 geni\u015flemi\u015f bir y\u00f6netim taraf\u0131ndan tayin edilmesi, se\u00e7ilmesi, bir k\u0131s\u0131m ki\u015filerin i\u015fine gelmiyor. Dolay\u0131s\u0131yla HSYK\u2019n\u0131n yeni ald\u0131\u011f\u0131 bu 22 ki\u015filik, geni\u015flemi\u015f taban\u0131 ve b\u00fct\u00fcn g\u00f6r\u00fc\u015flerin ortaya \u00e7\u0131kmas\u0131yla meydana gelen \u015fey, birilerini rahats\u0131z ediyor.<\/p>\n<p style=\"text-align: justify;\">\u0130kincisi Anayasa Mahkemesindeki \u00fcye say\u0131s\u0131 de\u011fi\u015fti. Yarg\u0131tayda, Dan\u0131\u015ftayda yeni \u00fcyeler se\u00e7ildi. Bunlar oradaki tabu say\u0131labilecek konular\u0131, ge\u00e7mi\u015fte yarg\u0131y\u0131 arka bah\u00e7esi gibi g\u00f6ren siyasi zihniyetleri fevkalade rahats\u0131z etti. Yani CHP i\u00e7in ge\u00e7mi\u015fte s\u00f6ylenen bir \u015fey, CHP art\u0131 ordu, e\u015fittir iktidar. O gitti, hamdolsun ki ebediyen gitti. \u015eimdi CHP art\u0131 y\u00fcksek yarg\u0131, e\u015fittir iktidara d\u00f6n\u00fc\u015fm\u00fc\u015ft\u00fc. O da gitti. Elinden oyuncaklar\u0131 al\u0131nm\u0131\u015f \u00e7ocuklar hep b\u00f6yle feryat ederler ve bunlar\u0131 sanki bir ba\u015fkas\u0131 ele ge\u00e7irdi gibi. Yani 17 ki\u015fi olursa Anayasa Mahkemesinin \u00fcye say\u0131s\u0131 bundan AK Parti ne kazanm\u0131\u015f olacak? Y\u00fcksek yarg\u0131 kazanm\u0131\u015f olacak. Hem elindeki i\u015f y\u00fck\u00fcyle hem bireysel ba\u015fvuruyla hem de m\u00fcmk\u00fcnse farkl\u0131 d\u00fc\u015f\u00fcncelerin, g\u00f6r\u00fc\u015flerin \u00f6zg\u00fcrl\u00fck alan\u0131nda birle\u015fmesiyle Anayasa Mahkemesi g\u00fc\u00e7lenmi\u015f olacak. Yarg\u0131n\u0131n y\u00fck\u00fc fazla diyorsunuz, o zaman \u00fcyelerini artt\u0131r\u0131n. Biz bunu istedi\u011fimiz zaman art\u0131rmad\u0131lar. \u2019Buras\u0131 daha iyi, bu kadarla kals\u0131n\u2019 dediler. \u015eimdi yine birinci s\u0131n\u0131f hakimlerden se\u00e7ilen Yarg\u0131tay ve Dan\u0131\u015ftay \u00fcyeleriyle zenginle\u015fti, yeni daireler kuruldu. Yarg\u0131tay Ba\u015fkan\u0131n\u0131n kendi ifadesi, \u2019Bir y\u0131l i\u00e7inde hukuk dairelerinde biriken b\u00fct\u00fcn dosyalar\u0131 temizleyece\u011fiz\u2019 diyor.<\/p>\n<p style=\"text-align: justify;\">Zaman a\u015f\u0131m\u0131ndan d\u00fc\u015fen on binlerce dosya vard\u0131. Bunlar\u0131n sorumlusu y\u00fcksek yarg\u0131 de\u011fil miydi? \u015eimdi onlar \u00e7\u00f6z\u00fcl\u00fcyor. Bundan \u015fikayet edeceklerine sevinmeleri laz\u0131mken, AK Parti yarg\u0131y\u0131 ele ge\u00e7irdi deniliyor. Bu sa\u00e7ma sapan bir iddia.&#8221; -KCK operasyonlar\u0131- Ar\u0131n\u00e7, &#8220;KCK operasyonlar\u0131yla, hak arayan K\u00fcrt k\u00f6kenli vatanda\u015flar\u0131n hapse at\u0131ld\u0131\u011f\u0131 iddialar\u0131na&#8221; y\u00f6nelik soruya da \u015fu yan\u0131t\u0131 verdi: &#8220;Benim meclisteki konu\u015fmam, grubum ad\u0131na yapt\u0131\u011f\u0131m konu\u015fmamd\u0131r. S\u0131fat\u0131m bellidir. Biz buna inan\u0131yoruz, g\u00f6n\u00fclden inan\u0131yoruz. Bu \u00fclkede etnik k\u00f6keni ne olursa olsun, b\u00fct\u00fcn yurtta\u015flar\u0131m\u0131z\u0131 kendi \u00f6z karde\u015flerimiz, birinci s\u0131n\u0131f vatanda\u015flar\u0131m\u0131z olarak g\u00f6r\u00fcyoruz ve bu etnik k\u00f6kenleri itibar\u0131yla kendilerini bu \u015fekilde ifade eden herkese, anayasan\u0131n tan\u0131d\u0131\u011f\u0131 b\u00fct\u00fcn haklar\u0131, insan haklar\u0131n\u0131, kesemizden de\u011fil, anayasan\u0131n team\u00fcl h\u00fck\u00fcmleri oldu\u011fu i\u00e7in elbette tan\u0131yaca\u011f\u0131z, tan\u0131yoruz, tan\u0131maya devam ediyoruz. Bu ayr\u0131 bir konu, bug\u00fcne kadar yapt\u0131klar\u0131m\u0131z\u0131 tek tek sayabiliriz. Bundan sonra yapacaklar\u0131m\u0131z da var. Ama bu KCK operasyonlar\u0131 ve bu operasyonlar i\u00e7erisinde g\u00f6zetim alt\u0131na al\u0131nan, tutuklu olan ki\u015filerle hi\u00e7 ba\u011flant\u0131s\u0131 olmayan bir konu.<\/p>\n<p style=\"text-align: justify;\">T\u00fcrkiye\u2019de su\u00e7 \u00f6rg\u00fctleri varsa, su\u00e7 i\u015fleyenler varsa, bunlarla yasal yoldan m\u00fccadele edilecektir. Biraz \u00f6nce Hrant Dink davas\u0131n\u0131 konu\u015ftuk. Burada da 18, 20, 25 ki\u015filik bir su\u00e7lanan grup vard\u0131. Bunlardan bir k\u0131sm\u0131 ceza ald\u0131, b\u00fcy\u00fck bir k\u0131sm\u0131 beraat etti ve biz bunu kendi akl\u0131m\u0131za g\u00f6re ele\u015ftirmeye \u00e7al\u0131\u015f\u0131yoruz.<\/p>\n<p style=\"text-align: justify;\">KCK denen, yani PKK\u2019n\u0131n \u015fehir \u00f6rg\u00fctlenmesi ve birbirine ba\u011fl\u0131 bir hiyerar\u015fik yap\u0131da kanun d\u0131\u015f\u0131 \u00f6rg\u00fct haline gelmi\u015f bir olu\u015fumu de\u015fifre eden bir yarg\u0131 karar\u0131 varsa, buna kar\u015f\u0131 s\u00f6ylenecek tek \u015fey, yarg\u0131n\u0131n bu konuda b\u00fct\u00fcn soru\u015fturmalar\u0131 yapmas\u0131, kovu\u015fturmay\u0131 yapmas\u0131 ve yarg\u0131 karar\u0131yla bu insanlar\u0131n hukuki vas\u0131flar\u0131n\u0131n ortaya konmas\u0131d\u0131r. Elbette bunlar yap\u0131lacak, bunun gibi ba\u015fka operasyonlar da yap\u0131lacak. Bu yarg\u0131n\u0131n i\u015fidir. Bizim s\u00f6ylemek istedi\u011fimiz, 74 milyon i\u00e7inde kendi kimli\u011fi i\u00e7inde huzur, refah ve mutlulukla ya\u015famay\u0131, kendisini lay\u0131k bi\u00e7imde temsil etmeyi d\u00fc\u015f\u00fcnen herkese, anayasan\u0131n ve insan haklar\u0131n\u0131n tamam\u0131n\u0131n herkes gibi e\u015fit olarak tan\u0131nmas\u0131d\u0131r. Biz bunu yapaca\u011f\u0131z. Bu s\u00f6zlerin i\u00e7inde su\u00e7 \u00f6rg\u00fctleri yok.&#8221; &#8220;H\u00fck\u00fcmete muhalefet edecek gazetecilerin kalmad\u0131\u011f\u0131, hepsinin cezaevinde bulundu\u011funa y\u00f6nelik ele\u015ftirilerle&#8221; ilgili soru \u00fczerine ise Ar\u0131n\u00e7, &#8220;Baks\u0131nlar k\u00f6\u015fe yaz\u0131lar\u0131na, gazetelerin eklerine, s\u00f6ylediklerine. \u00c7ok \u015f\u00fck\u00fcr ben bas\u0131ndan sorumlu bir ba\u015fbakan yard\u0131mc\u0131s\u0131 olarak, i\u00e7eride olanlar\u0131n da su\u00e7lamalar\u0131n\u0131n kar\u015f\u0131l\u0131\u011f\u0131n\u0131 s\u00f6yl\u00fcyorum ama bunun d\u0131\u015f\u0131nda gazeteleriyle, televizyonlar\u0131yla, dergileriyle, sosyal medyas\u0131yla m\u00fcthi\u015f bir ele\u015ftiri hakk\u0131n\u0131n da g\u00fcmb\u00fcr g\u00fcmb\u00fcr kullan\u0131ld\u0131\u011f\u0131n\u0131 g\u00f6r\u00fcyorum. Hi\u00e7bir s\u0131k\u0131nt\u0131 yok, herkes istedi\u011fini yaz\u0131yor. Hem de fazlas\u0131yla&#8221; diye konu\u015ftu.<\/p>\n<p style=\"text-align: justify;\"><a href=\"http:\/\/siyaset.milliyet.com.tr\/arinc-basbug-a-saydi-doktu\/siyaset\/siyasetdetay\/18.01.2012\/1490517\/default.htm\" target=\"_blank\">Kaynak : Milliyet.com.tr<\/a><\/p>\n","protected":false},"excerpt":{"rendered":"<p style=\"text-align: center;\">\n<p style=\"text-align: justify;\">Ba\u015fbakan Yard\u0131mc\u0131s\u0131 B\u00fclent Ar\u0131n\u00e7, &#8220;Say\u0131n Ba\u015fbu\u011f, ayn\u0131 zamanda eline lav silah\u0131n\u0131 al\u0131p ona boru diyen bir insand\u0131. Islak imza, bilmem ne imza tart\u0131\u015fmalar\u0131na da \u2019ka\u011f\u0131t par\u00e7as\u0131\u2019 diyen birisiydi.<\/p>\n<p style=\"text-align: justify;\">B\u0131rak\u0131n\u0131z onu s\u00f6ylemesini, benimle ilgili iddialar\u0131, \u2019O g\u00f6zetleme emrini ben verdim\u2019 diyen ki\u015fiydi. Yani neyi, ne zamanda, ne kadar do\u011fru <\/p>\n","protected":false},"author":1,"featured_media":0,"comment_status":"open","ping_status":"open","sticky":false,"template":"","format":"standard","meta":{"footnotes":""},"categories":[105],"tags":[],"class_list":["post-46770","post","type-post","status-publish","format-standard","hentry","category-gundem","odd"],"_links":{"self":[{"href":"http:\/\/www.korhanyilmaz.com\/index.php?rest_route=\/wp\/v2\/posts\/46770","targetHints":{"allow":["GET"]}}],"collection":[{"href":"http:\/\/www.korhanyilmaz.com\/index.php?rest_route=\/wp\/v2\/posts"}],"about":[{"href":"http:\/\/www.korhanyilmaz.com\/index.php?rest_route=\/wp\/v2\/types\/post"}],"author":[{"embeddable":true,"href":"http:\/\/www.korhanyilmaz.com\/index.php?rest_route=\/wp\/v2\/users\/1"}],"replies":[{"embeddable":true,"href":"http:\/\/www.korhanyilmaz.com\/index.php?rest_route=%2Fwp%2Fv2%2Fcomments&post=46770"}],"version-history":[{"count":0,"href":"http:\/\/www.korhanyilmaz.com\/index.php?rest_route=\/wp\/v2\/posts\/46770\/revisions"}],"wp:attachment":[{"href":"http:\/\/www.korhanyilmaz.com\/index.php?rest_route=%2Fwp%2Fv2%2Fmedia&parent=46770"}],"wp:term":[{"taxonomy":"category","embeddable":true,"href":"http:\/\/www.korhanyilmaz.com\/index.php?rest_route=%2Fwp%2Fv2%2Fcategories&post=46770"},{"taxonomy":"post_tag","embeddable":true,"href":"http:\/\/www.korhanyilmaz.com\/index.php?rest_route=%2Fwp%2Fv2%2Ftags&post=46770"}],"curies":[{"name":"wp","href":"https:\/\/api.w.org\/{rel}","templated":true}]}}