{"id":46766,"date":"2012-01-18T14:27:47","date_gmt":"2012-01-18T12:27:47","guid":{"rendered":"http:\/\/www.korhanyilmaz.com\/?p=46766"},"modified":"2012-01-18T15:32:34","modified_gmt":"2012-01-18T13:32:34","slug":"tasari-anayasaya-aykiri","status":"publish","type":"post","link":"http:\/\/www.korhanyilmaz.com\/?p=46766","title":{"rendered":"&#8220;Tasar\u0131 anayasaya ayk\u0131r\u0131&#8221;"},"content":{"rendered":"<p style=\"text-align: center;\"><a href=\"http:\/\/www.korhanyilmaz.com\/wp-content\/uploads\/2012\/01\/9261.jpg\"  class=\"lightview\"><img loading=\"lazy\" decoding=\"async\" class=\"aligncenter  wp-image-46767\" src=\"http:\/\/www.korhanyilmaz.com\/wp-content\/uploads\/2012\/01\/9261.jpg\" alt=\"\" width=\"396\" height=\"180\" \/><\/a><\/p>\n<p style=\"text-align: justify;\">Fransa Senatosu&#8217;nun Anayasa Komisyonu, &#8220;soyk\u0131r\u0131m\u0131 inkar yasas\u0131&#8221;n\u0131 dokuza kar\u015f\u0131 23 oyla &#8220;anayasaya ayk\u0131r\u0131&#8221; buldu.<\/p>\n<p style=\"text-align: justify;\">Anayasa Komisyonu, 1915 olaylar\u0131yla ilgili Ermeni iddialar\u0131n\u0131n reddedilmesini su\u00e7 sayan ve ge\u00e7ti\u011fimiz ay Meclis&#8217;te kabul edilen yasa teklifinin Senato&#8217;nun g\u00fcndeminde incelenmeye al\u0131nmamas\u0131n\u0131 \u00f6ng\u00f6ren de\u011fi\u015fiklik \u00f6nergesini kabul etti. Komisyon yasa tasar\u0131s\u0131n\u0131 &#8220;kabul edilemez&#8221; bulurken, sekiz \u00fcyenin ise \u00e7ekimser oy kulland\u0131\u011f\u0131 bildirildi.<!--more--><\/p>\n<p style=\"text-align: justify;\">Komisyonun olumsuz y\u00f6nde g\u00f6r\u00fc\u015f bildirmesi, yasa teklifinin 23 Ocak&#8217;ta Genel Kurul&#8217;a gelmesi i\u00e7in engel de\u011fil, ancak s\u00f6z konusu karar\u0131n Senato \u00fcyelerinin \u00fczerinde etkili olmas\u0131 bekleniyor.<\/p>\n<p style=\"text-align: justify;\">Anayasa Komisyonu&#8217;nun onaylad\u0131\u011f\u0131 de\u011fi\u015fiklik \u00f6nergesinin Genel Kurul&#8217;da da kabul edilmesi halinde teklif g\u00f6r\u00fc\u015f\u00fclmeden g\u00fcndemden d\u00fc\u015fecek.<\/p>\n<p style=\"text-align: justify;\">Fransa Senatosu&#8217;nda 4 May\u0131s 2011&#8217;de de bir Sosyalist senat\u00f6r taraf\u0131ndan getirilen ayn\u0131 y\u00f6ndeki yasa teklifi, Genel Kurul&#8217;da incelemeye al\u0131nmamas\u0131n\u0131 \u00f6ng\u00f6ren de\u011fi\u015fiklik \u00f6nergesinin kabul\u00fcn\u00fcn ard\u0131ndan g\u00fcndemden d\u00fc\u015f\u00fcr\u00fclm\u00fc\u015ft\u00fc.<\/p>\n<p style=\"text-align: justify;\"><strong>REDDED\u0130LME \u015eANSI ARTIYOR<\/strong><\/p>\n<p style=\"text-align: justify;\">Frans\u0131z Senatosu Kanunlar Komisyonunun, 1915 olaylar\u0131yla ilgili Ermeni iddialar\u0131n\u0131n reddedilmesini su\u00e7 sayan ve Meclis&#8217;te kabul edilen yasa teklifinin kar\u015f\u0131s\u0131nda bug\u00fcn ald\u0131\u011f\u0131 kesin tav\u0131r, yasa teklifinin senato genel kurulunda da reddedilme \u015fans\u0131n\u0131 art\u0131r\u0131yor.<\/p>\n<p style=\"text-align: justify;\">\u00d6nemli hukuk\u00e7u senat\u00f6rlerden olu\u015fan Kanunlar Komisyonu&#8217;nun &#8221;anayasaya ayk\u0131r\u0131 oldu\u011fu&#8221;gerek\u00e7esiyle bug\u00fcn kabul etti\u011fi de\u011fi\u015fiklik \u00f6nergesinin, yasa teklifine kar\u015f\u0131 \u00e7\u0131kanlar\u0131n say\u0131s\u0131n\u0131 da art\u0131rmas\u0131 bekleniyor.<\/p>\n<p style=\"text-align: justify;\">Senatoda az say\u0131da sandalyeye sahip, &#8221;radikal sol&#8221;, &#8221;ye\u015fil grup ve &#8221;yeni merkez gruba&#8221; \u00fcye senat\u00f6rler daha \u00f6nce, yasa teklifine &#8216;hay\u0131r&#8221; diyeceklerini a\u00e7\u0131klam\u0131\u015ft\u0131.<\/p>\n<p style=\"text-align: justify;\">Senatoda \u00e7o\u011funlu\u011fa sahip Sosyalist Partiye \u00fcye senat\u00f6rler ve iktidardaki Halk Hareketi Birli\u011fi&#8217;ne \u00fcye senat\u00f6rler, yasa teklifinin reddedilmesi konusunda ikiye b\u00f6l\u00fcnm\u00fc\u015f durumda.<\/p>\n<p style=\"text-align: justify;\">Cumhurba\u015fkan\u0131 Nicolas Sarkozy ve Sosyalist lider Francois Hollande, \u00fc\u00e7 ay sonra yap\u0131lacak cumhurba\u015fkanl\u0131\u011f\u0131 se\u00e7imlerinde Ermeni se\u00e7menlerin oylar\u0131n\u0131 alabilmek i\u00e7in yasa teklifinin kabul edilmesini istiyor. Ancak, Meclis gruplar\u0131na tamamen hakim olan Sarkozy ve Hollande, senatodaki gruplar\u0131na ayn\u0131 rahatl\u0131kta hakim de\u011fil.<\/p>\n<p style=\"text-align: justify;\">\u0130ktidar partisi ve Sosyalist senat\u00f6rlerin \u00f6nemli bir k\u0131sm\u0131, &#8221;anayasaya ayk\u0131r\u0131&#8221; oldu\u011fu gerek\u00e7esiyle yasa teklifine kar\u015f\u0131.<\/p>\n<p style=\"text-align: justify;\">Eski senat\u00f6r ve adalet bakanlar\u0131ndan Robert Badinter&#8217;in, ge\u00e7en y\u0131l 4 May\u0131s&#8217;ta yap\u0131lan ve g\u00fcndeme al\u0131nmayan yasa teklifinin g\u00f6r\u00fc\u015f\u00fclmesi s\u0131ras\u0131nda yapt\u0131\u011f\u0131 konu\u015fma, Ermeni olaylar\u0131yla ilgili \u00e7\u0131kart\u0131lmak istenen ikinci yasa tasar\u0131s\u0131 hakk\u0131nda, &#8221;anayasaya ayk\u0131r\u0131 oldu\u011fu gerek\u00e7esiyle dava a\u00e7\u0131lmas\u0131 halinde, birinci yasan\u0131n da iptal edilece\u011fi&#8221; konusunda yapt\u0131\u011f\u0131 uyar\u0131, Fransa&#8217;da \u00f6nemli bir hukuk tart\u0131\u015fmas\u0131n\u0131 da beraberinde getirmi\u015fti.<\/p>\n<p style=\"text-align: justify;\">Yine Frans\u0131z parlamentosu&#8217;nun, &#8221;tarihi olaylarla ilgili parlamentolar\u0131n de\u011fil tarih\u00e7ilerin s\u00f6z sahibi olmas\u0131 gerekti\u011fini&#8221; savunan raporu ile birlikte Fransa&#8217;n\u0131n \u00fcnl\u00fc tarih\u00e7ilerin, &#8221;ulusal parlamentolar\u0131n tarihi olaylar konusunda yasa yapmas\u0131n\u0131 isteyen&#8221; \u00fcnl\u00fc bildirisi, Frans\u0131z kamuoyunda ikinci yasaya kar\u015f\u0131 \u00e7\u0131kanlar\u0131n say\u0131s\u0131n\u0131 art\u0131rm\u0131\u015ft\u0131.<\/p>\n<p style=\"text-align: justify;\">Fransa&#8217;n\u0131n \u00fcnl\u00fc gazeteleri Le Monde, Le Figaro ve Liberation, ba\u015fmakalelerinde, 1915 olaylar\u0131yla ilgili Ermeni iddialar\u0131n\u0131n reddinin su\u00e7 say\u0131lmas\u0131n\u0131 \u00f6ng\u00f6ren yasa teklifi kar\u015f\u0131s\u0131nda g\u00f6r\u00fc\u015f bildirmi\u015fti.<\/p>\n<p style=\"text-align: justify;\">Fransa&#8217;daki Ermeni diasporas\u0131na ait internet sitelerinde de yasa teklifinin bu kez kabul edilme \u015fans\u0131n\u0131n \u00e7ok kolay olmad\u0131\u011f\u0131 yorumlar\u0131 yap\u0131l\u0131yor.<\/p>\n<p style=\"text-align: justify;\">Kanunlar Komisyonunda bug\u00fcn yap\u0131lan oylamada, yasa teklifinin incelenmeye al\u0131nmamas\u0131n\u0131 \u00f6ng\u00f6ren de\u011fi\u015fiklik \u00f6nergesi, 9&#8217;a kar\u015f\u0131 23 oyla kabul edilmi\u015fti.<\/p>\n<p style=\"text-align: justify;\">Bu karara ra\u011fmen teklif 23 Ocak&#8217;ta Senato Genel Kurulu&#8217;nun g\u00fcndemine gelecek, ancak Genel Kurul&#8217;daki nihai oylamadan \u00f6nce yasa teklifiyle ilgili de\u011fi\u015fiklik \u00f6nergesi oylamaya sunulacak.<\/p>\n<p style=\"text-align: justify;\">De\u011fi\u015fiklik \u00f6nergesinin Genel Kurul&#8217;da kabul edilmesi halinde teklif g\u00f6r\u00fc\u015f\u00fclmeden g\u00fcndemden d\u00fc\u015fecek.<\/p>\n<p style=\"text-align: justify;\">Fransa Senatosu&#8217;nda 4 May\u0131s 2011&#8217;de de bir Sosyalist senat\u00f6r taraf\u0131ndan getirilen ayn\u0131 y\u00f6ndeki yasa teklifi, Genel Kurul&#8217;da incelemeye al\u0131nmamas\u0131n\u0131 \u00f6ng\u00f6ren de\u011fi\u015fiklik \u00f6nergesinin kabul\u00fcyle g\u00fcndemden d\u00fc\u015f\u00fcr\u00fclm\u00fc\u015ft\u00fc.<\/p>\n<p style=\"text-align: justify;\"><a href=\"http:\/\/www.gazeteport.com.tr\/haber\/74296\/quottasari_anayasaya_aykiriquot\" target=\"_blank\">Kaynak : GAZETEPORT<\/a><\/p>\n","protected":false},"excerpt":{"rendered":"<p style=\"text-align: center;\">\n<p style=\"text-align: justify;\">Fransa Senatosu&#8217;nun Anayasa Komisyonu, &#8220;soyk\u0131r\u0131m\u0131 inkar yasas\u0131&#8221;n\u0131 dokuza kar\u015f\u0131 23 oyla &#8220;anayasaya ayk\u0131r\u0131&#8221; buldu.<\/p>\n<p style=\"text-align: justify;\">Anayasa Komisyonu, 1915 olaylar\u0131yla ilgili Ermeni iddialar\u0131n\u0131n reddedilmesini su\u00e7 sayan ve ge\u00e7ti\u011fimiz ay Meclis&#8217;te kabul edilen yasa teklifinin Senato&#8217;nun g\u00fcndeminde incelenmeye al\u0131nmamas\u0131n\u0131 \u00f6ng\u00f6ren de\u011fi\u015fiklik \u00f6nergesini kabul etti. Komisyon yasa tasar\u0131s\u0131n\u0131 &#8220;kabul edilemez&#8221; bulurken, sekiz <\/p>\n","protected":false},"author":1,"featured_media":0,"comment_status":"open","ping_status":"open","sticky":false,"template":"","format":"standard","meta":{"footnotes":""},"categories":[105],"tags":[],"class_list":["post-46766","post","type-post","status-publish","format-standard","hentry","category-gundem","odd"],"_links":{"self":[{"href":"http:\/\/www.korhanyilmaz.com\/index.php?rest_route=\/wp\/v2\/posts\/46766","targetHints":{"allow":["GET"]}}],"collection":[{"href":"http:\/\/www.korhanyilmaz.com\/index.php?rest_route=\/wp\/v2\/posts"}],"about":[{"href":"http:\/\/www.korhanyilmaz.com\/index.php?rest_route=\/wp\/v2\/types\/post"}],"author":[{"embeddable":true,"href":"http:\/\/www.korhanyilmaz.com\/index.php?rest_route=\/wp\/v2\/users\/1"}],"replies":[{"embeddable":true,"href":"http:\/\/www.korhanyilmaz.com\/index.php?rest_route=%2Fwp%2Fv2%2Fcomments&post=46766"}],"version-history":[{"count":0,"href":"http:\/\/www.korhanyilmaz.com\/index.php?rest_route=\/wp\/v2\/posts\/46766\/revisions"}],"wp:attachment":[{"href":"http:\/\/www.korhanyilmaz.com\/index.php?rest_route=%2Fwp%2Fv2%2Fmedia&parent=46766"}],"wp:term":[{"taxonomy":"category","embeddable":true,"href":"http:\/\/www.korhanyilmaz.com\/index.php?rest_route=%2Fwp%2Fv2%2Fcategories&post=46766"},{"taxonomy":"post_tag","embeddable":true,"href":"http:\/\/www.korhanyilmaz.com\/index.php?rest_route=%2Fwp%2Fv2%2Ftags&post=46766"}],"curies":[{"name":"wp","href":"https:\/\/api.w.org\/{rel}","templated":true}]}}