{"id":46763,"date":"2012-01-18T13:28:40","date_gmt":"2012-01-18T11:28:40","guid":{"rendered":"http:\/\/www.korhanyilmaz.com\/?p=46763"},"modified":"2012-01-18T15:27:03","modified_gmt":"2012-01-18T13:27:03","slug":"askeri-taburda-faili-mechul-kazisi","status":"publish","type":"post","link":"http:\/\/www.korhanyilmaz.com\/?p=46763","title":{"rendered":"Askeri taburda faili me\u00e7hul kaz\u0131s\u0131"},"content":{"rendered":"<p style=\"text-align: center;\"><a href=\"http:\/\/www.korhanyilmaz.com\/wp-content\/uploads\/2012\/01\/9260.jpg\"  class=\"lightview\"><img loading=\"lazy\" decoding=\"async\" class=\"aligncenter  wp-image-46764\" src=\"http:\/\/www.korhanyilmaz.com\/wp-content\/uploads\/2012\/01\/9260.jpg\" alt=\"\" width=\"396\" height=\"180\" \/><\/a><\/p>\n<p style=\"text-align: justify;\">Silopi&#8217;nin G\u00f6r\u00fcml\u00fc Beldesi&#8217;ndeki Jandarma Tabur Komutanl\u0131\u011f\u0131&#8217;nda faili me\u00e7hul kaz\u0131s\u0131 yap\u0131lmaya ba\u015fland\u0131.<\/p>\n<p style=\"text-align: justify;\">\u015eIRNAK &#8211; G\u00fcneydo\u011fu&#8217;da, 1990&#8217;l\u0131 y\u0131llarda i\u015flenen faili me\u00e7hul cinayetlerine ili\u015fkin y\u00fcr\u00fct\u00fclen soru\u015fturma kapsam\u0131nda \u015e\u0131rnak&#8217;\u0131n Silopi \u0130l\u00e7esi G\u00f6r\u00fcml\u00fc Beldesi&#8217;ndeki Jandarma Tabur Komutanl\u0131\u011f\u0131&#8217;nda faili me\u00e7hul kaz\u0131s\u0131 yap\u0131lmaya ba\u015fland\u0131. 1993 y\u0131l\u0131nda taburda g\u00f6rev yapan bir askerin ifadesiyle ba\u015flayan soru\u015fturma kapsam\u0131nda, 6 ki\u015finin g\u00f6m\u00fcld\u00fc\u011f\u00fc iddia edile tabur i\u00e7indeki b\u00f6lgede bir savc\u0131 denetiminde kaz\u0131 yap\u0131lmaya ba\u015fland\u0131.\u00a0<!--more--><\/p>\n<p style=\"text-align: justify;\">Silopi&#8217;nin G\u00f6r\u00fcml\u00fc Beldesi&#8217;nde bulunan Jandarma Tabur Komutanl\u0131\u011f\u0131&#8217;nda 1993 y\u0131l\u0131nda askerlik yapan bir ki\u015fi, Diyarbak\u0131r \u00d6zel Yetkili Cumhuriyet Ba\u015fsavc\u0131l\u0131\u011f\u0131&#8217;na ba\u015fvurarak 1993 y\u0131l\u0131nda 6 k\u00f6yl\u00fcn\u00fcn PKK&#8217;ya yard\u0131m ve yatakl\u0131k ettikleri gerek\u00e7esiyle g\u00f6zalt\u0131na al\u0131n\u0131p tabura getirildi\u011fini ve ayaklar\u0131na kur\u015fun s\u0131k\u0131ld\u0131ktan sonra bir cipin arkas\u0131na ba\u011flan\u0131p. s\u00fcr\u00fcklenerek \u00f6ld\u00fcr\u00fcld\u00fc\u011f\u00fcn\u00fc ve tabur b\u00f6lgesinde bir yere g\u00f6m\u00fcld\u00fcklerini anlatt\u0131.<\/p>\n<p style=\"text-align: justify;\">S\u00f6z konusu asker, 6 ki\u015finin g\u00f6m\u00fcld\u00fc\u011f\u00fc yerle ilgili de cizdi\u011fi krokiyi savc\u0131l\u0131\u011fa teslim etti.<\/p>\n<p style=\"text-align: justify;\">\u0130fade \u00fczerine soru\u015fturma a\u00e7an savc\u0131l\u0131k, g\u00f6rg\u00fc tan\u0131\u011f\u0131 ki\u015fi ile G\u00f6r\u00fcml\u00fc Jandarma Tabur Komutanl\u0131\u011f\u0131&#8217;na d\u00fcn giderek olay yerinde ke\u015fif yapt\u0131 ve 6 ki\u015finin g\u00f6m\u00fcld\u00fc\u011f\u00fc yer oldu\u011fu iddia edilen b\u00f6lgenin kaz\u0131lmas\u0131na karar verdi.<\/p>\n<p style=\"text-align: justify;\">Savc\u0131l\u0131\u011f\u0131n bu karar\u0131 \u00fczerine d\u00fcn ke\u015fif yap\u0131lan b\u00f6lgede bug\u00fcn faili me\u00e7hul kaz\u0131s\u0131 yap\u0131lmaya ba\u015fland\u0131. Kaz\u0131 Silopi Cumhuriyet Savc\u0131s\u0131 deneteminde yap\u0131l\u0131rken, kaz\u0131ya olay yeri inceleme ekipleri, Adli T\u0131p Kurumu uzmanlar\u0131 ile \u015e\u0131rnak Barosu&#8217;ndan bir avukat haz\u0131r bulundu.<\/p>\n<p style=\"text-align: justify;\"><strong>KAYIP 6 K\u00d6YL\u00dcDEN 19 YILDIR HABER ALINAMIYOR<\/strong><\/p>\n<p style=\"text-align: justify;\">G\u00f6r\u00fcml\u00fc Beldesi k\u0131rsal kesiminde 13 May\u0131s 1993 tarihinde \u00e7\u0131kan ve 2 askerin \u015fehit oldu\u011fu \u00e7at\u0131\u015fmadan bir g\u00fcn sonra G\u00f6r\u00fcml\u00fc&#8217;ye ba\u011fl\u0131 Derecik Mezras\u0131&#8217;ndan g\u00f6zalt\u0131na al\u0131nan 6 ki\u015fiden 19 y\u0131ld\u0131r haber al\u0131nam\u0131yordu.<\/p>\n<p style=\"text-align: justify;\"><a href=\"http:\/\/www.gazeteport.com.tr\/haber\/74277\/askeri_taburda_faili_mechul_kazisi\" target=\"_blank\">Kaynak : GAZETEPORT<\/a><\/p>\n","protected":false},"excerpt":{"rendered":"<p style=\"text-align: center;\">\n<p style=\"text-align: justify;\">Silopi&#8217;nin G\u00f6r\u00fcml\u00fc Beldesi&#8217;ndeki Jandarma Tabur Komutanl\u0131\u011f\u0131&#8217;nda faili me\u00e7hul kaz\u0131s\u0131 yap\u0131lmaya ba\u015fland\u0131.<\/p>\n<p style=\"text-align: justify;\">\u015eIRNAK &#8211; G\u00fcneydo\u011fu&#8217;da, 1990&#8217;l\u0131 y\u0131llarda i\u015flenen faili me\u00e7hul cinayetlerine ili\u015fkin y\u00fcr\u00fct\u00fclen soru\u015fturma kapsam\u0131nda \u015e\u0131rnak&#8217;\u0131n Silopi \u0130l\u00e7esi G\u00f6r\u00fcml\u00fc Beldesi&#8217;ndeki Jandarma Tabur Komutanl\u0131\u011f\u0131&#8217;nda faili me\u00e7hul kaz\u0131s\u0131 yap\u0131lmaya ba\u015fland\u0131. 1993 y\u0131l\u0131nda taburda g\u00f6rev yapan bir askerin ifadesiyle ba\u015flayan soru\u015fturma kapsam\u0131nda, <\/p>\n","protected":false},"author":1,"featured_media":0,"comment_status":"open","ping_status":"open","sticky":false,"template":"","format":"standard","meta":{"footnotes":""},"categories":[105],"tags":[],"class_list":["post-46763","post","type-post","status-publish","format-standard","hentry","category-gundem","odd"],"_links":{"self":[{"href":"http:\/\/www.korhanyilmaz.com\/index.php?rest_route=\/wp\/v2\/posts\/46763","targetHints":{"allow":["GET"]}}],"collection":[{"href":"http:\/\/www.korhanyilmaz.com\/index.php?rest_route=\/wp\/v2\/posts"}],"about":[{"href":"http:\/\/www.korhanyilmaz.com\/index.php?rest_route=\/wp\/v2\/types\/post"}],"author":[{"embeddable":true,"href":"http:\/\/www.korhanyilmaz.com\/index.php?rest_route=\/wp\/v2\/users\/1"}],"replies":[{"embeddable":true,"href":"http:\/\/www.korhanyilmaz.com\/index.php?rest_route=%2Fwp%2Fv2%2Fcomments&post=46763"}],"version-history":[{"count":0,"href":"http:\/\/www.korhanyilmaz.com\/index.php?rest_route=\/wp\/v2\/posts\/46763\/revisions"}],"wp:attachment":[{"href":"http:\/\/www.korhanyilmaz.com\/index.php?rest_route=%2Fwp%2Fv2%2Fmedia&parent=46763"}],"wp:term":[{"taxonomy":"category","embeddable":true,"href":"http:\/\/www.korhanyilmaz.com\/index.php?rest_route=%2Fwp%2Fv2%2Fcategories&post=46763"},{"taxonomy":"post_tag","embeddable":true,"href":"http:\/\/www.korhanyilmaz.com\/index.php?rest_route=%2Fwp%2Fv2%2Ftags&post=46763"}],"curies":[{"name":"wp","href":"https:\/\/api.w.org\/{rel}","templated":true}]}}