{"id":46759,"date":"2012-01-18T09:35:25","date_gmt":"2012-01-18T07:35:25","guid":{"rendered":"http:\/\/www.korhanyilmaz.com\/?p=46759"},"modified":"2012-01-18T15:21:48","modified_gmt":"2012-01-18T13:21:48","slug":"3-yargi-paketi-aciklandi","status":"publish","type":"post","link":"http:\/\/www.korhanyilmaz.com\/?p=46759","title":{"rendered":"3. yarg\u0131 paketi a\u00e7\u0131kland\u0131"},"content":{"rendered":"<p style=\"text-align: center;\"><a href=\"http:\/\/www.korhanyilmaz.com\/wp-content\/uploads\/2012\/01\/9259.jpg\"  class=\"lightview\"><img loading=\"lazy\" decoding=\"async\" class=\"aligncenter  wp-image-46760\" src=\"http:\/\/www.korhanyilmaz.com\/wp-content\/uploads\/2012\/01\/9259.jpg\" alt=\"\" width=\"396\" height=\"180\" \/><\/a><\/p>\n<p style=\"text-align: justify;\">Adalet Bakan\u0131 Sadullah Ergin, \u00f6zel yetkili mahkemelerde savunma hakk\u0131n\u0131n kullan\u0131m\u0131n\u0131n geni\u015fletildi\u011fini belirterek, \u00f6zel yetkili savc\u0131larca y\u00fcr\u00fct\u00fclen soru\u015fturmalarda, \u015f\u00fcphelinin ifade tutana\u011f\u0131na, bilirki\u015fi raporuna, di\u011fer bir k\u0131s\u0131m adli i\u015flemlerle elde edilen delillere ili\u015fkin olarak \u201cen fazla 3 ay s\u00fcreyle\u201d gizlilik karar\u0131n\u0131n verilebilece\u011fini kaydetti. Ergin bu s\u00fcrenin uzat\u0131lamayaca\u011f\u0131n\u0131 belirtti.<!--more--><\/p>\n<p style=\"text-align: justify;\">ANKARA &#8211; Adalet Bakan\u0131 Sadullah Ergin, \u00f6zel yetkili mahkemelerde savunma hakk\u0131n\u0131n kullan\u0131m\u0131n\u0131n geni\u015fletildi\u011fini belirterek, \u00f6zel yetkili savc\u0131larca y\u00fcr\u00fct\u00fclen soru\u015fturmalarda, \u015f\u00fcphelinin ifade tutana\u011f\u0131na, bilirki\u015fi raporuna, di\u011fer bir k\u0131s\u0131m adli i\u015flemlerle elde edilen delillere ili\u015fkin olarak \u201cen fazla 3 ay s\u00fcreyle\u201d gizlilik karar\u0131n\u0131n verilebilece\u011fini kaydetti. Ergin bu s\u00fcrenin uzat\u0131lamayaca\u011f\u0131n\u0131 belirtti.<\/p>\n<p style=\"text-align: justify;\">Bakan Ergin, yarg\u0131 hizmetlerinin daha etkin, s\u00fcratli ve verimli s\u00fcrd\u00fcr\u00fclebilmesi amac\u0131yla getirilen yenilikleri i\u00e7eren 3. Yarg\u0131 paketini a\u00e7\u0131klad\u0131. Ergin, Hakimevi\u2019nde d\u00fczenlenen bas\u0131n toplant\u0131s\u0131nda tasar\u0131n\u0131n y\u00fcze yak\u0131n maddeden olu\u015ftu\u011funu ifade ederken, ceza, icra-iflas, idari yarg\u0131 ile bas\u0131n ve ifade \u00f6zg\u00fcrl\u00fc\u011f\u00fc alanlar\u0131nda d\u00fczenlemeler yap\u0131ld\u0131\u011f\u0131n\u0131 kaydetti. Bakan Ergin, tasar\u0131daki ceza mevzuat\u0131ndaki yeniliklere g\u00f6re, baz\u0131 fiillerin su\u00e7 kapsam\u0131ndan \u00e7\u0131kar\u0131larak \u201ckabahat\u201de d\u00f6n\u00fc\u015ft\u00fcr\u00fcld\u00fc\u011f\u00fcn\u00fc belirterek, yurda ka\u00e7ak girip yakalananlar, s\u0131n\u0131r d\u0131\u015f\u0131 edildi\u011fi halde tekrar yurda girmek isteyen yabanc\u0131lar, belge almadan seyahat acenteli\u011fi yapanlar ile belge almadan turist rehberli\u011fi yapanlar hakk\u0131nda hapis cezas\u0131 yerine m\u00fclki amir taraf\u0131ndan para cezas\u0131 verilece\u011fini kaydetti.<\/p>\n<p style=\"text-align: justify;\"><strong>VATANDA\u015e BAS\u0130T SU\u00c7LAR \u0130\u00c7\u0130N HAK\u0130M KAR\u015eISINA \u00c7IKMAYACAK<\/strong><\/p>\n<p style=\"text-align: justify;\">Tasar\u0131 ile vatanda\u015f\u0131n basit su\u00e7lar i\u00e7in hakim \u00f6n\u00fcne \u00e7\u0131kmak zorunda kalmayaca\u011f\u0131n\u0131 ifade eden Ergin, uygulama i\u00e7in \u00f6n \u00f6deme kapsam\u0131n\u0131n geni\u015fletildi\u011fini (kamu g\u00f6revlisinin ticaretle u\u011fra\u015fmas\u0131, yabanc\u0131 devlet bayra\u011f\u0131na kar\u015f\u0131 hakaret gibi) ancak sab\u0131kal\u0131 olanlar ile ma\u011fduru ger\u00e7ek ki\u015fi olanlara bu h\u00fckm\u00fcn uygulanmayaca\u011f\u0131n\u0131 s\u00f6yledi. Para cezas\u0131 miktar\u0131 ise 100 TL ile 3 bin 600 TL aras\u0131nda de\u011fi\u015fecek.<\/p>\n<p style=\"text-align: justify;\"><strong>KA\u00c7AK ELEKTR\u0130K HIRSIZLIK OLMAYACAK<\/strong><\/p>\n<p style=\"text-align: justify;\">Ergin tasar\u0131ya g\u00f6re ka\u00e7ak elektrik kullan\u0131m\u0131n\u0131n \u201ckar\u015f\u0131l\u0131ks\u0131z yararlanma\u201d su\u00e7una d\u00f6n\u00fc\u015ft\u00fcr\u00fcld\u00fc\u011f\u00fcn\u00fc belirtirken, borcun faiziyle birlikte \u00f6denmesi durumunda hapis cezas\u0131n\u0131n verilmeyece\u011fini, bu cezas\u0131zl\u0131k halinin su\u00e7u ilk kez i\u015fleyenlere uygulanaca\u011f\u0131n\u0131 kaydetti. Ancak ki\u015fi 5 y\u0131l i\u00e7inde ayn\u0131 su\u00e7u i\u015flerse, bu h\u00fck\u00fcmden yararlanamayacak ve hapis cezas\u0131 alacak. Ergin tasar\u0131da, molotofkokteylinin \u201csilah ve patlay\u0131c\u0131 madde\u201d kapsam\u0131na al\u0131nd\u0131\u011f\u0131n\u0131 da s\u00f6zlerine ekledi.<\/p>\n<p style=\"text-align: justify;\"><strong>\u00d6M\u00dcR BOYU SABIKA YOK<\/strong><\/p>\n<p style=\"text-align: justify;\">Bakan Ergin yine tasar\u0131 uyar\u0131nca kimsenin \u00f6m\u00fcr boyu sab\u0131kal\u0131 say\u0131lmayaca\u011f\u0131n\u0131, adli sicil kay\u0131tlar\u0131n\u0131n her hal\u00fckarda 30 y\u0131l ge\u00e7mesiyle birlikte silinece\u011fini ifade etti. Mevcut uygulamada adli sicil ar\u015fiv kay\u0131tlar\u0131n\u0131n ki\u015finin \u00f6l\u00fcm\u00fc ve ya 80 y\u0131l ge\u00e7tikten sonra silindi\u011fini hat\u0131rlatan Ergin, bir gazetecinin sorusu \u00fczerine \u00f6zellikle devlete kar\u015f\u0131 mahkum olan ki\u015filerin su\u00e7lar\u0131n\u0131n da bu uygulama kapsam\u0131na al\u0131nd\u0131\u011f\u0131n\u0131 s\u00f6yledi.<\/p>\n<p style=\"text-align: justify;\"><strong>TUTUKLAMA GEREK\u00c7ES\u0130 A\u00c7IK \u015eEK\u0130LDE YAZILACAK<\/strong><\/p>\n<p style=\"text-align: justify;\">Tasar\u0131yla tutuklama yerine uygulanabilecek alternatif tedbirlerin geni\u015fletildi\u011fini kaydeden Ergin, buna g\u00f6re 3 y\u0131l olarak uygulanan adli kontrol s\u0131n\u0131r\u0131n\u0131n 5 y\u0131la \u00e7\u0131kar\u0131ld\u0131\u011f\u0131n\u0131, tutuklaman\u0131n alternatifi olarak adli kontrol tedbirinin kapsam\u0131n\u0131n geni\u015fletildi\u011fini a\u00e7\u0131klad\u0131.<\/p>\n<p style=\"text-align: justify;\">Tutuklama karar\u0131 verilmesinin de zorla\u015ft\u0131r\u0131ld\u0131\u011f\u0131n\u0131 belirten Ergin, tutuklaman\u0131n hukuki ve fiili nedenlerle gerek\u00e7esinin a\u00e7\u0131k \u015fekilde yaz\u0131laca\u011f\u0131n\u0131 ifade etti. Buna g\u00f6re, verilen kararlarda \u201ckuvvetli su\u00e7 \u015f\u00fcphesi, tutuklama nedenlerinin varl\u0131\u011f\u0131, tutuklama tedbirinin \u00f6l\u00e7\u00fcl\u00fc oldu\u011fu\u201d somut olgularla gerek\u00e7elendirilerek a\u00e7\u0131k\u00e7a yaz\u0131lacak.<\/p>\n<p style=\"text-align: justify;\">Ergin, gazetecilerin sorusu \u00fczerine de T\u00fcrkiye\u2019de tutuklama uygulamas\u0131na y\u00f6nelik getirilen yeniliklerin A\u0130HM\u2019in T\u00fcrkiye aleyhine verdi\u011fi kararlar do\u011frultusunda d\u00fczenlendi\u011fini, A\u0130HM\u2019in ele\u015ftirilerinin dikkate al\u0131nd\u0131\u011f\u0131n\u0131 ifade etti.<\/p>\n<p style=\"text-align: justify;\"><strong>G\u00d6REV\u0130N\u0130 K\u00d6T\u00dcYE KULLANAN DOKTORA R\u00dc\u015eVET CEZASI<\/strong><\/p>\n<p style=\"text-align: justify;\">Yolsuzlukla m\u00fccadeleyi daha etkin hale getirmek amac\u0131yla da yeni d\u00fczenleme yap\u0131ld\u0131\u011f\u0131n\u0131 s\u00f6yleyen Ergin, g\u00f6revi k\u00f6t\u00fcye kullanma su\u00e7u olarak kabul edilen; \u201cicra memurunun g\u00f6revini yapmas\u0131, doktorun ameliyat etmesi, tapu memurunun i\u015flemleri h\u0131zland\u0131rmas\u0131 i\u00e7in para eylemlerinin\u201d r\u00fc\u015fvet su\u00e7u kapsam\u0131na girdi\u011fini belirtti. Ergin, g\u00f6revi k\u00f6t\u00fcye kullanmada cezan\u0131n 1 y\u0131ldan 3 y\u0131la kadar hapis iken, r\u00fc\u015fvetin cezas\u0131n\u0131n 4 y\u0131lda 12 y\u0131la kadar hapis oldu\u011funu da hat\u0131rlatt\u0131. Ergin ancak, \u00f6rne\u011fin bir hasta yak\u0131n\u0131n hastas\u0131 i\u00e7in doktora r\u00fc\u015fvet vermesi gibi, kamu g\u00f6revlisine menfaat temin etmek zorunda olmas\u0131 halinde, menfaati temin etmi\u015f olan ki\u015fi hakk\u0131nda ceza verilemeyece\u011fini kaydetti.<\/p>\n<p style=\"text-align: justify;\"><strong>\u00d6RG\u00dcT \u00dcYEL\u0130\u011e\u0130 SU\u00c7LARI<\/strong><\/p>\n<p style=\"text-align: justify;\">Ergin, \u00f6rg\u00fcte \u00fcye olmamakla birlikte \u00f6rg\u00fct ad\u0131na su\u00e7 i\u015fleyenler ki\u015filerin i\u015fledikleri esas su\u00e7 d\u0131\u015f\u0131nda, ayr\u0131ca \u00f6rg\u00fcte \u00fcye olmak su\u00e7undan dolay\u0131 da cezaland\u0131r\u0131ld\u0131\u011f\u0131n ifade ederek, tasar\u0131yla \u00f6rg\u00fcte \u00fcye olmak su\u00e7undan dolar\u0131 verilecek cezalar\u0131n yar\u0131 oran\u0131nda indirilmesinin \u00f6n g\u00f6r\u00fcld\u00fc\u011f\u00fcn\u00fc belirtti. Ergin, \u00f6rg\u00fcte bilerek ve isteyerek yard\u0131m edenler i\u00e7in; \u00f6rg\u00fcte \u00fcye olmak su\u00e7undan dolay\u0131 verilecek cezan\u0131n, yap\u0131lan yard\u0131m\u0131n niteli\u011fine g\u00f6re \u00fc\u00e7te ikisine kadar indirilebilece\u011fini belirtti.<\/p>\n<p style=\"text-align: justify;\"><strong>\u00d6ZEL YETK\u0130L\u0130 SAVCI EN FAZLA 3 AY G\u0130ZL\u0130L\u0130K KARARI VEREB\u0130LECEK<\/strong><\/p>\n<p style=\"text-align: justify;\">Tasar\u0131daki bir ba\u015fka d\u00fczenlemeyle ise \u00f6zel yetkili mahkemelerde savunma hakk\u0131n\u0131n kullan\u0131m\u0131n\u0131n geni\u015fletildi\u011fini belirten Ergin, \u00f6zel yetkili savc\u0131larca y\u00fcr\u00fct\u00fclen soru\u015fturmalarda, \u015f\u00fcphelinin ifade tutana\u011f\u0131na, bilirki\u015fi raporuna, di\u011fer bir k\u0131s\u0131m adli i\u015flemlerle elde edilen delillere ili\u015fkin olarak \u201cen fazla 3 ay s\u00fcreyle\u201d gizlilik karar\u0131n\u0131n verilebilece\u011fini kaydetti. Buna g\u00f6re, belgelerden \u00f6rnek alma hakk\u0131na getirilen ve dava a\u00e7\u0131l\u0131ncaya kadar devam ettirebilen s\u0131n\u0131rlaman\u0131n uygulanmas\u0131 3 ayla s\u0131n\u0131rl\u0131 tutulacak.<\/p>\n<p style=\"text-align: justify;\"><strong>S\u00dcRE UZATILMAYACAK<\/strong><\/p>\n<p style=\"text-align: justify;\">Ergin bir gazetecinin sorusu \u00fczerine bu s\u00fcrenin uzat\u0131lamayaca\u011f\u0131n\u0131 belirterek, \u201cTer\u00f6rle M\u00fccadele Kanunundan (TMK) kaynakl\u0131 s\u00fcresiz bir uygulama \u00f6n\u00fcm\u00fczde vard\u0131. Bunun sak\u0131ncalar\u0131na d\u00f6n\u00fck olarak yap\u0131lan \u015fikayetler, \u00e7al\u0131\u015fmay\u0131 yapan heyet\u00e7e hakl\u0131 g\u00f6r\u00fclerek b\u00f6yle bir d\u00fczenlemeye gidilmi\u015ftir\u201d dedi.<\/p>\n<p style=\"text-align: justify;\">Yine d\u00fczenlemeye g\u00f6re, kovu\u015fturma a\u015famas\u0131nda esas hakk\u0131ndaki savunmas\u0131n\u0131 yapmak \u00fczere san\u0131k ve m\u00fcdafisine hakim taraf\u0131ndan verilen s\u00fcre s\u0131n\u0131rlamas\u0131 da kald\u0131r\u0131lacak.<\/p>\n<p style=\"text-align: justify;\">Basit ter\u00f6r su\u00e7lar\u0131nda da, bu su\u00e7lar i\u00e7in yapt\u0131r\u0131ma \u00e7evirme, erteleme yasa\u011f\u0131 kald\u0131r\u0131larak, ceza ertelenebilecek, paraya \u00e7evrilebilecek.<\/p>\n<p style=\"text-align: justify;\">Yine tasar\u0131 ile petrol boru hatlar\u0131na da koruma geldi. Buna g\u00f6re petrol boru hatt\u0131ndan h\u0131rs\u0131zl\u0131k su\u00e7u 5 y\u0131ldan 12 y\u0131la, \u00f6rg\u00fctl\u00fc ise 7,5 y\u0131ldan 18 y\u0131la kadar hapis ile cezaland\u0131r\u0131lacak. Tasar\u0131 ile kar\u015f\u0131l\u0131ks\u0131z \u00e7ek ke\u015fide edenlere hapis ve ya para verilmeyecek, sadece \u00e7ek d\u00fczenleme ve \u00e7ek hesab\u0131 a\u00e7ma yasa\u011f\u0131 uygulanacak.<\/p>\n<p style=\"text-align: justify;\"><a href=\"http:\/\/www.gazeteport.com.tr\/haber\/74194\/ergin_yargi_paketini_acikliyor\" target=\"_blank\">Kaynak : GAZETEPORT<\/a><\/p>\n","protected":false},"excerpt":{"rendered":"<p style=\"text-align: center;\">\n<p style=\"text-align: justify;\">Adalet Bakan\u0131 Sadullah Ergin, \u00f6zel yetkili mahkemelerde savunma hakk\u0131n\u0131n kullan\u0131m\u0131n\u0131n geni\u015fletildi\u011fini belirterek, \u00f6zel yetkili savc\u0131larca y\u00fcr\u00fct\u00fclen soru\u015fturmalarda, \u015f\u00fcphelinin ifade tutana\u011f\u0131na, bilirki\u015fi raporuna, di\u011fer bir k\u0131s\u0131m adli i\u015flemlerle elde edilen delillere ili\u015fkin olarak \u201cen fazla 3 ay s\u00fcreyle\u201d gizlilik karar\u0131n\u0131n verilebilece\u011fini kaydetti. Ergin bu s\u00fcrenin uzat\u0131lamayaca\u011f\u0131n\u0131 belirtti.<\/p>\n","protected":false},"author":1,"featured_media":0,"comment_status":"open","ping_status":"open","sticky":false,"template":"","format":"standard","meta":{"footnotes":""},"categories":[105],"tags":[],"class_list":["post-46759","post","type-post","status-publish","format-standard","hentry","category-gundem","odd"],"_links":{"self":[{"href":"http:\/\/www.korhanyilmaz.com\/index.php?rest_route=\/wp\/v2\/posts\/46759","targetHints":{"allow":["GET"]}}],"collection":[{"href":"http:\/\/www.korhanyilmaz.com\/index.php?rest_route=\/wp\/v2\/posts"}],"about":[{"href":"http:\/\/www.korhanyilmaz.com\/index.php?rest_route=\/wp\/v2\/types\/post"}],"author":[{"embeddable":true,"href":"http:\/\/www.korhanyilmaz.com\/index.php?rest_route=\/wp\/v2\/users\/1"}],"replies":[{"embeddable":true,"href":"http:\/\/www.korhanyilmaz.com\/index.php?rest_route=%2Fwp%2Fv2%2Fcomments&post=46759"}],"version-history":[{"count":0,"href":"http:\/\/www.korhanyilmaz.com\/index.php?rest_route=\/wp\/v2\/posts\/46759\/revisions"}],"wp:attachment":[{"href":"http:\/\/www.korhanyilmaz.com\/index.php?rest_route=%2Fwp%2Fv2%2Fmedia&parent=46759"}],"wp:term":[{"taxonomy":"category","embeddable":true,"href":"http:\/\/www.korhanyilmaz.com\/index.php?rest_route=%2Fwp%2Fv2%2Fcategories&post=46759"},{"taxonomy":"post_tag","embeddable":true,"href":"http:\/\/www.korhanyilmaz.com\/index.php?rest_route=%2Fwp%2Fv2%2Ftags&post=46759"}],"curies":[{"name":"wp","href":"https:\/\/api.w.org\/{rel}","templated":true}]}}