{"id":46752,"date":"2012-01-18T14:38:36","date_gmt":"2012-01-18T12:38:36","guid":{"rendered":"http:\/\/www.korhanyilmaz.com\/?p=46752"},"modified":"2012-01-18T14:56:21","modified_gmt":"2012-01-18T12:56:21","slug":"kurtceyi-yasaklayin-yargilama-yapmayin","status":"publish","type":"post","link":"http:\/\/www.korhanyilmaz.com\/?p=46752","title":{"rendered":"&#8220;K\u00fcrt\u00e7eyi yasaklay\u0131n, yarg\u0131lama yapmay\u0131n&#8221;"},"content":{"rendered":"<p style=\"text-align: center;\"><a href=\"http:\/\/www.korhanyilmaz.com\/wp-content\/uploads\/2012\/01\/9256.jpg\"  class=\"lightview\"><img loading=\"lazy\" decoding=\"async\" class=\"aligncenter  wp-image-46753\" src=\"http:\/\/www.korhanyilmaz.com\/wp-content\/uploads\/2012\/01\/9256.jpg\" alt=\"\" width=\"270\" height=\"212\" \/><\/a><\/p>\n<p style=\"text-align: justify;\">KCK\/TM ana davas\u0131nda K\u00fcrt\u00e7e savunma krizi s\u00fcr\u00fcyor. \u0130HD Diyarbak\u0131r eski \u015eube Ba\u015fkan\u0131 Muharrem Erbey&#8217;in K\u00fcrt\u00e7e savunma yaparken mikrofonun kapat\u0131lmas\u0131 \u00fczerine san\u0131k avukatlar\u0131ndan Sabahattin Acar, tepki g\u00f6sterdi. Acar, &#8220;Ya K\u00fcrt\u00e7e konu\u015fmay\u0131 tamamen yasaklay\u0131n, yarg\u0131lamay\u0131 yapmay\u0131n. Ya da mikrofonu m\u00fcvekkilerimizin y\u00fcz\u00fcne kapatmay\u0131n. K\u00fcrt\u00e7e savunmalar\u0131na devam etsinler&#8221; dedi.\u00a0<!--more--><\/p>\n<p style=\"text-align: justify;\">K\u00fcrdistan Topluluklar Birli\u011fi T\u00fcrkiye Meclisi (KCK\/TM) ana davas\u0131nda 104&#8217;\u00fc tutuklu 152 san\u0131\u011f\u0131n yarg\u0131lanmas\u0131na bug\u00fcn Diyarbak\u0131r 6&#8217;\u0131nc\u0131 A\u011f\u0131r Ceza Mahkemesi&#8217;ndeki 37&#8217;nci duru\u015fmayla devam edildi. Duru\u015fmaya tutuklu 64 san\u0131k kat\u0131ld\u0131. Duru\u015fma nedeniyle adliye \u00e7evresinde s\u0131k\u0131 \u00f6nlemler al\u0131n\u0131rken, binaya girenlerin \u00fczerleri tek tek arand\u0131.<\/p>\n<p style=\"text-align: justify;\"><strong>Delil toplanmas\u0131 usule uygun de\u011fil talebi<\/strong><\/p>\n<p style=\"text-align: justify;\">Duru\u015fmada san\u0131k avukatlar\u0131n aramalar\u0131n ve delillerin usule uygun olmad\u0131\u011f\u0131 ve dosyadan \u00e7\u0131kar\u0131lmas\u0131 y\u00f6n\u00fcndeki talepleri \u00fczerine savc\u0131 Levent Kaya, duru\u015fman\u0131n ba\u015f\u0131nda m\u00fctaala verdi. Savc\u0131 Kaya m\u00fctaalada, &#8220;Dosyadaki evraklar\u0131n yap\u0131lan incelemesinde, b\u00fcro aramalar\u0131 s\u0131ras\u0131nda Cumhuriyet Savc\u0131s\u0131&#8217;n\u0131n bulunmad\u0131\u011f\u0131 i\u00e7in aramalar\u0131n ve elde edilen delillerin usule ayk\u0131 oldu\u011fu ve bu nedenle dosyadan \u00e7\u0131kar\u0131lmas\u0131 talep edilmi\u015ftir. Bu y\u00f6ndeki avukat beyanlar\u0131 ile ilgili yap\u0131lan dosya incelemesinde, ki\u015fisel su\u00e7 olmay\u0131p ter\u00f6r su\u00e7u nedeniyle aramalar\u0131n yap\u0131ld\u0131\u011f\u0131, bunun da CMK&#8217;n\u0131n 130&#8217;uncu maddesinde \u00f6zel kanunla ve ilgili avukatl\u0131k maddesi gere\u011fince yap\u0131ld\u0131\u011f\u0131n\u0131, ev ve i\u015fyeri aramalar\u0131nda elde edilen delillerin usul\u00fcne uygun yap\u0131lm\u0131\u015f olmas\u0131ndan kaynakl\u0131, taleplerin reddine karar verilmesi, kamu ad\u0131na m\u00fctaala olunur&#8221; dedi.<\/p>\n<p style=\"text-align: justify;\"><strong>Aramalarda mahkeme karar\u0131 yok<\/strong><\/p>\n<p style=\"text-align: justify;\">Daha sonra s\u00f6z alan san\u0131k avukatlar\u0131ndan Diyarbak\u0131r Barosu Ba\u015fkan\u0131 Mehmet Emin Aktar, avukatl\u0131k b\u00fcrosunda yap\u0131lacak araman\u0131n \u015fekli ve \u00f6zel d\u00fczenleme ile ilgili detayl\u0131 bilgi verdi. Aktar, &#8220;Aramalar\u0131n hakim karar\u0131na dayan\u0131larak, mahkeme karar\u0131 olmadan yap\u0131lm\u0131\u015ft\u0131r. Soru\u015fturma kapsam\u0131nda olmamas\u0131na ra\u011fmen \u0130HD b\u00fcrosu Muharrem Erbey \u015fahs\u0131nda aranarak, bilgisayarlar, belge ve d\u00f6k\u00fcm\u00fcnlara el konulmu\u015ftur. \u0130stanbul Cumhuriyet Ba\u015fsavc\u0131l\u0131\u011f\u0131 taraf\u0131ndan bir s\u00fcre \u00f6nce y\u00fcr\u00fct\u00fclen soru\u015fturma kapsam\u0131nda mahkeme karar\u0131yla, baro \u00fcyemiz 7 avukat arkada\u015f\u0131m\u0131z tutuklanm\u0131\u015ft\u0131. \u0130stanbul Cumhuriyet Ba\u015fsavc\u0131l\u0131\u011f\u0131 mahkeme karar\u0131yla soru\u015fturma yaparken, Diyarbak\u0131r Cumhuriyet Ba\u015fsavc\u0131l\u0131\u011f\u0131 mahkeme karar\u0131 olmaks\u0131z\u0131n hakim karar\u0131yla soru\u015fturma yapt\u0131\u011f\u0131 g\u00f6r\u00fclmektedir&#8221; dedi.<\/p>\n<p style=\"text-align: justify;\"><strong>Arama bahanesiyle t\u00fcm \u0130HD faaliyetleri soru\u015fturuldu<\/strong><\/p>\n<p style=\"text-align: justify;\">San\u0131k Muharrem Erbey&#8217;in ev ve i\u015fyerinde yap\u0131lan aramalar s\u0131ras\u0131nda haz\u0131r bulunan baro y\u00f6neticisi avukat Serhat Eren, aramalar\u0131n yap\u0131ld\u0131\u011f\u0131 g\u00fcn baro y\u00f6neticisi olarak Muharrem Erbey&#8217;in evine gitti\u011fini s\u00f6yledi. Eren, &#8220;Arama karar\u0131na bakt\u0131\u011f\u0131mda Muharrem Erbey&#8217;in i\u015fyeri i\u00e7in al\u0131nan bir arama karar\u0131 oldu\u011funu g\u00f6rd\u00fcm. Avukatl\u0131k yasas\u0131n\u0131n ilgili maddesi gere\u011fince bir avukat\u0131n evinin aranmas\u0131 i\u00e7in mahkeme karar\u0131 olmas\u0131 gerekti\u011fini ve bir Cumhuriyet Savc\u0131s\u0131&#8217;n\u0131n nezaretinde arama yap\u0131labilece\u011fini s\u00f6yledim. E\u011fer arama yapacaksan\u0131z baro y\u00f6neticisi bir avukat olarak bu aramaya e\u015flik edemeyece\u011fimi s\u00f6yledim. Daha sonra bir savc\u0131 geldi ve Cumhuriyet Ba\u015fsavc\u0131s\u0131&#8217;n\u0131 telefonla arayarak yakla\u015f\u0131k 20 dakika konu\u015ftu ve ikinci bir arama emri \u00e7\u0131kar\u0131ld\u0131. Daha sonra \u0130HD \u015fubesine gidildi. Ben yine arama karar\u0131n\u0131n avukat\u0131n i\u015fyeri i\u00e7in al\u0131nd\u0131\u011f\u0131n\u0131, i\u015fyerinin de binan\u0131n yan taraf\u0131nda oldu\u011funu s\u00f6ylememe ra\u011fmen kap\u0131y\u0131 a\u00e7t\u0131rd\u0131lar ve savc\u0131 \u00fc\u00e7\u00fcnc\u00fc bir arama emri alarak, Muharrem Erbey&#8217;in ba\u015fkanl\u0131k odas\u0131n\u0131 aramak bahanesiyle t\u00fcm \u0130HD faaliyetlerini soru\u015fturmu\u015ftur&#8221; dedi.<\/p>\n<p style=\"text-align: justify;\"><strong>Hakimle tart\u0131\u015ft\u0131<\/strong><\/p>\n<p style=\"text-align: justify;\">Bunun \u00fczerine Mahkeme Ba\u015fkan\u0131 Menderes Y\u0131lmaz da, &#8220;Mahkememiz bu taleplerle ilgili daha sonra karar verecek&#8221; demesi \u00fczerine savunma avukatlar\u0131 ile Mahkeme Ba\u015fkan\u0131 Menderes Y\u0131lmaz aras\u0131nda, arama ve el konulmaya ili\u015fkin hakim karar\u0131 \u00fczerine k\u0131sa s\u00fcreli s\u00f6zl\u00fc tart\u0131\u015fma ya\u015fand\u0131. Avukatlar, hakim karar\u0131n\u0131n dosyada olmad\u0131\u011f\u0131n\u0131 savunurken, Mahkeme Ba\u015fkan\u0131 Y\u0131lmaz, kendi dosyas\u0131nda arama ve el konulmaya ili\u015fkin karar\u0131n bulundu\u011funu s\u00f6yledi.<\/p>\n<p style=\"text-align: justify;\">K\u0131sa s\u00fcreli tart\u0131\u015fma sonras\u0131 Muharrem Erbey ile ilgili telefon dinleme ve tape kay\u0131tlar\u0131n\u0131n okunmas\u0131na ge\u00e7ildi. Tuncelili bir aile ile Muharrem Erbey aras\u0131nda, \u015e\u0131rnak&#8217;ta \u00f6ld\u00fcr\u00fclen \u00e7ocuklar\u0131n\u0131n cesedinin al\u0131nmas\u0131 ile ilgili ge\u00e7en konu\u015fma kay\u0131tlar\u0131 okundu. Muharrem Erbey, K\u00fcrt\u00e7e olarak, &#8220;20 y\u0131ldan beri cesetlerin al\u0131nmas\u0131 konusunda ailelere hukuki yard\u0131m yap\u0131yoruz&#8221; derken, bir ka\u00e7 saniye sonra mikrofonu kapat\u0131ld\u0131.<\/p>\n<p style=\"text-align: justify;\">San\u0131k avukatlar\u0131ndan Reyhan Yal\u00e7\u0131nda\u011f Baydemir, yasalar\u0131n insan haklar\u0131 savunucular\u0131n\u0131 yarg\u0131lamak yerine savunmas\u0131 gerekti\u011fini belirtti. Baydemir, &#8220;\u0130nsan haklar\u0131 savunucular\u0131, ya\u015fam\u0131n\u0131 yitiren insanlar\u0131n ailelerine her zaman hukuki yard\u0131mda bulunurlar. Bu onlar\u0131n g\u00f6revidir. Y\u0131llardan beri \u00f6ld\u00fcr\u00fclen insanlar toplu mezarlara g\u00f6m\u00fcld\u00fc. \u0130nsanlar\u0131n toplu mezarlara g\u00f6m\u00fclmesi ba\u015fl\u0131 ba\u015f\u0131na bir su\u00e7tur. \u0130\u00e7kale&#8217;de yap\u0131lan kaz\u0131 s\u0131ras\u0131nda ortaya \u00e7\u0131kan toplu mezarda, J\u0130TEM&#8217;in i\u015fledi\u011fi cinayetler sonucu ailelerine verilmeyen cesetler toplu olarak g\u00f6m\u00fclm\u00fc\u015ft\u00fcr. Yasalar, insan haklar\u0131 savunucular\u0131n\u0131 yargalamak yerine korumak zorundad\u0131r&#8221; dedi.<\/p>\n<p style=\"text-align: justify;\">Avukat Sabahattin Acar ise, san\u0131klar\u0131n K\u00fcrt\u00e7e konu\u015fma yapt\u0131klar\u0131 s\u0131rada mikrofonlar\u0131n\u0131n kapat\u0131lmas\u0131 ile ilgili konu\u015farak, &#8220;Ya K\u00fcrt\u00e7e konu\u015fmay\u0131 tamamen yasaklay\u0131n, yarg\u0131lamay\u0131 yapmay\u0131n. Ya da mikrofonu m\u00fcvekkilerimizin y\u00fcz\u00fcne kapatmay\u0131n. K\u00fcrt\u00e7e savunmalar\u0131na devam etsinler&#8221; diye konu\u015ftu.<\/p>\n<p style=\"text-align: justify;\"><a href=\"http:\/\/www.cnnturk.com\/2012\/turkiye\/01\/18\/kurtceyi.yasaklayin.yargilama.yapmayin\/645375.0\/index.html\" target=\"_blank\">Kaynak : CNN T\u00dcRK<\/a><\/p>\n","protected":false},"excerpt":{"rendered":"<p style=\"text-align: center;\">\n<p style=\"text-align: justify;\">KCK\/TM ana davas\u0131nda K\u00fcrt\u00e7e savunma krizi s\u00fcr\u00fcyor. \u0130HD Diyarbak\u0131r eski \u015eube Ba\u015fkan\u0131 Muharrem Erbey&#8217;in K\u00fcrt\u00e7e savunma yaparken mikrofonun kapat\u0131lmas\u0131 \u00fczerine san\u0131k avukatlar\u0131ndan Sabahattin Acar, tepki g\u00f6sterdi. Acar, &#8220;Ya K\u00fcrt\u00e7e konu\u015fmay\u0131 tamamen yasaklay\u0131n, yarg\u0131lamay\u0131 yapmay\u0131n. Ya da mikrofonu m\u00fcvekkilerimizin y\u00fcz\u00fcne kapatmay\u0131n. K\u00fcrt\u00e7e savunmalar\u0131na devam etsinler&#8221; dedi. <\/p>\n","protected":false},"author":1,"featured_media":0,"comment_status":"open","ping_status":"open","sticky":false,"template":"","format":"standard","meta":{"footnotes":""},"categories":[105],"tags":[],"class_list":["post-46752","post","type-post","status-publish","format-standard","hentry","category-gundem","odd"],"_links":{"self":[{"href":"http:\/\/www.korhanyilmaz.com\/index.php?rest_route=\/wp\/v2\/posts\/46752","targetHints":{"allow":["GET"]}}],"collection":[{"href":"http:\/\/www.korhanyilmaz.com\/index.php?rest_route=\/wp\/v2\/posts"}],"about":[{"href":"http:\/\/www.korhanyilmaz.com\/index.php?rest_route=\/wp\/v2\/types\/post"}],"author":[{"embeddable":true,"href":"http:\/\/www.korhanyilmaz.com\/index.php?rest_route=\/wp\/v2\/users\/1"}],"replies":[{"embeddable":true,"href":"http:\/\/www.korhanyilmaz.com\/index.php?rest_route=%2Fwp%2Fv2%2Fcomments&post=46752"}],"version-history":[{"count":0,"href":"http:\/\/www.korhanyilmaz.com\/index.php?rest_route=\/wp\/v2\/posts\/46752\/revisions"}],"wp:attachment":[{"href":"http:\/\/www.korhanyilmaz.com\/index.php?rest_route=%2Fwp%2Fv2%2Fmedia&parent=46752"}],"wp:term":[{"taxonomy":"category","embeddable":true,"href":"http:\/\/www.korhanyilmaz.com\/index.php?rest_route=%2Fwp%2Fv2%2Fcategories&post=46752"},{"taxonomy":"post_tag","embeddable":true,"href":"http:\/\/www.korhanyilmaz.com\/index.php?rest_route=%2Fwp%2Fv2%2Ftags&post=46752"}],"curies":[{"name":"wp","href":"https:\/\/api.w.org\/{rel}","templated":true}]}}