{"id":46748,"date":"2012-01-18T11:36:11","date_gmt":"2012-01-18T09:36:11","guid":{"rendered":"http:\/\/www.korhanyilmaz.com\/?p=46748"},"modified":"2012-01-18T14:50:39","modified_gmt":"2012-01-18T12:50:39","slug":"chpde-muhalifler-375-imzayi-buldu","status":"publish","type":"post","link":"http:\/\/www.korhanyilmaz.com\/?p=46748","title":{"rendered":"CHP&#8217;de muhalifler 375 imzay\u0131 buldu"},"content":{"rendered":"<p style=\"text-align: center;\"><a href=\"http:\/\/www.korhanyilmaz.com\/wp-content\/uploads\/2012\/01\/9255.jpg\"  class=\"lightview\"><img loading=\"lazy\" decoding=\"async\" class=\"aligncenter  wp-image-46749\" src=\"http:\/\/www.korhanyilmaz.com\/wp-content\/uploads\/2012\/01\/9255.jpg\" alt=\"\" width=\"315\" height=\"217\" \/><\/a><\/p>\n<p style=\"text-align: justify;\">CHP&#8217;de Ola\u011fan\u00fcst\u00fc T\u00fcz\u00fck Kurultay\u0131 isteyen muhalifler imzalar\u0131n\u0131 cuma g\u00fcn\u00fc teslim ediyor. Muhalif kampanyan\u0131n y\u00fcr\u00fct\u00fcc\u00fclerinden Ali Y\u0131ld\u0131zl\u0131, 375 imzaya ula\u015ft\u0131klar\u0131n\u0131 s\u00f6yledi.<\/p>\n<p style=\"text-align: justify;\">Ger\u00e7ek G\u00fcndem sitesinin haberine g\u00f6re, CHP&#8217;de bir s\u00fcre \u00f6nce ba\u015flayan Ola\u011fan\u00fcst\u00fc T\u00fcz\u00fck Kurultay\u0131 toplanmas\u0131na ili\u015fkin \u00e7al\u0131\u015fma sona erdi. \u00d6nder Sav&#8217;\u0131n liderli\u011fini yapt\u0131\u011f\u0131, Deniz Baykal&#8217;\u0131n ise geri \u00e7ekildi\u011fi kampanya d\u00fcn gece sona erdi. Sav&#8217;a yak\u0131nl\u0131\u011f\u0131yla bilinen CHP Ankara eski \u0130l Ba\u015fkan\u0131 Ali Y\u0131ld\u0131zl\u0131, imzalar\u0131 cuma g\u00fcn\u00fc teslim edeceklerini a\u00e7\u0131klad\u0131.\u00a0<!--more--><\/p>\n<p style=\"text-align: justify;\">Ankara eski \u0130l Ba\u015fkan\u0131 Ali Y\u0131ld\u0131zl\u0131 &#8220;Bug\u00fcn itibariyle 375 imza var elimizde&#8221; dedi.<\/p>\n<p style=\"text-align: justify;\">Kurultay delegelerinin noterden yollad\u0131klar\u0131 imzalar\u0131 cuma g\u00fcn\u00fc saat 10.00&#8217;da CHP Genel Merkezi&#8217;ne teslim edeceklerini s\u00f6yleyen Y\u0131ld\u0131zl\u0131 s\u00f6zlerine \u015f\u00f6yle devam etti: &#8220;\u0130mzalar\u0131 \u00e7ar\u015famba g\u00fcn\u00fc teslim edecektik. Ancak \u00fclke g\u00fcndeminin yo\u011funlu\u011fu y\u00fcz\u00fcnden erteledik. Cuma sabah\u0131 imzalar\u0131 genel merkezimizin Yaz\u0131 \u0130\u015fleri&#8217;ne teslim edecek ve teslim belgemizi alaca\u011f\u0131z. Medyay\u0131 da davet ederek bu s\u00fcrece tan\u0131k olmas\u0131n\u0131 isteyece\u011fiz. Umar\u0131z en k\u0131sa s\u00fcrede t\u00fcz\u00fck kurultay\u0131 toplan\u0131r ve partimiz demokratik bir t\u00fcz\u00fc\u011fe kavu\u015fur.&#8221;<\/p>\n<p style=\"text-align: justify;\"><a href=\"http:\/\/www.cnnturk.com\/2012\/turkiye\/01\/18\/chpde.muhalifler.375.imzayi.buldu\/645330.0\/index.html\" target=\"_blank\">Kaynak : CNN T\u00dcRK<\/a><\/p>\n","protected":false},"excerpt":{"rendered":"<p style=\"text-align: center;\">\n<p style=\"text-align: justify;\">CHP&#8217;de Ola\u011fan\u00fcst\u00fc T\u00fcz\u00fck Kurultay\u0131 isteyen muhalifler imzalar\u0131n\u0131 cuma g\u00fcn\u00fc teslim ediyor. Muhalif kampanyan\u0131n y\u00fcr\u00fct\u00fcc\u00fclerinden Ali Y\u0131ld\u0131zl\u0131, 375 imzaya ula\u015ft\u0131klar\u0131n\u0131 s\u00f6yledi.<\/p>\n<p style=\"text-align: justify;\">Ger\u00e7ek G\u00fcndem sitesinin haberine g\u00f6re, CHP&#8217;de bir s\u00fcre \u00f6nce ba\u015flayan Ola\u011fan\u00fcst\u00fc T\u00fcz\u00fck Kurultay\u0131 toplanmas\u0131na ili\u015fkin \u00e7al\u0131\u015fma sona erdi. \u00d6nder Sav&#8217;\u0131n liderli\u011fini yapt\u0131\u011f\u0131, Deniz Baykal&#8217;\u0131n ise geri \u00e7ekildi\u011fi kampanya <\/p>\n","protected":false},"author":1,"featured_media":0,"comment_status":"open","ping_status":"open","sticky":false,"template":"","format":"standard","meta":{"footnotes":""},"categories":[105],"tags":[],"class_list":["post-46748","post","type-post","status-publish","format-standard","hentry","category-gundem","odd"],"_links":{"self":[{"href":"http:\/\/www.korhanyilmaz.com\/index.php?rest_route=\/wp\/v2\/posts\/46748","targetHints":{"allow":["GET"]}}],"collection":[{"href":"http:\/\/www.korhanyilmaz.com\/index.php?rest_route=\/wp\/v2\/posts"}],"about":[{"href":"http:\/\/www.korhanyilmaz.com\/index.php?rest_route=\/wp\/v2\/types\/post"}],"author":[{"embeddable":true,"href":"http:\/\/www.korhanyilmaz.com\/index.php?rest_route=\/wp\/v2\/users\/1"}],"replies":[{"embeddable":true,"href":"http:\/\/www.korhanyilmaz.com\/index.php?rest_route=%2Fwp%2Fv2%2Fcomments&post=46748"}],"version-history":[{"count":0,"href":"http:\/\/www.korhanyilmaz.com\/index.php?rest_route=\/wp\/v2\/posts\/46748\/revisions"}],"wp:attachment":[{"href":"http:\/\/www.korhanyilmaz.com\/index.php?rest_route=%2Fwp%2Fv2%2Fmedia&parent=46748"}],"wp:term":[{"taxonomy":"category","embeddable":true,"href":"http:\/\/www.korhanyilmaz.com\/index.php?rest_route=%2Fwp%2Fv2%2Fcategories&post=46748"},{"taxonomy":"post_tag","embeddable":true,"href":"http:\/\/www.korhanyilmaz.com\/index.php?rest_route=%2Fwp%2Fv2%2Ftags&post=46748"}],"curies":[{"name":"wp","href":"https:\/\/api.w.org\/{rel}","templated":true}]}}