{"id":46740,"date":"2012-01-17T22:57:21","date_gmt":"2012-01-17T20:57:21","guid":{"rendered":"http:\/\/www.korhanyilmaz.com\/?p=46740"},"modified":"2012-01-18T05:18:52","modified_gmt":"2012-01-18T03:18:52","slug":"ertugrul-gunay-da-karara-sasirdi","status":"publish","type":"post","link":"http:\/\/www.korhanyilmaz.com\/?p=46740","title":{"rendered":"Ertu\u011frul G\u00fcnay da karara \u015fa\u015f\u0131rd\u0131"},"content":{"rendered":"<p style=\"text-align: center;\"><a href=\"http:\/\/www.korhanyilmaz.com\/wp-content\/uploads\/2012\/01\/9253.jpg\"  class=\"lightview\"><img loading=\"lazy\" decoding=\"async\" class=\"aligncenter  wp-image-46741\" src=\"http:\/\/www.korhanyilmaz.com\/wp-content\/uploads\/2012\/01\/9253.jpg\" alt=\"\" width=\"314\" height=\"241\" \/><\/a><\/p>\n<p style=\"text-align: justify;\">K\u00fclt\u00fcr ve Turizm Bakan\u0131 Ertu\u011frul G\u00fcnay, Hrant Dink cinayeti davas\u0131ndaki karara ili\u015fkin, &#8220;Failler a\u011f\u0131r cezalara \u00e7arpt\u0131r\u0131ld\u0131lar, bundan ne \u00f6l\u00e7\u00fcde teselli bulunabilir bilmiyorum. B\u00fct\u00fcn failler, bu i\u015fi \u00f6rg\u00fctl\u00fc yapm\u0131\u015f olmak su\u00e7lamas\u0131ndan beraat ettiler. Bu, vahim bir geli\u015fme&#8221; dedi.<!--more--><\/p>\n<p style=\"text-align: justify;\">K\u00fclt\u00fcr ve Turizm Bakanl\u0131\u011f\u0131n\u0131n Ulus&#8217;taki binas\u0131nda gazetecilerin sorular\u0131n\u0131 yan\u0131tlayan Bakan G\u00fcnay, Hrant Dink davas\u0131n\u0131n sonu\u00e7land\u0131\u011f\u0131n\u0131 belirterek, \u015funlar\u0131 s\u00f6yledi:<\/p>\n<p style=\"text-align: justify;\">&#8220;Yarg\u0131n\u0131n bu karar\u0131 sonu\u00e7land\u0131\u011f\u0131na g\u00f6re, ele\u015ftirme hakk\u0131m\u0131z var \u015fu anda. Yarg\u0131 s\u00fcreci bu noktada durdu, bundan sonra Yarg\u0131tay&#8217;a gidecek san\u0131yorum. Burada \u00f6rg\u00fctl\u00fc bir su\u00e7 oldu\u011fu konusunda bir kamu vicdan\u0131 h\u00fckm\u00fc olu\u015fmu\u015ftur. Mahkemenin bu beraat karar\u0131n\u0131 hepimiz dikkatle izleyece\u011fiz. Burada \u00fcstelik belki i\u00e7ine baz\u0131 ba\u015fka mekanizmalar\u0131 da katan bir \u00f6rg\u00fctl\u00fcl\u00fck oldu\u011fu konusunda ba\u015ftan itibaren hepimizin g\u00f6zlemleri ve vicdani kanaati var. Bu y\u00fczden bu \u00f6rg\u00fctl\u00fc su\u00e7 kavram\u0131ndan, yasa d\u0131\u015f\u0131 \u00f6rg\u00fct \u00fcyesi olmaktan beraat ettirilmi\u015f olmalar\u0131n\u0131 \u00e7ok b\u00fcy\u00fck bir \u015fa\u015fk\u0131nl\u0131kla kar\u015f\u0131lad\u0131m, hukuk\u00e7u s\u0131fat\u0131mla s\u00f6yl\u00fcyorum. Bu davan\u0131n arkas\u0131n\u0131 tabii b\u00fct\u00fcn kamuoyu dikkatle takip edecek, biz de edece\u011fiz.&#8221;<\/p>\n<p style=\"text-align: justify;\">CHP Genel Ba\u015fkan Yard\u0131mc\u0131s\u0131, \u0130stanbul Milletvekili Sezgin Tanr\u0131kulu, Dink&#8217;in \u00f6ld\u00fcr\u00fclmesine ili\u015fkin davada verilen karar\u0131 de\u011ferlendirirken, &#8220;Adalet ve Kalk\u0131nma Partisi, bu karar\u0131n ve bu vicdani y\u00fck\u00fcn alt\u0131nda kalacakt\u0131r. Bu karar\u0131n, bug\u00fcn bu \u015fekilde sonu\u00e7lanmas\u0131nda Adalet ve Kalk\u0131nma Partisi&#8217;nin de birinci derece sorumlulu\u011fu vard\u0131r&#8221; dedi.<\/p>\n<p style=\"text-align: justify;\"><a href=\"http:\/\/www.cnnturk.com\/2012\/turkiye\/01\/17\/ertugrul.gunay.da.karara.sasirdi\/645256.0\/index.html\" target=\"_blank\">Kaynak : CNN T\u00dcRK<\/a><\/p>\n","protected":false},"excerpt":{"rendered":"<p style=\"text-align: center;\">\n<p style=\"text-align: justify;\">K\u00fclt\u00fcr ve Turizm Bakan\u0131 Ertu\u011frul G\u00fcnay, Hrant Dink cinayeti davas\u0131ndaki karara ili\u015fkin, &#8220;Failler a\u011f\u0131r cezalara \u00e7arpt\u0131r\u0131ld\u0131lar, bundan ne \u00f6l\u00e7\u00fcde teselli bulunabilir bilmiyorum. B\u00fct\u00fcn failler, bu i\u015fi \u00f6rg\u00fctl\u00fc yapm\u0131\u015f olmak su\u00e7lamas\u0131ndan beraat ettiler. Bu, vahim bir geli\u015fme&#8221; dedi.<\/p>\n","protected":false},"author":1,"featured_media":0,"comment_status":"open","ping_status":"open","sticky":false,"template":"","format":"standard","meta":{"footnotes":""},"categories":[105],"tags":[],"class_list":["post-46740","post","type-post","status-publish","format-standard","hentry","category-gundem","odd"],"_links":{"self":[{"href":"http:\/\/www.korhanyilmaz.com\/index.php?rest_route=\/wp\/v2\/posts\/46740","targetHints":{"allow":["GET"]}}],"collection":[{"href":"http:\/\/www.korhanyilmaz.com\/index.php?rest_route=\/wp\/v2\/posts"}],"about":[{"href":"http:\/\/www.korhanyilmaz.com\/index.php?rest_route=\/wp\/v2\/types\/post"}],"author":[{"embeddable":true,"href":"http:\/\/www.korhanyilmaz.com\/index.php?rest_route=\/wp\/v2\/users\/1"}],"replies":[{"embeddable":true,"href":"http:\/\/www.korhanyilmaz.com\/index.php?rest_route=%2Fwp%2Fv2%2Fcomments&post=46740"}],"version-history":[{"count":0,"href":"http:\/\/www.korhanyilmaz.com\/index.php?rest_route=\/wp\/v2\/posts\/46740\/revisions"}],"wp:attachment":[{"href":"http:\/\/www.korhanyilmaz.com\/index.php?rest_route=%2Fwp%2Fv2%2Fmedia&parent=46740"}],"wp:term":[{"taxonomy":"category","embeddable":true,"href":"http:\/\/www.korhanyilmaz.com\/index.php?rest_route=%2Fwp%2Fv2%2Fcategories&post=46740"},{"taxonomy":"post_tag","embeddable":true,"href":"http:\/\/www.korhanyilmaz.com\/index.php?rest_route=%2Fwp%2Fv2%2Ftags&post=46740"}],"curies":[{"name":"wp","href":"https:\/\/api.w.org\/{rel}","templated":true}]}}