{"id":46733,"date":"2012-01-17T20:35:33","date_gmt":"2012-01-17T18:35:33","guid":{"rendered":"http:\/\/www.korhanyilmaz.com\/?p=46733"},"modified":"2012-01-18T05:15:02","modified_gmt":"2012-01-18T03:15:02","slug":"dink-kararina-bir-tepki-de-abden","status":"publish","type":"post","link":"http:\/\/www.korhanyilmaz.com\/?p=46733","title":{"rendered":"Dink karar\u0131na bir tepki de AB&#8217;den"},"content":{"rendered":"<p style=\"text-align: center;\"><a href=\"http:\/\/www.korhanyilmaz.com\/wp-content\/uploads\/2012\/01\/9252.jpg\"  class=\"lightview\"><img loading=\"lazy\" decoding=\"async\" class=\"aligncenter  wp-image-46735\" src=\"http:\/\/www.korhanyilmaz.com\/wp-content\/uploads\/2012\/01\/9252.jpg\" alt=\"\" width=\"315\" height=\"204\" \/><\/a><\/p>\n<p style=\"text-align: justify;\">AB Komisyonu, Hrant Dink davas\u0131nda \u0130stanbul 14. A\u011f\u0131r Ceza Mahkemesi&#8217;nin verdi\u011fi karar\u0131 yetersiz buldu.<\/p>\n<p style=\"text-align: justify;\">AB Komisyonu&#8217;nun geni\u015flemeden sorumlu \u00fcyesi Stefan F\u00fcle&#8217;nin s\u00f6zc\u00fcs\u00fc Peter Stano, AA muhabirine yapt\u0131\u011f\u0131 a\u00e7\u0131klamada, Avrupa \u0130nsan Haklar\u0131 Mahkemesinin (A\u0130HM), Hrant Dink davas\u0131nda 14 Eyl\u00fcl 2010&#8217;da T\u00fcrkiye&#8217;yi mahkum etti\u011fini hat\u0131rlatt\u0131.\u00a0<!--more--><\/p>\n<p style=\"text-align: justify;\">S\u00f6z konusu kararda T\u00fcrkiye&#8217;nin Dink&#8217;in ya\u015fama hakk\u0131n\u0131 g\u00fcvence alt\u0131na alamad\u0131\u011f\u0131na h\u00fckmedildi\u011fini an\u0131msatan Stano, &#8220;Cinayette pay\u0131 olan herkesin yarg\u0131 \u00f6n\u00fcne \u00e7\u0131kar\u0131lmas\u0131na ve \u00fcst d\u00fczey yetkililerin m\u00fcdahalelerine y\u00f6nelik yeni soru\u015fturmalara ihtiya\u00e7 duyuldu\u011funu&#8221; s\u00f6yledi.<\/p>\n<p style=\"text-align: justify;\">Stano, &#8220;A\u0130HM mahkumiyetinde a\u00e7\u0131\u011fa \u00e7\u0131kt\u0131\u011f\u0131 \u015fekilde T\u00fcrkiye&#8217;nin yarg\u0131 sistemindeki eksikleri tamamlamas\u0131n\u0131n \u00f6nemini vurguluyoruz&#8221; ifadesini kulland\u0131.<\/p>\n<p style=\"text-align: justify;\">S\u00f6zc\u00fc Stano, T\u00fcrkiye&#8217;nin su\u00e7lular\u0131n dokunulmazl\u0131\u011f\u0131yla m\u00fccadelede ba\u015far\u0131l\u0131 olabilmesi i\u00e7in A\u0130HM karar\u0131n\u0131n tam uygulanmas\u0131n\u0131n hayati \u00f6nem ta\u015f\u0131d\u0131\u011f\u0131n\u0131 vurgulad\u0131.<\/p>\n<p style=\"text-align: justify;\"><a href=\"http:\/\/www.cnnturk.com\/2012\/dunya\/01\/17\/dink.kararina.bir.tepki.de.abden\/645263.0\/index.html\" target=\"_blank\">Kaynak : CNN T\u00dcRK<\/a><\/p>\n<p style=\"text-align: justify;\">\n","protected":false},"excerpt":{"rendered":"<p style=\"text-align: center;\">\n<p style=\"text-align: justify;\">AB Komisyonu, Hrant Dink davas\u0131nda \u0130stanbul 14. A\u011f\u0131r Ceza Mahkemesi&#8217;nin verdi\u011fi karar\u0131 yetersiz buldu.<\/p>\n<p style=\"text-align: justify;\">AB Komisyonu&#8217;nun geni\u015flemeden sorumlu \u00fcyesi Stefan F\u00fcle&#8217;nin s\u00f6zc\u00fcs\u00fc Peter Stano, AA muhabirine yapt\u0131\u011f\u0131 a\u00e7\u0131klamada, Avrupa \u0130nsan Haklar\u0131 Mahkemesinin (A\u0130HM), Hrant Dink davas\u0131nda 14 Eyl\u00fcl 2010&#8217;da T\u00fcrkiye&#8217;yi mahkum etti\u011fini hat\u0131rlatt\u0131. <\/p>\n","protected":false},"author":1,"featured_media":0,"comment_status":"open","ping_status":"open","sticky":false,"template":"","format":"standard","meta":{"footnotes":""},"categories":[105],"tags":[],"class_list":["post-46733","post","type-post","status-publish","format-standard","hentry","category-gundem","odd"],"_links":{"self":[{"href":"http:\/\/www.korhanyilmaz.com\/index.php?rest_route=\/wp\/v2\/posts\/46733","targetHints":{"allow":["GET"]}}],"collection":[{"href":"http:\/\/www.korhanyilmaz.com\/index.php?rest_route=\/wp\/v2\/posts"}],"about":[{"href":"http:\/\/www.korhanyilmaz.com\/index.php?rest_route=\/wp\/v2\/types\/post"}],"author":[{"embeddable":true,"href":"http:\/\/www.korhanyilmaz.com\/index.php?rest_route=\/wp\/v2\/users\/1"}],"replies":[{"embeddable":true,"href":"http:\/\/www.korhanyilmaz.com\/index.php?rest_route=%2Fwp%2Fv2%2Fcomments&post=46733"}],"version-history":[{"count":0,"href":"http:\/\/www.korhanyilmaz.com\/index.php?rest_route=\/wp\/v2\/posts\/46733\/revisions"}],"wp:attachment":[{"href":"http:\/\/www.korhanyilmaz.com\/index.php?rest_route=%2Fwp%2Fv2%2Fmedia&parent=46733"}],"wp:term":[{"taxonomy":"category","embeddable":true,"href":"http:\/\/www.korhanyilmaz.com\/index.php?rest_route=%2Fwp%2Fv2%2Fcategories&post=46733"},{"taxonomy":"post_tag","embeddable":true,"href":"http:\/\/www.korhanyilmaz.com\/index.php?rest_route=%2Fwp%2Fv2%2Ftags&post=46733"}],"curies":[{"name":"wp","href":"https:\/\/api.w.org\/{rel}","templated":true}]}}