{"id":46729,"date":"2012-01-17T23:42:01","date_gmt":"2012-01-17T21:42:01","guid":{"rendered":"http:\/\/www.korhanyilmaz.com\/?p=46729"},"modified":"2012-01-18T04:25:25","modified_gmt":"2012-01-18T02:25:25","slug":"turkiyedeki-iktidar-ilimli-islamci-ama","status":"publish","type":"post","link":"http:\/\/www.korhanyilmaz.com\/?p=46729","title":{"rendered":"&#8220;T\u00fcrkiye&#8217;deki iktidar \u0131l\u0131ml\u0131 \u0130slamc\u0131 ama&#8230;&#8221;"},"content":{"rendered":"<p style=\"text-align: center;\"><a href=\"http:\/\/www.korhanyilmaz.com\/wp-content\/uploads\/2012\/01\/9251.jpg\"  class=\"lightview\"><img loading=\"lazy\" decoding=\"async\" class=\"aligncenter  wp-image-46730\" src=\"http:\/\/www.korhanyilmaz.com\/wp-content\/uploads\/2012\/01\/9251.jpg\" alt=\"\" width=\"322\" height=\"241\" \/><\/a><\/p>\n<p style=\"text-align: justify;\">ABD&#8217;nin sayg\u0131n gazetelerinden The Washington Post, Cumhuriyet\u00e7i ba\u015fkan adaylar\u0131n\u0131n d\u00fcnk\u00fc a\u00e7\u0131k oturumunda Teksas Valisi Rick Perry&#8217;nin T\u00fcrkiye aleyhine s\u00f6yledi\u011fi s\u00f6zleri, gecenin &#8221;en dudak u\u00e7uklatan&#8221; a\u00e7\u0131klamas\u0131 olarak niteledi.<\/p>\n<p style=\"text-align: justify;\">Washington- Gazetenin internet sitesinde s\u00f6z konusu a\u00e7\u0131k oturumla ilgili yay\u0131mlanan Glenn Kessler imzal\u0131 de\u011ferlendirme yaz\u0131s\u0131nda, Perry&#8217;nin T\u00fcrkiye ile s\u00f6zleri aktar\u0131larak, &#8221;Bu, gecenin en dudak u\u00e7uklatan a\u00e7\u0131klamas\u0131yd\u0131&#8221; yorumu yap\u0131ld\u0131.\u00a0<!--more--><\/p>\n<p style=\"text-align: justify;\">T\u00fcrkiye&#8217;deki iktidar partisinin &#8221;Il\u0131ml\u0131 \u0130slamc\u0131&#8221; oldu\u011fu ancak \u00fclkenin laik geleneklerine genel anlamda kar\u0131\u015fmad\u0131\u011f\u0131 belirtilen yaz\u0131da, &#8221;ABD D\u0131\u015fi\u015fleri Bakan\u0131 Hillary Clinton, T\u00fcrk H\u00fck\u00fcmetini bas\u0131n \u00f6zg\u00fcrl\u00fckleriyle ilgili ele\u015ftirmi\u015f olsa da \u00e7ok az say\u0131da analist, o da varsa, h\u00fck\u00fcmetin &#8216;\u0130slamc\u0131 ter\u00f6ristlerden&#8217; olu\u015ftu\u011funu iddia edebilir&#8221; de\u011ferlendirmesine yer verildi.<\/p>\n<p style=\"text-align: justify;\">Yaz\u0131da, T\u00fcrkiye&#8217;nin ABD&#8217;den zaten hemen hemen hi\u00e7 yard\u0131m almayan zengin bir \u00fclke oldu\u011fu kaydedildi.<\/p>\n<p style=\"text-align: justify;\">Amerikan Newsweek dergisinin internet sitesi &#8221;The Daily Beast&#8221;te yer alan yorumda ise Rick Perry&#8217;nin, d\u00fcnk\u00fc s\u00f6zleriyle kendisini bir kez daha &#8221;Rezil etti\u011fi&#8221; belirtildi.<\/p>\n<p style=\"text-align: justify;\">Paul Begala imzal\u0131 yaz\u0131da, &#8221;Perry&#8217;nin kendisini bu kadar da d\u00fc\u015f\u00fcrebilece\u011fine ihtimal vermemi\u015ftim&#8221; ifadesi kullan\u0131ld\u0131.<\/p>\n<p style=\"text-align: justify;\">CNN&#8217;in internet sitesindeki yaz\u0131da da D\u0131\u015fi\u015fleri Bakanl\u0131\u011f\u0131 S\u00f6zc\u00fcs\u00fc Sel\u00e7uk \u00dcnal&#8217;\u0131n g\u00f6nderdi\u011fi a\u00e7\u0131klamaya yer verildi. T\u00fcrk bas\u0131n\u0131ndan gelen ilk tepkilerden bahsedilen yaz\u0131da, T\u00fcrkiye&#8217;nin 50 y\u0131ldan fazla s\u00fcredir NATO&#8217;nun tek M\u00fcsl\u00fcman \u00fcyesi oldu\u011fu vurguland\u0131.<\/p>\n<p style=\"text-align: justify;\">Yaz\u0131da, ABD&#8217;nin 2003 y\u0131l\u0131nda Irak&#8217;\u0131 i\u015fgalinin ard\u0131ndan \u00e7alkant\u0131l\u0131 d\u00f6nemler ge\u00e7iren T\u00fcrk-Amerikan ili\u015fkilerinin son y\u0131llarda ise keskin bir ilerleme g\u00f6sterdi\u011fine i\u015faret edildi.<\/p>\n<p style=\"text-align: justify;\">Yaz\u0131da, T\u00fcrkiye&#8217;nin Afganistan&#8217;daki NATO misyonunu son 10 y\u0131l i\u00e7inde 4 kez komuta etti\u011finden, ABD&#8217;nin ter\u00f6r \u00f6rg\u00fct\u00fc PKK ile m\u00fccadelede T\u00fcrkiye&#8217;ye verdi\u011fi destekten de bahsedildi.<\/p>\n<p style=\"text-align: justify;\"><a href=\"http:\/\/www.cumhuriyet.com.tr\/?hn=308536\" target=\"_blank\">Kaynak : Cumhuriyet Haber Portal\u0131<\/a><\/p>\n","protected":false},"excerpt":{"rendered":"<p style=\"text-align: center;\">\n<p style=\"text-align: justify;\">ABD&#8217;nin sayg\u0131n gazetelerinden The Washington Post, Cumhuriyet\u00e7i ba\u015fkan adaylar\u0131n\u0131n d\u00fcnk\u00fc a\u00e7\u0131k oturumunda Teksas Valisi Rick Perry&#8217;nin T\u00fcrkiye aleyhine s\u00f6yledi\u011fi s\u00f6zleri, gecenin &#8221;en dudak u\u00e7uklatan&#8221; a\u00e7\u0131klamas\u0131 olarak niteledi.<\/p>\n<p style=\"text-align: justify;\">Washington- Gazetenin internet sitesinde s\u00f6z konusu a\u00e7\u0131k oturumla ilgili yay\u0131mlanan Glenn Kessler imzal\u0131 de\u011ferlendirme yaz\u0131s\u0131nda, Perry&#8217;nin T\u00fcrkiye ile s\u00f6zleri aktar\u0131larak, &#8221;Bu, <\/p>\n","protected":false},"author":1,"featured_media":0,"comment_status":"open","ping_status":"open","sticky":false,"template":"","format":"standard","meta":{"footnotes":""},"categories":[105],"tags":[],"class_list":["post-46729","post","type-post","status-publish","format-standard","hentry","category-gundem","odd"],"_links":{"self":[{"href":"http:\/\/www.korhanyilmaz.com\/index.php?rest_route=\/wp\/v2\/posts\/46729","targetHints":{"allow":["GET"]}}],"collection":[{"href":"http:\/\/www.korhanyilmaz.com\/index.php?rest_route=\/wp\/v2\/posts"}],"about":[{"href":"http:\/\/www.korhanyilmaz.com\/index.php?rest_route=\/wp\/v2\/types\/post"}],"author":[{"embeddable":true,"href":"http:\/\/www.korhanyilmaz.com\/index.php?rest_route=\/wp\/v2\/users\/1"}],"replies":[{"embeddable":true,"href":"http:\/\/www.korhanyilmaz.com\/index.php?rest_route=%2Fwp%2Fv2%2Fcomments&post=46729"}],"version-history":[{"count":0,"href":"http:\/\/www.korhanyilmaz.com\/index.php?rest_route=\/wp\/v2\/posts\/46729\/revisions"}],"wp:attachment":[{"href":"http:\/\/www.korhanyilmaz.com\/index.php?rest_route=%2Fwp%2Fv2%2Fmedia&parent=46729"}],"wp:term":[{"taxonomy":"category","embeddable":true,"href":"http:\/\/www.korhanyilmaz.com\/index.php?rest_route=%2Fwp%2Fv2%2Fcategories&post=46729"},{"taxonomy":"post_tag","embeddable":true,"href":"http:\/\/www.korhanyilmaz.com\/index.php?rest_route=%2Fwp%2Fv2%2Ftags&post=46729"}],"curies":[{"name":"wp","href":"https:\/\/api.w.org\/{rel}","templated":true}]}}