{"id":46725,"date":"2012-01-17T22:18:27","date_gmt":"2012-01-17T20:18:27","guid":{"rendered":"http:\/\/www.korhanyilmaz.com\/?p=46725"},"modified":"2012-01-18T04:21:25","modified_gmt":"2012-01-18T02:21:25","slug":"mahkemenin-kararina-buyuk-tepki","status":"publish","type":"post","link":"http:\/\/www.korhanyilmaz.com\/?p=46725","title":{"rendered":"Mahkemenin karar\u0131na b\u00fcy\u00fck tepki"},"content":{"rendered":"<p style=\"text-align: center;\"><a href=\"http:\/\/www.korhanyilmaz.com\/wp-content\/uploads\/2012\/01\/9250.jpg\"  class=\"lightview\"><img loading=\"lazy\" decoding=\"async\" class=\"aligncenter  wp-image-46726\" src=\"http:\/\/www.korhanyilmaz.com\/wp-content\/uploads\/2012\/01\/9250.jpg\" alt=\"\" width=\"322\" height=\"241\" \/><\/a><\/p>\n<p style=\"text-align: justify;\">AGOS gazetesi \u00f6n\u00fcnde bulu\u015fan Dink ailesi ve Hrant&#8217;\u0131n arkada\u015flar\u0131 mahkemenin kararlar\u0131na tepki g\u00f6stererek &#8221;Biz bitti demeden, bitmeyecek&#8221; sloganlar\u0131 att\u0131. Duru\u015fman\u0131n ard\u0131ndan a\u00e7\u0131klama yapan Dink ailesinin avukat\u0131 ise &#8220;\u00dc\u00e7-be\u015f kendini bilmez \u00f6ld\u00fcrm\u00fc\u015f&#8221; diyerek karara tepki g\u00f6sterdi.<\/p>\n<p style=\"text-align: justify;\">\u0130stanbul- Hrant Dink&#8217;in ailesi, yak\u0131nlar\u0131 ve arkada\u015flar\u0131ndan olu\u015fan bir grup, 14. A\u011f\u0131r Ceza Mahkemesinin ald\u0131\u011f\u0131 karar\u0131 protesto etti.\u00a0<!--more--><\/p>\n<p style=\"text-align: justify;\">Be\u015fikta\u015f&#8217;taki \u0130stanbul Adliyesi \u00f6n\u00fcnde mahkeme boyunca bekleyen grup, karar\u0131n a\u00e7\u0131klanmas\u0131n\u0131n ard\u0131ndan \u00e7e\u015fitli sloganlar att\u0131. Mahkeme salonunda bulunanlar\u0131n da d\u0131\u015far\u0131 \u00e7\u0131kmas\u0131yla birlikte grup, \u00fczerinde &#8221;Hrant \u0130\u00e7in Adalet \u0130\u00e7in&#8221; yaz\u0131l\u0131 bir pankart a\u00e7arak, Be\u015fikta\u015f&#8217;tan cinayetin i\u015flendi\u011fi Agos gazetesinin \u00f6n\u00fcne y\u00fcr\u00fcd\u00fc. Grubun en \u00f6n\u00fcnde Hrant Dink&#8217;in e\u015fi Rakel ve o\u011flu Arat Dink ile avukat\u0131 Fethiye \u00c7etin yer ald\u0131.<\/p>\n<p style=\"text-align: justify;\">Burada grup ad\u0131na a\u00e7\u0131klama yapan Ahmet Kaya&#8217;n\u0131n e\u015fi G\u00fclten Kaya, &#8221;Katillerin &#8216;Evet, ben vurdum&#8217; demelerine, tetik\u00e7i olduklar\u0131n\u0131 itiraf etmelerine ra\u011fmen, iplerini tutan isimlerden bahsettikleri halde mahkemenin ald\u0131\u011f\u0131 karar\u0131 g\u00f6rd\u00fck. \u0130\u015fte bu karar\u0131n ad\u0131 hukuk de\u011fil, ilahi hukuk komedyas\u0131d\u0131r&#8221; ifadelerini kulland\u0131.<\/p>\n<p style=\"text-align: justify;\">T\u00fcrkiye i\u00e7in akl\u0131 ayd\u0131nl\u0131k \u00e7ocuklar yeti\u015ftireceklerini vurgulayan Kaya, &#8221;Belki Hrant karde\u015fimiz o \u00e7ocuklar\u0131n diploma t\u00f6renleri, d\u00fc\u011f\u00fcnlerinde olamayacak ama biz yine de gelece\u011fe binlerce Hrant yeti\u015ftirece\u011fiz&#8221; dedi.<\/p>\n<p style=\"text-align: justify;\">Mahkemenin verdi\u011fi karar\u0131n kendileri i\u00e7in sadece bir ka\u011f\u0131t par\u00e7as\u0131 oldu\u011funu savunan Kaya, &#8221;Biz, 19 Ocak g\u00fcn\u00fcnde Taksim&#8217;den Agos gazetesine y\u00fcr\u00fcyerek karde\u015fimizin bize b\u0131rakt\u0131\u011f\u0131 mirasa sahip \u00e7\u0131kaca\u011f\u0131z ve bu ilahi hukuk komedyas\u0131n\u0131 da d\u00fcnya hukuk normlar\u0131n\u0131n yarg\u0131lamas\u0131n\u0131 bekleyece\u011fiz&#8221; diye konu\u015ftu.<\/p>\n<p style=\"text-align: justify;\">A\u00e7\u0131klaman\u0131n ard\u0131ndan Hrant Dink&#8217;in \u00f6ld\u00fcr\u00fcld\u00fc\u011f\u00fc yere k\u0131rm\u0131z\u0131 karanfiller b\u0131rak\u0131ld\u0131 ve mumlar yak\u0131ld\u0131. Dink&#8217;in ailesi konuyla ilgili herhangi bir a\u00e7\u0131klama yapmazken, Dink&#8217;in karde\u015fi Orhan Dink protesto g\u00f6sterisini Agos gazetesinin penceresinden izledi.<\/p>\n<p style=\"text-align: justify;\"><strong>Avukat \u00c7etin: Bizim i\u00e7in bu dava yeni ba\u015fl\u0131yor\u00a0<\/strong><\/p>\n<p style=\"text-align: justify;\">Hrant Dink&#8217;in ailesinin avukat\u0131 Fethiye \u00c7etin, mahkemenin karar\u0131 a\u00e7\u0131klamas\u0131n\u0131n ard\u0131ndan Be\u015fikta\u015f&#8217;taki \u0130stanbul Adliyesi \u00f6n\u00fcnde yapt\u0131\u011f\u0131 a\u00e7\u0131klamada, verilen karar\u0131n, yerle\u015fik bir gelene\u011fin bozulmad\u0131\u011f\u0131n\u0131 ve hi\u00e7bir \u015fekilde bozulmas\u0131na izin verilmedi\u011fi anlam\u0131na geldi\u011fini s\u00f6yledi.<\/p>\n<p style=\"text-align: justify;\">Bu gelene\u011fin, &#8221;Devletin siyasi cinayetler gelene\u011fi ve devletin bir k\u0131s\u0131m vatanda\u015f\u0131n\u0131 \u00f6tekile\u015ftirerek yabanc\u0131la\u015ft\u0131rma gelene\u011fi&#8221; oldu\u011funu s\u00f6yleyen \u00c7etin, \u015funlar\u0131 kaydetti:<\/p>\n<p style=\"text-align: justify;\">&#8221;Bu gelenek devam ediyor. Bug\u00fcn bu kararla bir daha tescil ettiler. Bu devletin katil, halk\u0131n\u0131 bombalayan, imhac\u0131, suikast\u00e7\u0131, katliamc\u0131, kundak\u00e7\u0131 gibi s\u0131fatlarla yan yana al\u0131nmas\u0131ndan ve bu s\u0131fatlarla birlikte telaffuz edilmesinden \u00e7ok rahats\u0131z olanlar, devleti bu s\u0131fatlardan ar\u0131nd\u0131rmak i\u00e7in hi\u00e7bir \u00e7aba sarf etmediler, ellerindeki f\u0131rsat\u0131 da ellerinin tersiyle ittiler. Kanl\u0131 ve ac\u0131l\u0131 tarih ve bu tarihi yaratan gelenek de y\u00fczle\u015fmek, ar\u0131nmak ve b\u00f6ylece yeni cinayetlere bir daha asla diyebilmek ve y\u00fczle\u015febilmek i\u00e7in bu dava e\u015fsiz bir f\u0131rsatt\u0131 ama onlar bu f\u0131rsat\u0131 kullanmad\u0131lar ve kullanmak da istemediler.&#8221;<\/p>\n<p style=\"text-align: justify;\">\u00c7etin, s\u00f6zlerini \u015f\u00f6yle s\u00fcrd\u00fcrd\u00fc:<\/p>\n<p style=\"text-align: justify;\">&#8221;Daha d\u00fcne kadar devletin \u00f6tekisi olmak ve hedefi olanlar, yani bug\u00fcn\u00fcn egemenleri, bug\u00fcn\u00fcn siyasileri, bug\u00fcn kendilerini \u00f6tekile\u015ftiren gelenekle ittifak kurmu\u015f g\u00f6r\u00fcn\u00fcyor ama bilsinler ki bu ittifaklar\u0131 ge\u00e7icidir, devlet d\u00f6n\u00fc\u015fmedi\u011fi s\u00fcrece ge\u00e7icidir. Bu gelenek \u00f6nce ge\u00e7ici m\u00fcttefiklerini yiyerek, yok ederek yoluna devam etmi\u015ftir. Bug\u00fcn bu kararla cinayet tetik\u00e7ilerinin yarg\u0131land\u0131\u011f\u0131 dosyan\u0131n ilk safhas\u0131 kapand\u0131 ama bu dava bitmedi. Biten bir komedi dosyas\u0131d\u0131r. Bizim i\u00e7in bu dava yeni ba\u015fl\u0131yor. Gidece\u011fimiz pek \u00e7ok yol ve kullanaca\u011f\u0131m\u0131z \u00e7ok say\u0131da alan var. Bunlar\u0131n her birini b\u00fcy\u00fck bir kararl\u0131l\u0131kla kullanaca\u011f\u0131z. Karanl\u0131klar\u0131n sorgulanmas\u0131, faillerin yarg\u0131lanmas\u0131 ve bu dava biz &#8216;bitti&#8217; diyene kadar devam edecek.&#8221;<\/p>\n<p style=\"text-align: justify;\"><strong>Kaya: Bu \u00fclke, bu hukuk sistemiyle devam edemeyecek\u00a0<\/strong><\/p>\n<p style=\"text-align: justify;\">Daha sonra konu\u015fan merhum Sanat\u00e7\u0131 Ahmet Kaya\u2019n\u0131n e\u015fi G\u00fclten Kaya, &#8220;Tetik\u00e7iler yarg\u0131land\u0131. Cinayeti k\u00f6r bir kay\u0131k\u00e7\u0131 g\u00f6rd\u00fc&#8221; diyerek &#8220;Biz bu davay\u0131 burada bitirmeyece\u011fiz. Bu \u00fclke, bu hukuk sistemiyle devam edemeyecek. \u015eimdi biz karde\u015fimizin vuruldu\u011fu yere y\u00fcr\u00fcyoruz&#8221; ifadelerini kulland\u0131.<\/p>\n<p style=\"text-align: justify;\"><strong>Uluslararas\u0131 Af \u00d6rg\u00fct\u00fc: T\u00fcrkiye&#8217;de adalet kendi kendini mahkum etmi\u015ftir\u00a0<\/strong><\/p>\n<p style=\"text-align: justify;\">Uluslararas\u0131 Af \u00d6rg\u00fct\u00fc, Hrant Dink davas\u0131nda al\u0131nan kararla ilgili yaz\u0131l\u0131 a\u00e7\u0131klama yapt\u0131. A\u00e7\u0131klamada; &#8220;Asl\u0131nda bu kararla T\u00fcrkiye&#8217;de adalet kendi kendini mahkum etmi\u015ftir. Bu karar T\u00fcrkiye&#8217;de iktidardakilerin her zaman korunaca\u011f\u0131 ve insan haklar\u0131 ihlallerinin sorumlusu devlet g\u00f6revlilerinin de cezaland\u0131r\u0131lmayaca\u011f\u0131n\u0131 s\u00f6yl\u00fcyor. Devletin ihlal ve ihmali g\u00f6rmezden gelindi ve cinayette rol\u00fc olanlar yarg\u0131lanmad\u0131. Bu karar\u0131n, Hrant Dink i\u00e7in adaleti yerine getirmekle hi\u00e7bir ilgisi yoktur&#8221; denildi.<\/p>\n<p style=\"text-align: justify;\"><a href=\"http:\/\/www.cumhuriyet.com.tr\/?hn=308484&amp;kw=Mahkemenin+karar%FDna+b%FCy%FCk+tepki\" target=\"_blank\">Kaynak : Cumhuriyet Haber Portal\u0131<\/a><\/p>\n","protected":false},"excerpt":{"rendered":"<p style=\"text-align: center;\">\n<p style=\"text-align: justify;\">AGOS gazetesi \u00f6n\u00fcnde bulu\u015fan Dink ailesi ve Hrant&#8217;\u0131n arkada\u015flar\u0131 mahkemenin kararlar\u0131na tepki g\u00f6stererek &#8221;Biz bitti demeden, bitmeyecek&#8221; sloganlar\u0131 att\u0131. Duru\u015fman\u0131n ard\u0131ndan a\u00e7\u0131klama yapan Dink ailesinin avukat\u0131 ise &#8220;\u00dc\u00e7-be\u015f kendini bilmez \u00f6ld\u00fcrm\u00fc\u015f&#8221; diyerek karara tepki g\u00f6sterdi.<\/p>\n<p style=\"text-align: justify;\">\u0130stanbul- Hrant Dink&#8217;in ailesi, yak\u0131nlar\u0131 ve arkada\u015flar\u0131ndan olu\u015fan bir grup, 14. A\u011f\u0131r Ceza <\/p>\n","protected":false},"author":1,"featured_media":0,"comment_status":"open","ping_status":"open","sticky":false,"template":"","format":"standard","meta":{"footnotes":""},"categories":[105],"tags":[],"class_list":["post-46725","post","type-post","status-publish","format-standard","hentry","category-gundem","odd"],"_links":{"self":[{"href":"http:\/\/www.korhanyilmaz.com\/index.php?rest_route=\/wp\/v2\/posts\/46725","targetHints":{"allow":["GET"]}}],"collection":[{"href":"http:\/\/www.korhanyilmaz.com\/index.php?rest_route=\/wp\/v2\/posts"}],"about":[{"href":"http:\/\/www.korhanyilmaz.com\/index.php?rest_route=\/wp\/v2\/types\/post"}],"author":[{"embeddable":true,"href":"http:\/\/www.korhanyilmaz.com\/index.php?rest_route=\/wp\/v2\/users\/1"}],"replies":[{"embeddable":true,"href":"http:\/\/www.korhanyilmaz.com\/index.php?rest_route=%2Fwp%2Fv2%2Fcomments&post=46725"}],"version-history":[{"count":0,"href":"http:\/\/www.korhanyilmaz.com\/index.php?rest_route=\/wp\/v2\/posts\/46725\/revisions"}],"wp:attachment":[{"href":"http:\/\/www.korhanyilmaz.com\/index.php?rest_route=%2Fwp%2Fv2%2Fmedia&parent=46725"}],"wp:term":[{"taxonomy":"category","embeddable":true,"href":"http:\/\/www.korhanyilmaz.com\/index.php?rest_route=%2Fwp%2Fv2%2Fcategories&post=46725"},{"taxonomy":"post_tag","embeddable":true,"href":"http:\/\/www.korhanyilmaz.com\/index.php?rest_route=%2Fwp%2Fv2%2Ftags&post=46725"}],"curies":[{"name":"wp","href":"https:\/\/api.w.org\/{rel}","templated":true}]}}