{"id":46716,"date":"2012-01-17T20:20:07","date_gmt":"2012-01-17T18:20:07","guid":{"rendered":"http:\/\/www.korhanyilmaz.com\/?p=46716"},"modified":"2012-01-17T22:58:52","modified_gmt":"2012-01-17T20:58:52","slug":"milletvekili-ayliklari-tbmmden-gecti","status":"publish","type":"post","link":"http:\/\/www.korhanyilmaz.com\/?p=46716","title":{"rendered":"Milletvekili ayl\u0131klar\u0131 TBMM&#8217;den ge\u00e7ti"},"content":{"rendered":"<p style=\"text-align: center;\"><a href=\"http:\/\/www.korhanyilmaz.com\/wp-content\/uploads\/2012\/01\/9248.jpg\"  class=\"lightview\"><img loading=\"lazy\" decoding=\"async\" class=\"aligncenter  wp-image-46717\" src=\"http:\/\/www.korhanyilmaz.com\/wp-content\/uploads\/2012\/01\/9248.jpg\" alt=\"\" width=\"305\" height=\"235\" \/><\/a><\/p>\n<p style=\"text-align: justify;\">Cumhurba\u015fkan\u0131 Abdullah G\u00fcl&#8217;\u00fcn, milletvekili emekli ayl\u0131klar\u0131yla ilgili d\u00fczenleme nedeniyle bir kez daha g\u00f6r\u00fc\u015f\u00fclmek \u00fczere geri g\u00f6nderdi\u011fi yasa, TBMM Genel Kurulu&#8217;nda kabul edildi.<\/p>\n<p style=\"text-align: justify;\">Genel Kurulda, yasan\u0131n oylamas\u0131na 293 milletvekili kat\u0131ld\u0131. Yasa; 55 ret oyuna kar\u015f\u0131l\u0131k 238 oyla kabul edildi.\u00a0<!--more--><\/p>\n<p style=\"text-align: justify;\">Yasa, TBMM Plan ve B\u00fct\u00e7e Komisyonunda, Cumhurba\u015fkan\u0131 G\u00fcl&#8217;\u00fcn geri g\u00f6nderme gerek\u00e7eleri dikkate al\u0131narak milletvekili emekli ayl\u0131klar\u0131yla ilgili oran\u0131nda yapt\u0131\u011f\u0131 de\u011fi\u015fiklikle kabul edildi.<\/p>\n<p style=\"text-align: justify;\">Buna g\u00f6re; milletvekili emekli ayl\u0131klar\u0131, yeni bir yasal d\u00fczenleme yap\u0131l\u0131ncaya kadar Cumhurba\u015fkan\u0131 emekli ayl\u0131\u011f\u0131 \u00f6dene\u011finin y\u00fczde 45&#8217;i oran\u0131nda belirlenecek.<\/p>\n<p style=\"text-align: justify;\">Daha \u00f6nceki yasada bu oran y\u00fczde 60 olarak yer alm\u0131\u015ft\u0131.<\/p>\n<p style=\"text-align: justify;\">Ge\u00e7mi\u015f d\u00f6nemlerde iki y\u0131ldan az milletvekilli\u011fi yapm\u0131\u015f ve milletvekili emeklisi olanlar da Cumhurba\u015fkan\u0131 \u00f6dene\u011fi ile ili\u015fkilendirildi.<\/p>\n<p style=\"text-align: justify;\">Ayr\u0131ca yasada, ge\u00e7mi\u015fte iki y\u0131l makam temsil tazminat\u0131 \u00f6denmi\u015f, milletvekilli olduktan sonra 1 ayl\u0131k maa\u015f\u0131n\u0131 al\u0131r almaz milletvekilli\u011finden emekli olanlar\u0131n &#8220;\u0130ki y\u0131ll\u0131k s\u00fcreye tabi olmad\u0131klar\u0131&#8221;na a\u00e7\u0131kl\u0131k getiriliyor.<\/p>\n<p style=\"text-align: justify;\">Milletvekilli\u011fi sona erenlerden herhangi bir sosyal g\u00fcvenlik kapsam\u0131nda olmayanlar\u0131n emekli olduktan sonra 4 y\u0131l s\u00fcreyle primlerinin TBMM taraf\u0131ndan \u00f6denmesi imkan\u0131, 24. D\u00f6nem ile s\u0131n\u0131rl\u0131 tutulmayarak ge\u00e7mi\u015f d\u00f6nemleri de kapsayacak \u015fekilde geni\u015fletiliyor. D\u00fczenlemeyle, geriye d\u00f6n\u00fck herhangi bir \u00f6deme yap\u0131lmayacak ve hak talep edilemeyecek.<\/p>\n<p style=\"text-align: justify;\"><a href=\"http:\/\/www.cnnturk.com\/2012\/turkiye\/01\/17\/milletvekili.ayliklari.tbmmden.gecti\/645260.0\/index.html\" target=\"_blank\">Kaynak : CNN T\u00dcRK<\/a><\/p>\n","protected":false},"excerpt":{"rendered":"<p style=\"text-align: center;\">\n<p style=\"text-align: justify;\">Cumhurba\u015fkan\u0131 Abdullah G\u00fcl&#8217;\u00fcn, milletvekili emekli ayl\u0131klar\u0131yla ilgili d\u00fczenleme nedeniyle bir kez daha g\u00f6r\u00fc\u015f\u00fclmek \u00fczere geri g\u00f6nderdi\u011fi yasa, TBMM Genel Kurulu&#8217;nda kabul edildi.<\/p>\n<p style=\"text-align: justify;\">Genel Kurulda, yasan\u0131n oylamas\u0131na 293 milletvekili kat\u0131ld\u0131. Yasa; 55 ret oyuna kar\u015f\u0131l\u0131k 238 oyla kabul edildi. <\/p>\n","protected":false},"author":1,"featured_media":0,"comment_status":"open","ping_status":"open","sticky":false,"template":"","format":"standard","meta":{"footnotes":""},"categories":[105],"tags":[],"class_list":["post-46716","post","type-post","status-publish","format-standard","hentry","category-gundem","odd"],"_links":{"self":[{"href":"http:\/\/www.korhanyilmaz.com\/index.php?rest_route=\/wp\/v2\/posts\/46716","targetHints":{"allow":["GET"]}}],"collection":[{"href":"http:\/\/www.korhanyilmaz.com\/index.php?rest_route=\/wp\/v2\/posts"}],"about":[{"href":"http:\/\/www.korhanyilmaz.com\/index.php?rest_route=\/wp\/v2\/types\/post"}],"author":[{"embeddable":true,"href":"http:\/\/www.korhanyilmaz.com\/index.php?rest_route=\/wp\/v2\/users\/1"}],"replies":[{"embeddable":true,"href":"http:\/\/www.korhanyilmaz.com\/index.php?rest_route=%2Fwp%2Fv2%2Fcomments&post=46716"}],"version-history":[{"count":0,"href":"http:\/\/www.korhanyilmaz.com\/index.php?rest_route=\/wp\/v2\/posts\/46716\/revisions"}],"wp:attachment":[{"href":"http:\/\/www.korhanyilmaz.com\/index.php?rest_route=%2Fwp%2Fv2%2Fmedia&parent=46716"}],"wp:term":[{"taxonomy":"category","embeddable":true,"href":"http:\/\/www.korhanyilmaz.com\/index.php?rest_route=%2Fwp%2Fv2%2Fcategories&post=46716"},{"taxonomy":"post_tag","embeddable":true,"href":"http:\/\/www.korhanyilmaz.com\/index.php?rest_route=%2Fwp%2Fv2%2Ftags&post=46716"}],"curies":[{"name":"wp","href":"https:\/\/api.w.org\/{rel}","templated":true}]}}