{"id":46699,"date":"2012-01-17T19:36:43","date_gmt":"2012-01-17T17:36:43","guid":{"rendered":"http:\/\/www.korhanyilmaz.com\/?p=46699"},"modified":"2012-01-17T21:45:31","modified_gmt":"2012-01-17T19:45:31","slug":"balbayin-bilgisayarina-kim-mudahale-etti","status":"publish","type":"post","link":"http:\/\/www.korhanyilmaz.com\/?p=46699","title":{"rendered":"Balbay&#8217;\u0131n bilgisayar\u0131na kim m\u00fcdahale etti?"},"content":{"rendered":"<p style=\"text-align: center;\"><a href=\"http:\/\/www.korhanyilmaz.com\/wp-content\/uploads\/2012\/01\/9245.jpg\"  class=\"lightview\"><img loading=\"lazy\" decoding=\"async\" class=\"aligncenter  wp-image-46700\" src=\"http:\/\/www.korhanyilmaz.com\/wp-content\/uploads\/2012\/01\/9245.jpg\" alt=\"\" width=\"290\" height=\"217\" \/><\/a><\/p>\n<p style=\"text-align: justify;\">Cumhuriyet yazar\u0131 ve CHP Milletvekili Mustafa Balbay&#8217;\u0131n 3 y\u0131ld\u0131r tutuklu kalmas\u0131na neden olan bilgisayar kay\u0131tlar\u0131na ili\u015fkin bilirki\u015fi raporu mahkemeye ula\u015ft\u0131. T\u00dcB\u0130TAK bilirki\u015fisi Hayrettin Bah\u015fi taraf\u0131ndan haz\u0131rlanan raporda, &#8220;harddiskteki 63 bin 228 dosyan\u0131n son eri\u015fim tarihinin, 14 Ocak 2010, 10.40 ile 15.17 saatleri aras\u0131nda oldu\u011fu, diskte, son de\u011fi\u015ftirme veya olu\u015fturma tarihi 14 Ocak 2010 olan baz\u0131 dosyalar bulundu\u011fu&#8221; belirtildi.<!--more--><\/p>\n<p style=\"text-align: justify;\">\u0130stanbul- Cumhuriyet yazar\u0131, CHP \u0130zmir Milletvekili Mustafa Balbay\u2019\u0131n 1 Temmuz 2008\u2019de el konulan bilgisayar\u0131ndaki harddiskte yer alan 63 bin 228 dosyan\u0131n son eri\u015fim tarihinin 14 Ocak 2010 oldu\u011fu T\u00dcB\u0130TAK raporuyla ortaya \u00e7\u0131kt\u0131. Raporda, \u201cHarddiskte, el konuldu\u011fu 1 Temmuz 2008 ile imaj\u0131n al\u0131nd\u0131\u011f\u0131 7 Temmuz 2008 tarih aral\u0131\u011f\u0131nda herhangi bir de\u011fi\u015fiklik izine rastlanmad\u0131\u011f\u0131 belirtildi. Fakat belirtilen tarihler aras\u0131nda, herhangi bir de\u011fi\u015fiklik yap\u0131lmad\u0131\u011f\u0131 teknik a\u00e7\u0131dan kesin olarak s\u00f6ylenemez\u201d denildi. Polis ve bilirki\u015fi aras\u0131ndaki \u00e7eli\u015fkiye dikkat \u00e7eken Balbay\u2019\u0131n avukatlar\u0131, \u201c1 Temmuz 2008 tarihinde el konulan, orijinali ve birebir kopyas\u0131 Balbay\u2019\u0131n avukatlar\u0131na bug\u00fcne kadar verilmeyip adli emanette saklanan bilgisayara 2010 y\u0131l\u0131n\u0131n Ocak ay\u0131nda kim ya da kimler ni\u00e7in m\u00fcdahale etmi\u015fler, \u00fczerinde oynam\u0131\u015flard\u0131r\u201d diye sordular.<\/p>\n<p style=\"text-align: justify;\">Ergenekon davas\u0131nda tutuklu gazeteci Balbay, 1 Temmuz 2008\u2019de g\u00f6zalt\u0131na al\u0131nd\u0131. Balbay\u2019\u0131n evinde ve gazetedeki ofisinde ayn\u0131 g\u00fcn yap\u0131lan aramalarda, bilgisayar\u0131na el konuldu. Ancak polisler Balbay\u2019\u0131n bilgisayar\u0131ndaki harddiskin imajlar\u0131n\u0131 avukatlar\u0131na vermedi. Soru\u015fturmay\u0131 y\u00fcr\u00fcten savc\u0131lardan Nihat Ta\u015fk\u0131n, Ocak 2009\u2019da ter\u00f6rle m\u00fccadele \u015fube m\u00fcd\u00fcrl\u00fc\u011f\u00fcne yaz\u0131 yazarak harddisklerin bir kopyas\u0131n\u0131n Balbay\u2019\u0131n avukatlar\u0131na verilmesini istedi. Ancak Emniyet savc\u0131n\u0131n iste\u011fine kar\u015f\u0131n avukatlara kopya vermedi. Yarg\u0131lamay\u0131 yapan mahkeme de Balbay\u2019\u0131n avukatlar\u0131n\u0131n bu y\u00f6ndeki talebini reddetti. Mahkemede, Balbay\u2019\u0131n notlar\u0131n\u0131n bulundu\u011fu harddiskin delil olarak kabul edilip edilmeyece\u011fi tart\u0131\u015f\u0131ld\u0131. Balbay ise savunmalar\u0131nda, bilgisayardaki notlar\u0131na sonradan eklemeler yap\u0131ld\u0131\u011f\u0131n\u0131, notlar \u00fczerinde oynand\u0131\u011f\u0131n\u0131 savundu. Balbay, \u201cBen bu \u015fekilde \u00f6zel bir dosya halinde g\u00fcnl\u00fck tutmad\u0131m. Benim farkl\u0131 zamanlarda, farkl\u0131 dosyalarda yer alan kimi notlar\u0131m bir araya getirilmi\u015f, montajlanm\u0131\u015f, yorumlar &#8211; a\u00e7\u0131klamalar eklenmi\u015f ve ortaya b\u00f6yle bir g\u00fcnl\u00fck \u00e7\u0131kar\u0131lm\u0131\u015f. Gazetemizin bilgisayar sistemi yenilenirken arkada\u015flar \u2018\u00f6nceki dosyalar\u0131n t\u00fcm\u00fc siliniyor, saklayacaklar\u0131n\u0131z varsa ay\u0131ral\u0131m\u2019 dediklerinde bir an d\u00fc\u015f\u00fcnd\u00fcm, \u2018yok\u2019 dedim. Bu notlar\u0131n t\u00fcm\u00fcn\u00fc art\u0131k yok h\u00fckm\u00fcnde sayd\u0131m. Bu anlamda ba\u015fka notlar\u0131m da yok\u201d dedi.<\/p>\n<p style=\"text-align: justify;\"><strong>Kesin yan\u0131t yok\u00a0<\/strong><\/p>\n<p style=\"text-align: justify;\">1 Temmuz 2008\u2019de el konulan harddiskin imaj\u0131n\u0131n, 7 Temmuz 2008\u2019de saat 04.16\u2019da al\u0131nd\u0131\u011f\u0131 belirtilen raporda, harddiskte, el konuldu\u011fu tarihten imaj tarihine dek herhangi bir de\u011fi\u015fiklik yap\u0131l\u0131p yap\u0131lmad\u0131\u011f\u0131 sorusuna ise \u015fu yan\u0131t verildi: \u201cHarddiskte, 1 Temmuz &#8211; 7 Temmuz 2008 tarih aral\u0131\u011f\u0131na sahip olu\u015fturma ve de\u011fi\u015ftirme \u00fcstverisi i\u00e7eren herhangi bir dosya tespit edilememi\u015ftir. Kay\u0131t defteri alanlar\u0131nda ve kay\u0131t dosyalar\u0131nda da incelenen tarihle ilgili herhangi bir bilgi izine rastlanmam\u0131\u015ft\u0131r. Harddiskte y\u00fckl\u00fc olan i\u015fletim sisteminin tarih ve zaman bilgisinde de uyumsuzluklara rastlanmam\u0131\u015ft\u0131r. Harddisk \u00fczerinde, s\u00f6z konusu tarihlerde herhangi bir de\u011fi\u015fiklik izine rastlanmam\u0131\u015ft\u0131r, ancak herhangi bir de\u011fi\u015fiklik yap\u0131lmad\u0131\u011f\u0131 teknik a\u00e7\u0131dan kesin olarak s\u00f6ylenemez. Harddiskte herhangi bir de\u011fi\u015fiklik yap\u0131lmad\u0131\u011f\u0131n\u0131n garanti edilmesi, 1 Temmuz ve 7 Temmuz 2008 tarihlerinde al\u0131nm\u0131\u015f hash de\u011ferinin tutmas\u0131yla sa\u011flanabilir.\u201d<\/p>\n<p style=\"text-align: justify;\"><strong>\u00c7eli\u015fkilere dikkat\u00a0<\/strong><\/p>\n<p style=\"text-align: justify;\">Balbay\u2019\u0131n avukatlar\u0131 Mehmet \u0130pek ve Ayd\u0131n Metin taraf\u0131ndan yap\u0131lan a\u00e7\u0131klamada, bilirki\u015finin bu tespitinin, yeni bir \u00e7eli\u015fkiyi ortaya \u00e7\u0131kard\u0131\u011f\u0131 belirtildi. Polis ve savc\u0131l\u0131\u011f\u0131n, Balbay\u2019\u0131n notlar\u0131n\u0131n silinmi\u015f oldu\u011funu ve bu silinmi\u015f dosyalar\u0131 kurtard\u0131klar\u0131n\u0131 iddia ettiklerine dikkat \u00e7ekilerek \u201cBilirki\u015fi ise silinmi\u015f ve geri kurtar\u0131labilen i\u015fletim sistemi ve kullan\u0131c\u0131 dosyalar\u0131 \u00fczerinde herhangi bir i\u015flem izine rastlanmam\u0131\u015ft\u0131r diyor. Bu durumda, ya bilirki\u015finin tespiti yanl\u0131\u015f ya da polis ve savc\u0131l\u0131\u011f\u0131n iddias\u0131&#8230;\u201d denildi. Bilirki\u015finin tespit etti\u011fi \u00fczere imaj\u0131n 7 Temmuz 2008\u2019de al\u0131nd\u0131\u011f\u0131na dikkat \u00e7ekilerek \u015fu ifadelere yer verildi: \u201cNas\u0131l olur da bu tarihten iki g\u00fcn \u00f6nce, 5 Temmuz 2008\u2019de savc\u0131l\u0131k ifadesi s\u0131ras\u0131nda Balbay\u2019a harddisk i\u00e7indeki muhtelif belgeler g\u00f6sterilmi\u015f ve sorular sorulmu\u015ftur. Bilgisayar harddiskinin i\u00e7inde neler oldu\u011funu gaipten haber alamayacaklar\u0131na g\u00f6re, a\u00e7\u0131k olarak g\u00f6r\u00fcl\u00fcyor ki bilgisayar harddiskinin orijinaline kopyas\u0131n\u0131n al\u0131nd\u0131\u011f\u0131 7 Temmuz 2008 tarihinden \u00f6nce m\u00fcdahale edilmi\u015ftir. \u015eimdi cevab\u0131 aranmas\u0131 gereken soru \u015fudur. Kim ya da kimler yasaya ayk\u0131r\u0131 olarak harddiskin i\u00e7eri\u011fine m\u00fcdahale etmi\u015f, orijinaliyle oynam\u0131\u015ft\u0131r? Bug\u00fcn sadece gazeteci de\u011fil, ayn\u0131 zamanda milletvekili olan Balbay, bu sakatlanm\u0131\u015f, oynanm\u0131\u015f harddisk i\u00e7eri\u011findeki belgeler sebebiyle 3 y\u0131ld\u0131r tutuklu&#8230; \u00dcstelik 3.5 y\u0131ld\u0131r bu harddiskin imaj\u0131 bize verilmedi. Bu durumda olan tek ki\u015fi Balbay.\u201d Bilirki\u015fiye, \u2018bilgisayar i\u00e7erisinde de\u011fi\u015fiklik yap\u0131l\u0131p yap\u0131lmad\u0131\u011f\u0131n\u0131n incelenmesi de\u011fil, de\u011fi\u015fiklik yap\u0131lmas\u0131n\u0131n m\u00fcmk\u00fcn olup olmad\u0131\u011f\u0131n\u0131\u201d sorduklar\u0131n\u0131 belirten avukatlar, \u201cOysa, bilirki\u015fi g\u00f6revinin d\u0131\u015f\u0131na ta\u015farak kendili\u011finden belirli incelemeler yapmaya kalk\u0131\u015fm\u0131\u015f ve inceledi\u011fi hususlarda de\u011fi\u015fiklik yap\u0131ld\u0131\u011f\u0131na dair herhangi bir veriye rastlamad\u0131\u011f\u0131n\u0131 belirtmi\u015ftir\u201d dedi.<\/p>\n<p style=\"text-align: justify;\"><a href=\"http:\/\/www.cumhuriyet.com.tr\/?hn=308380&amp;kw=Balbay'%FDn+bilgisayar%FDna+kim+m%FCdahale+etti%3F\" target=\"_blank\">Kaynak : Cumhuriyet Haber Portal\u0131<\/a><\/p>\n","protected":false},"excerpt":{"rendered":"<p style=\"text-align: center;\">\n<p style=\"text-align: justify;\">Cumhuriyet yazar\u0131 ve CHP Milletvekili Mustafa Balbay&#8217;\u0131n 3 y\u0131ld\u0131r tutuklu kalmas\u0131na neden olan bilgisayar kay\u0131tlar\u0131na ili\u015fkin bilirki\u015fi raporu mahkemeye ula\u015ft\u0131. T\u00dcB\u0130TAK bilirki\u015fisi Hayrettin Bah\u015fi taraf\u0131ndan haz\u0131rlanan raporda, &#8220;harddiskteki 63 bin 228 dosyan\u0131n son eri\u015fim tarihinin, 14 Ocak 2010, 10.40 ile 15.17 saatleri aras\u0131nda oldu\u011fu, diskte, son de\u011fi\u015ftirme veya olu\u015fturma tarihi <\/p>\n","protected":false},"author":1,"featured_media":0,"comment_status":"open","ping_status":"open","sticky":false,"template":"","format":"standard","meta":{"footnotes":""},"categories":[105],"tags":[],"class_list":["post-46699","post","type-post","status-publish","format-standard","hentry","category-gundem","odd"],"_links":{"self":[{"href":"http:\/\/www.korhanyilmaz.com\/index.php?rest_route=\/wp\/v2\/posts\/46699","targetHints":{"allow":["GET"]}}],"collection":[{"href":"http:\/\/www.korhanyilmaz.com\/index.php?rest_route=\/wp\/v2\/posts"}],"about":[{"href":"http:\/\/www.korhanyilmaz.com\/index.php?rest_route=\/wp\/v2\/types\/post"}],"author":[{"embeddable":true,"href":"http:\/\/www.korhanyilmaz.com\/index.php?rest_route=\/wp\/v2\/users\/1"}],"replies":[{"embeddable":true,"href":"http:\/\/www.korhanyilmaz.com\/index.php?rest_route=%2Fwp%2Fv2%2Fcomments&post=46699"}],"version-history":[{"count":0,"href":"http:\/\/www.korhanyilmaz.com\/index.php?rest_route=\/wp\/v2\/posts\/46699\/revisions"}],"wp:attachment":[{"href":"http:\/\/www.korhanyilmaz.com\/index.php?rest_route=%2Fwp%2Fv2%2Fmedia&parent=46699"}],"wp:term":[{"taxonomy":"category","embeddable":true,"href":"http:\/\/www.korhanyilmaz.com\/index.php?rest_route=%2Fwp%2Fv2%2Fcategories&post=46699"},{"taxonomy":"post_tag","embeddable":true,"href":"http:\/\/www.korhanyilmaz.com\/index.php?rest_route=%2Fwp%2Fv2%2Ftags&post=46699"}],"curies":[{"name":"wp","href":"https:\/\/api.w.org\/{rel}","templated":true}]}}