{"id":46695,"date":"2012-01-17T20:18:45","date_gmt":"2012-01-17T18:18:45","guid":{"rendered":"http:\/\/www.korhanyilmaz.com\/?p=46695"},"modified":"2012-01-17T22:23:20","modified_gmt":"2012-01-17T20:23:20","slug":"bizimle-dalga-gectiler","status":"publish","type":"post","link":"http:\/\/www.korhanyilmaz.com\/?p=46695","title":{"rendered":"&#8220;Bizimle dalga ge\u00e7tiler!&#8221;"},"content":{"rendered":"<p style=\"text-align: center;\"><a href=\"http:\/\/www.korhanyilmaz.com\/wp-content\/uploads\/2012\/01\/9244.jpg\"  class=\"lightview\"><img loading=\"lazy\" decoding=\"async\" class=\"aligncenter  wp-image-46696\" src=\"http:\/\/www.korhanyilmaz.com\/wp-content\/uploads\/2012\/01\/9244.jpg\" alt=\"\" width=\"306\" height=\"234\" \/><\/a><\/p>\n<p style=\"text-align: justify;\">\u00d6zel yetkili \u0130stanbul 14. A\u011f\u0131r Ceza Mahkemesi&#8217;nin &#8220;\u00f6rg\u00fct i\u015fi de\u011fil&#8221; diyerek Hrant Dink cinayetini sadece Yasin Hayal ve yarg\u0131lanan san\u0131klarla s\u0131n\u0131rl\u0131 tutmas\u0131, davan\u0131n 5 y\u0131ld\u0131r m\u00fccadele eden avukat\u0131 Fethiye \u00c7etin&#8217;i isyan ettirdi. \u00c7etin, &#8220;Bizimle dalga ge\u00e7tiler, dalgan\u0131n en b\u00fcy\u00fc\u011f\u00fcn\u00fc me\u011ferse sona saklam\u0131\u015flar. Bu dava bitmedi yeni ba\u015fl\u0131yor&#8221; dedi.<!--more--><\/p>\n<p style=\"text-align: justify;\">\u00d6zel yetkili \u0130stanbul 14. A\u011f\u0131r Ceza Mahkemesi&#8217;nin karar\u0131n\u0131 a\u00e7\u0131klamas\u0131n\u0131n ard\u0131ndan tepkiler y\u00fckseldi. 5 y\u0131ld\u0131r adalet aray\u0131\u015f\u0131n\u0131 s\u00fcrd\u00fcren Dink ailesinin avukat\u0131 Fethiye \u00c7etin ve Hrant&#8217;\u0131n Arkada\u015flar\u0131 mahkeme \u00f6n\u00fcnde a\u00e7\u0131klama yapt\u0131. \u00c7etin, \u015funlar\u0131 s\u00f6yledi:<\/p>\n<p style=\"text-align: justify;\">&#8220;5 y\u0131l ge\u00e7ti ve bu 5 y\u0131l i\u00e7erisinde Arat Dink ne demi\u015fti, &#8216;Bizimle dalga ge\u00e7tiler.&#8217; Dalgan\u0131n me\u011ferse en b\u00fcy\u00fc\u011f\u00fcn\u00fc sona saklam\u0131\u015flar. Onu da bug\u00fcn \u00f6\u011frendik. Me\u011fer Hrant Dink b\u00fct\u00fcn o planl\u0131 eylemlerden de\u011fil, Pelitli&#8217;deki \u00fc\u00e7 be\u015f kendi bilmezce \u00f6ld\u00fcr\u00fclm\u00fc\u015f, me\u011fer burada \u00f6rg\u00fct yokmu\u015f. Ger\u00e7ekten bu kadar\u0131n\u0131 beklemiyorduk. Bu karar ne anlama geliyor? Gelene\u011fin hi\u00e7bir \u015fekilde bozulmas\u0131na izin verilmedi\u011fi anlam\u0131na geliyor. Nedir bu gelenek? Devletin siyasi cinayetler gelene\u011fi ve devletin bir k\u0131s\u0131m vatanda\u015f\u0131n\u0131 \u00f6tekile\u015ftirerek d\u00fc\u015fmanla\u015ft\u0131rma gelene\u011fi. Bu gelenek devam ediyor, bu kararla bir kez daha tecil ettiler. Bu devletin halk\u0131n\u0131 bombalayan, katil, imhac\u0131, kundak\u00e7\u0131, katliamc\u0131 gibi s\u0131fatlarla birlikte an\u0131lmas\u0131ndan \u00e7ok rahats\u0131z olanlar, devleti bu s\u0131fatlardan ar\u0131nd\u0131rmak i\u00e7in hi\u00e7bir \u00e7aba sarfetmediler. Ellerindeki f\u0131rsat\u0131 da ellerinin tersiyle reddettiler. Kanl\u0131 ac\u0131l\u0131 tarih ve bunu yaratanla y\u00fczle\u015fmek ve &#8216;bir daha asla&#8217; diyebilmek i\u00e7in bu dava e\u015fsiz bir f\u0131rsatt\u0131 ama onlar bu f\u0131rsat\u0131 kullanmad\u0131lar ve kullanmak istemediler.&#8221;<\/p>\n<p style=\"text-align: justify;\"><strong>&#8220;Biten bir komedi dosyas\u0131d\u0131r&#8221;\u00a0<\/strong><\/p>\n<p style=\"text-align: justify;\">\u00c7etin a\u00e7\u0131klamas\u0131nda siyasilere de tepkisini dile getirdi. \u00c7etin \u015f\u00f6yle konu\u015ftu:<\/p>\n<p style=\"text-align: justify;\">&#8220;Bug\u00fcn\u00fcn siyasileri, kendilerini \u00f6tekile\u015ftiren gelenekle bug\u00fcn ittifak kurmu\u015f g\u00f6r\u00fcn\u00fcyorlar. Ama bilsinler ki, devlet d\u00f6n\u00fc\u015fmedi\u011fi s\u00fcrece bu ittifaklar\u0131 ge\u00e7icidir. Biz biliyoruz ki, bu gelenek \u00f6nce ge\u00e7ici m\u00fcttefiklerini yiyerek ve yok ederek yoluna devam etmi\u015ftir. Bug\u00fcn bu kararla cinayet tetik\u00e7ilerinin yarg\u0131land\u0131\u011f\u0131 dosyan\u0131n ilk safhas\u0131 kapand\u0131. Biten bir komedi dosyas\u0131d\u0131r bizim i\u00e7in bu dava yeni ba\u015fl\u0131yor. Tetik\u00e7ilerin yarg\u0131land\u0131\u011f\u0131 bu s\u00fcre\u00e7te bebekten katil yaratan karanl\u0131\u011fa saklanan b\u00fct\u00fcn fail ve failler b\u00fct\u00fcn \u00e7\u0131plakl\u0131\u011f\u0131yla ortaya\u00e7 \u0131kt\u0131lar. Bu nedenle yeni ba\u015fl\u0131yor. Gidece\u011fimiz \u00e7ok yol var. Bunlar\u0131n her birini b\u00fcy\u00fck bir kararl\u0131l\u0131kla sorgulayaca\u011f\u0131z. Karanl\u0131klar\u0131n ayd\u0131nlanmas\u0131na, faillerin yarg\u0131lanmas\u0131 i\u00e7in her \u015feyi yapaca\u011f\u0131z. Biz bitti diyene kadar bu dava bitmeyecek.&#8221;<\/p>\n<p style=\"text-align: justify;\">Hrant&#8217;\u0131n Arkada\u015flar\u0131&#8217;ndan G\u00fclten Kaya ise, karara ili\u015fkin, &#8220;\u015eairin dedi\u011fi gibi, &#8216;Cinayeti sadece k\u00f6r bir kay\u0131k\u00e7\u0131 g\u00f6rd\u00fc&#8221; dedi.<\/p>\n<p><center><a class=\"lightview\" title=\" :::: width:550, height:413\" href=\"\/swf\/flvplayer.swf?file=cnnturk\/haber\/2012-01-17\/isyan.mp4&amp;streamer=rtmp:\/\/213.243.10.90\/vod\/&amp;skin=\/swf\/nacht.zip&amp;menu=false&amp;volume=45&amp;autostart=true&amp;volume=50&amp;controlbar=over&amp;stretching=exactfit\" rel=\"set[KARAR]\"><img decoding=\"async\" src=\"http:\/\/www.korhanyilmaz.com\/wp-data\/images\/videoizle1.png\" alt=\"\" \/><\/a><\/center><\/p>\n<p style=\"text-align: justify;\"><a href=\"http:\/\/www.cnnturk.com\/2012\/turkiye\/01\/17\/bizimle.dalga.gectiler\/645242.0\/index.html\" target=\"_blank\">Kaynak : CNN T\u00dcRK<\/a><\/p>\n","protected":false},"excerpt":{"rendered":"<p style=\"text-align: center;\">\n<p style=\"text-align: justify;\">\u00d6zel yetkili \u0130stanbul 14. A\u011f\u0131r Ceza Mahkemesi&#8217;nin &#8220;\u00f6rg\u00fct i\u015fi de\u011fil&#8221; diyerek Hrant Dink cinayetini sadece Yasin Hayal ve yarg\u0131lanan san\u0131klarla s\u0131n\u0131rl\u0131 tutmas\u0131, davan\u0131n 5 y\u0131ld\u0131r m\u00fccadele eden avukat\u0131 Fethiye \u00c7etin&#8217;i isyan ettirdi. \u00c7etin, &#8220;Bizimle dalga ge\u00e7tiler, dalgan\u0131n en b\u00fcy\u00fc\u011f\u00fcn\u00fc me\u011ferse sona saklam\u0131\u015flar. Bu dava bitmedi yeni ba\u015fl\u0131yor&#8221; dedi.<\/p>\n","protected":false},"author":1,"featured_media":0,"comment_status":"open","ping_status":"open","sticky":false,"template":"","format":"standard","meta":{"footnotes":""},"categories":[105],"tags":[],"class_list":["post-46695","post","type-post","status-publish","format-standard","hentry","category-gundem","odd"],"_links":{"self":[{"href":"http:\/\/www.korhanyilmaz.com\/index.php?rest_route=\/wp\/v2\/posts\/46695","targetHints":{"allow":["GET"]}}],"collection":[{"href":"http:\/\/www.korhanyilmaz.com\/index.php?rest_route=\/wp\/v2\/posts"}],"about":[{"href":"http:\/\/www.korhanyilmaz.com\/index.php?rest_route=\/wp\/v2\/types\/post"}],"author":[{"embeddable":true,"href":"http:\/\/www.korhanyilmaz.com\/index.php?rest_route=\/wp\/v2\/users\/1"}],"replies":[{"embeddable":true,"href":"http:\/\/www.korhanyilmaz.com\/index.php?rest_route=%2Fwp%2Fv2%2Fcomments&post=46695"}],"version-history":[{"count":0,"href":"http:\/\/www.korhanyilmaz.com\/index.php?rest_route=\/wp\/v2\/posts\/46695\/revisions"}],"wp:attachment":[{"href":"http:\/\/www.korhanyilmaz.com\/index.php?rest_route=%2Fwp%2Fv2%2Fmedia&parent=46695"}],"wp:term":[{"taxonomy":"category","embeddable":true,"href":"http:\/\/www.korhanyilmaz.com\/index.php?rest_route=%2Fwp%2Fv2%2Fcategories&post=46695"},{"taxonomy":"post_tag","embeddable":true,"href":"http:\/\/www.korhanyilmaz.com\/index.php?rest_route=%2Fwp%2Fv2%2Ftags&post=46695"}],"curies":[{"name":"wp","href":"https:\/\/api.w.org\/{rel}","templated":true}]}}