{"id":46691,"date":"2012-01-17T18:47:54","date_gmt":"2012-01-17T16:47:54","guid":{"rendered":"http:\/\/www.korhanyilmaz.com\/?p=46691"},"modified":"2012-01-17T22:02:57","modified_gmt":"2012-01-17T20:02:57","slug":"kilicdaroglunu-kizdiracak-aciklama","status":"publish","type":"post","link":"http:\/\/www.korhanyilmaz.com\/?p=46691","title":{"rendered":"\u00dclg\u00fcr G\u00f6khan : &#8220;Statlardaki t\u00f6renlerden, o klasik, tek d\u00fczelikten ben de \u015fikayet\u00e7iyim&#8221;"},"content":{"rendered":"<div id=\"attachment_46692\" style=\"width: 317px\" class=\"wp-caption aligncenter\"><a href=\"http:\/\/www.korhanyilmaz.com\/wp-content\/uploads\/2012\/01\/9243.jpg\"  class=\"lightview\"><img loading=\"lazy\" decoding=\"async\" aria-describedby=\"caption-attachment-46692\" class=\" wp-image-46692\" src=\"http:\/\/www.korhanyilmaz.com\/wp-content\/uploads\/2012\/01\/9243.jpg\" alt=\"\" width=\"307\" height=\"236\" \/><\/a><p id=\"caption-attachment-46692\" class=\"wp-caption-text\">\u00c7anakkale Belediye Ba\u015fkan\u0131 \u00dclg\u00fcr G\u00f6khan<\/p><\/div>\n<p style=\"text-align: justify;\">\u00c7anakkale Belediye Ba\u015fkan\u0131 CHP&#8217;li \u00dclg\u00fcr G\u00f6khan, Milli E\u011fitim Bakan\u0131 \u00d6mer Din\u00e7er&#8217;in tart\u0131\u015fmalara yol a\u00e7an 19 May\u0131s Atat\u00fcrk&#8217;\u00fc Anma, Gen\u00e7lik ve Spor Bayram\u0131 kutlamalar\u0131 ile ilgili karar\u0131na destek verdi. G\u00f6khan, &#8220;Statlardaki t\u00f6renlerden, o klasik, tek d\u00fczelikten ben de \u015fikayet\u00e7iyim&#8221; dedi.\u00a0<!--more--><\/p>\n<p style=\"text-align: justify;\">(DHA) &#8212; CHP Genel Ba\u015fkan\u0131 Kemal K\u0131l\u0131\u00e7daro\u011flu&#8217;nun aksine Ba\u015fkan G\u00f6khan, Milli E\u011fitim Bakanl\u0131\u011f\u0131 taraf\u0131ndan 81 ile g\u00f6nderilen genelge ile 19 May\u0131s t\u00f6renlerinin Ankara d\u0131\u015f\u0131ndaki statlarda kutlanmayacak olmas\u0131na destek verdi.<\/p>\n<p style=\"text-align: justify;\">\u00dclg\u00fcr \u00d6zel bug\u00fcn G\u00f6kku\u015fa\u011f\u0131 \u0130lk\u00f6\u011fretim Okulu&#8217;na yapt\u0131\u011f\u0131 ziyaret s\u0131ras\u0131nda, konuya de\u011finerek &#8220;Ben zaten 19 May\u0131s ve 23 Nisanlar\u0131 sokakta kutlayan bir belediye ba\u015fkan\u0131y\u0131m. 23 Nisanlarda halk bah\u00e7esinde \u00e7ocuklara etkinlik d\u00fczenleriz. Statlarda kutlanan, o klasik, tekd\u00fczelikten ben de \u015fikayet\u00e7iyim. Vali, Bo\u011faz Komutan\u0131, Belediye Ba\u015fkan\u0131, dikiliyoruz oraya herkes gelip ge\u00e7iyor \u00f6n\u00fcm\u00fczden, en son biz kal\u0131yoruz stat bo\u015fal\u0131yor. Bu bayram m\u0131d\u0131r? Ele\u015ftiri yapanlar\u0131n ba\u015f\u0131nda geliyorum. Ondan dolay\u0131 hem 19 May\u0131slarda gen\u00e7likle ilgili 23 Nisan&#8217;da da \u00e7ocuklarla ilgili stat d\u0131\u015f\u0131 etkinlikler yap\u0131yoruz&#8221; dedi.<\/p>\n<p style=\"text-align: justify;\">Bayramlar\u0131n sadece okullarda kutlanmas\u0131na da kar\u015f\u0131 oldu\u011funu, bayramlar\u0131n bayram gibi kutlanmas\u0131 gerekti\u011fini s\u00f6yleyen \u00dclg\u00fcr, s\u00f6zlerini \u015f\u00f6yle s\u00fcrd\u00fcrd\u00fc: &#8220;O g\u00fcnlerde okullara yerel y\u00f6netimlerle birlikte etkinlik d\u00fczenlenebilir. Hep birlikte o g\u00fcnlerde festival havas\u0131n\u0131 ya\u015fatmal\u0131y\u0131z. Ben sadece bunu 19 May\u0131s bayram\u0131 i\u00e7in de\u011fil di\u011fer bayramlar i\u00e7inde s\u00f6yl\u00fcyorum. Bunlar bizim \u00f6nemli bayramlar\u0131m\u0131z. Ama biz bunlar\u0131 formaliteden kutluyoruz. \u0130\u00e7ten ve bayram\u0131 bayram gibi kutlamal\u0131y\u0131z. Statlarda kutlanmas\u0131na kar\u015f\u0131 de\u011filim, sadece tekd\u00fcze olmas\u0131na kar\u015f\u0131y\u0131m. \u00c7ocuklar yine g\u00f6sterilerini yaps\u0131n sonunda bir konser etkinli\u011fi d\u00fczenleyelim. Bayramlar\u0131 daha iyi nas\u0131l kutlayabiliriz bunu d\u00fc\u015f\u00fcnmemiz laz\u0131m. Oturup hep birlikte kaynaklar\u0131m\u0131z\u0131 kullanarak bir proje yapal\u0131m.&#8221;<\/p>\n<p style=\"text-align: justify;\"><a href=\"http:\/\/www.cnnturk.com\/2012\/guncel\/01\/17\/kilicdaroglunu.kizdiracak.aciklama\/645258.0\/index.html\" target=\"_blank\">Kaynak : CNN T\u00dcRK<\/a><\/p>\n","protected":false},"excerpt":{"rendered":"<p id=\"caption-attachment-46692\" class=\"wp-caption-text\">\u00c7anakkale Belediye Ba\u015fkan\u0131 \u00dclg\u00fcr G\u00f6khan<\/p>\n<p style=\"text-align: justify;\">\u00c7anakkale Belediye Ba\u015fkan\u0131 CHP&#8217;li \u00dclg\u00fcr G\u00f6khan, Milli E\u011fitim Bakan\u0131 \u00d6mer Din\u00e7er&#8217;in tart\u0131\u015fmalara yol a\u00e7an 19 May\u0131s Atat\u00fcrk&#8217;\u00fc Anma, Gen\u00e7lik ve Spor Bayram\u0131 kutlamalar\u0131 ile ilgili karar\u0131na destek verdi. G\u00f6khan, &#8220;Statlardaki t\u00f6renlerden, o klasik, tek d\u00fczelikten ben de \u015fikayet\u00e7iyim&#8221; dedi. <\/p>\n","protected":false},"author":1,"featured_media":0,"comment_status":"open","ping_status":"open","sticky":false,"template":"","format":"standard","meta":{"footnotes":""},"categories":[105],"tags":[],"class_list":["post-46691","post","type-post","status-publish","format-standard","hentry","category-gundem","odd"],"_links":{"self":[{"href":"http:\/\/www.korhanyilmaz.com\/index.php?rest_route=\/wp\/v2\/posts\/46691","targetHints":{"allow":["GET"]}}],"collection":[{"href":"http:\/\/www.korhanyilmaz.com\/index.php?rest_route=\/wp\/v2\/posts"}],"about":[{"href":"http:\/\/www.korhanyilmaz.com\/index.php?rest_route=\/wp\/v2\/types\/post"}],"author":[{"embeddable":true,"href":"http:\/\/www.korhanyilmaz.com\/index.php?rest_route=\/wp\/v2\/users\/1"}],"replies":[{"embeddable":true,"href":"http:\/\/www.korhanyilmaz.com\/index.php?rest_route=%2Fwp%2Fv2%2Fcomments&post=46691"}],"version-history":[{"count":0,"href":"http:\/\/www.korhanyilmaz.com\/index.php?rest_route=\/wp\/v2\/posts\/46691\/revisions"}],"wp:attachment":[{"href":"http:\/\/www.korhanyilmaz.com\/index.php?rest_route=%2Fwp%2Fv2%2Fmedia&parent=46691"}],"wp:term":[{"taxonomy":"category","embeddable":true,"href":"http:\/\/www.korhanyilmaz.com\/index.php?rest_route=%2Fwp%2Fv2%2Fcategories&post=46691"},{"taxonomy":"post_tag","embeddable":true,"href":"http:\/\/www.korhanyilmaz.com\/index.php?rest_route=%2Fwp%2Fv2%2Ftags&post=46691"}],"curies":[{"name":"wp","href":"https:\/\/api.w.org\/{rel}","templated":true}]}}