{"id":46688,"date":"2012-01-17T19:18:36","date_gmt":"2012-01-17T17:18:36","guid":{"rendered":"http:\/\/www.korhanyilmaz.com\/?p=46688"},"modified":"2012-01-17T20:54:44","modified_gmt":"2012-01-17T18:54:44","slug":"bodrumda-chpyi-karistiran-skandal","status":"publish","type":"post","link":"http:\/\/www.korhanyilmaz.com\/?p=46688","title":{"rendered":"Bodrum&#8217;da CHP&#8217;yi kar\u0131\u015ft\u0131ran skandal"},"content":{"rendered":"<p style=\"text-align: justify;\"><a href=\"http:\/\/www.korhanyilmaz.com\/wp-content\/uploads\/2012\/01\/9242.png\"  class=\"lightview\"><img loading=\"lazy\" decoding=\"async\" class=\"aligncenter size-full wp-image-46689\" title=\"\" src=\"http:\/\/www.korhanyilmaz.com\/wp-content\/uploads\/2012\/01\/9242.png\" alt=\"\" width=\"200\" height=\"236\" \/><\/a><\/p>\n<p style=\"text-align: justify;\">CHP \u00fcyesi 5 ki\u015fi, &#8220;haberleri olmadan sahte dilek\u00e7e ve imzalarla partiden istifa ettirildiklerini&#8221; iddia ederek Bodrum Cumhuriyet Savc\u0131l\u0131\u011f\u0131&#8217;na su\u00e7 duyurusunda bulundu.<\/p>\n<p style=\"text-align: justify;\">Ortakent Yah\u015fi beldesindeki bir i\u015fyerinde d\u00fczenlenen bas\u0131n toplant\u0131s\u0131nda konu\u015fan CHP \u00fcyesi Nurol K\u00f6se, Bodrum&#8217;da 21 Ocak&#8217;ta delege se\u00e7imleri yap\u0131laca\u011f\u0131n\u0131 s\u00f6yledi.\u00a0<!--more--><\/p>\n<p style=\"text-align: justify;\">Delege se\u00e7imleri i\u00e7in belde binas\u0131nda as\u0131lan listelere bakt\u0131\u011f\u0131nda kendi ismini g\u00f6remedi\u011fini anlatan K\u00f6se, &#8220;Konuyu ara\u015ft\u0131rmak i\u00e7in Ankara&#8217;y\u0131, genel merkezi arad\u0131m. Haberim olmadan partiden istifa etmem i\u00e7in ad\u0131ma dilek\u00e7e yaz\u0131l\u0131p imza at\u0131lm\u0131\u015f&#8221; diye konu\u015ftu.<\/p>\n<p style=\"text-align: justify;\">Yakla\u015f\u0131k 10 y\u0131ld\u0131r CHP \u00fcyesi oldu\u011funu ifade eden \u00c7elebi G\u00fclda\u015f ise &#8220;Benim ad\u0131ma evrak haz\u0131rlanm\u0131\u015f, alt\u0131na imza at\u0131lm\u0131\u015f ve Ankara&#8217;ya g\u00f6nderilmi\u015f. Ben istifa etmedim&#8221; dedi.<\/p>\n<p style=\"text-align: justify;\">CHP \u00fcyesi \u00dcmm\u00fchan Y\u00fcr\u00fck ise konuyla ilgili Bodrum Cumhuriyet Ba\u015fsavc\u0131l\u0131\u011f\u0131&#8217;na su\u00e7 duyurusunda bulundu\u011funu s\u00f6yledi. Olay\u0131 \u00f6\u011frenince b\u00fcy\u00fck \u00fcz\u00fcnt\u00fc duydu\u011funu ifade eden Y\u00fcr\u00fck, &#8220;Benim haberim yok. Dilek\u00e7e yaz\u0131larak istifa ettirilmi\u015fim&#8221; ifadesini kulland\u0131.<\/p>\n<p style=\"text-align: justify;\"><strong>CHP Mu\u011fla \u0130l Ba\u015fkan\u0131 \u00dclk\u00fc\u00a0<\/strong><\/p>\n<p style=\"text-align: justify;\">CHP Mu\u011fla \u0130l Ba\u015fkan\u0131 Murat Tevfik \u00dclk\u00fc ise AA muhabirine yapt\u0131\u011f\u0131 a\u00e7\u0131klamada, su\u00e7 duyurusundan haberi oldu\u011funu ifade etti. Konuyu ara\u015ft\u0131rd\u0131\u011f\u0131n\u0131 belirten \u00dclk\u00fc, \u015funlar\u0131 kaydetti:<\/p>\n<p style=\"text-align: justify;\">&#8220;Bodrum \u0130l\u00e7e Ba\u015fkan\u0131m\u0131zla g\u00f6r\u00fc\u015ft\u00fcm. Onun da bilgisi yok. Bu istifalar posta yoluyla partimize g\u00f6nderilmi\u015f. Buna g\u00f6re il\u00e7e y\u00f6netimimiz de i\u015flem yapm\u0131\u015f. Burada, varsa e\u011fer, resmi belgede sahtecili\u011fi kimin yapt\u0131\u011f\u0131 belli de\u011fil. Bu konunun incelenmesi i\u00e7in i\u015flemlere ba\u015flad\u0131k. Yaln\u0131z burada ilgin\u00e7 bir durum var. Biliyorsunuz \u00fcyelik itiraz s\u00fcresi 17-24 Aral\u0131k tarihleri aras\u0131ndayd\u0131. Bu arkada\u015flar o zaman neden bakmam\u0131\u015flar isimlerine. Bunda kas\u0131t aramaya ba\u015flad\u0131m. Partimi zor durumlara d\u00fc\u015f\u00fcren hareketler bunlar. Bunun s\u0131k\u0131nt\u0131s\u0131n\u0131 \u00e7ekiyorum.&#8221;<\/p>\n<p style=\"text-align: justify;\">Bu arada CHP Bodrum \u0130l\u00e7e Ba\u015fkanl\u0131\u011f\u0131 hakk\u0131nda, &#8220;resmi belgede sahtecilik&#8221; ve &#8220;bilerek isteyerek g\u00f6revi k\u00f6t\u00fcye kullanma&#8221; iddias\u0131yla su\u00e7 duyurusunda bulunuldu\u011fu \u00f6\u011frenildi.<\/p>\n<p style=\"text-align: justify;\"><a href=\"http:\/\/www.cnnturk.com\/2012\/turkiye\/01\/17\/bodrumda.chpyi.karistiran.skandal\/645259.0\/index.html\" target=\"_blank\">Kaynak : CNN T\u00dcRK<\/a><\/p>\n","protected":false},"excerpt":{"rendered":"<p style=\"text-align: justify;\">\n<p style=\"text-align: justify;\">CHP \u00fcyesi 5 ki\u015fi, &#8220;haberleri olmadan sahte dilek\u00e7e ve imzalarla partiden istifa ettirildiklerini&#8221; iddia ederek Bodrum Cumhuriyet Savc\u0131l\u0131\u011f\u0131&#8217;na su\u00e7 duyurusunda bulundu.<\/p>\n<p style=\"text-align: justify;\">Ortakent Yah\u015fi beldesindeki bir i\u015fyerinde d\u00fczenlenen bas\u0131n toplant\u0131s\u0131nda konu\u015fan CHP \u00fcyesi Nurol K\u00f6se, Bodrum&#8217;da 21 Ocak&#8217;ta delege se\u00e7imleri yap\u0131laca\u011f\u0131n\u0131 s\u00f6yledi. <\/p>\n","protected":false},"author":1,"featured_media":0,"comment_status":"open","ping_status":"open","sticky":false,"template":"","format":"standard","meta":{"footnotes":""},"categories":[105],"tags":[],"class_list":["post-46688","post","type-post","status-publish","format-standard","hentry","category-gundem","odd"],"_links":{"self":[{"href":"http:\/\/www.korhanyilmaz.com\/index.php?rest_route=\/wp\/v2\/posts\/46688","targetHints":{"allow":["GET"]}}],"collection":[{"href":"http:\/\/www.korhanyilmaz.com\/index.php?rest_route=\/wp\/v2\/posts"}],"about":[{"href":"http:\/\/www.korhanyilmaz.com\/index.php?rest_route=\/wp\/v2\/types\/post"}],"author":[{"embeddable":true,"href":"http:\/\/www.korhanyilmaz.com\/index.php?rest_route=\/wp\/v2\/users\/1"}],"replies":[{"embeddable":true,"href":"http:\/\/www.korhanyilmaz.com\/index.php?rest_route=%2Fwp%2Fv2%2Fcomments&post=46688"}],"version-history":[{"count":0,"href":"http:\/\/www.korhanyilmaz.com\/index.php?rest_route=\/wp\/v2\/posts\/46688\/revisions"}],"wp:attachment":[{"href":"http:\/\/www.korhanyilmaz.com\/index.php?rest_route=%2Fwp%2Fv2%2Fmedia&parent=46688"}],"wp:term":[{"taxonomy":"category","embeddable":true,"href":"http:\/\/www.korhanyilmaz.com\/index.php?rest_route=%2Fwp%2Fv2%2Fcategories&post=46688"},{"taxonomy":"post_tag","embeddable":true,"href":"http:\/\/www.korhanyilmaz.com\/index.php?rest_route=%2Fwp%2Fv2%2Ftags&post=46688"}],"curies":[{"name":"wp","href":"https:\/\/api.w.org\/{rel}","templated":true}]}}