{"id":46685,"date":"2012-01-17T20:14:47","date_gmt":"2012-01-17T18:14:47","guid":{"rendered":"http:\/\/www.korhanyilmaz.com\/?p=46685"},"modified":"2012-01-17T20:51:30","modified_gmt":"2012-01-17T18:51:30","slug":"hrant-dink-kararina-protesto","status":"publish","type":"post","link":"http:\/\/www.korhanyilmaz.com\/?p=46685","title":{"rendered":"Hrant Dink karar\u0131na protesto"},"content":{"rendered":"<p style=\"text-align: center;\"><a href=\"http:\/\/www.korhanyilmaz.com\/wp-content\/uploads\/2012\/01\/9241.jpg\"  class=\"lightview\"><img loading=\"lazy\" decoding=\"async\" class=\"aligncenter  wp-image-46686\" src=\"http:\/\/www.korhanyilmaz.com\/wp-content\/uploads\/2012\/01\/9241.jpg\" alt=\"\" width=\"307\" height=\"236\" \/><\/a><\/p>\n<p style=\"text-align: justify;\">Hrant Dink&#8217;in ailesi, yak\u0131nlar\u0131 ve arkada\u015flar\u0131ndan olu\u015fan bir grup, 14. A\u011f\u0131r Ceza Mahkemesi&#8217;nin ald\u0131\u011f\u0131 karar\u0131 protesto etti.<\/p>\n<p style=\"text-align: justify;\">Be\u015fikta\u015f&#8217;taki \u0130stanbul Adliyesi \u00f6n\u00fcnde mahkeme boyunca bekleyen grup, karar\u0131n a\u00e7\u0131klanmas\u0131n\u0131n ard\u0131ndan \u00e7e\u015fitli sloganlar att\u0131.<\/p>\n<p style=\"text-align: justify;\">Mahkeme salonunda bulunanlar\u0131n da d\u0131\u015far\u0131 \u00e7\u0131kmas\u0131yla birlikte grup, \u00fczerinde &#8220;Hrant \u0130\u00e7in Adalet \u0130\u00e7in&#8221; yaz\u0131l\u0131 bir pankart a\u00e7arak, Be\u015fikta\u015f&#8217;tan cinayetin i\u015flendi\u011fi Agos gazetesinin \u00f6n\u00fcne y\u00fcr\u00fcd\u00fc. Grubun en \u00f6n\u00fcnde Hrant Dink&#8217;in e\u015fi Rakel ve o\u011flu Arat Dink ile avukat\u0131 Fethiye \u00c7etin yer ald\u0131.\u00a0<!--more--><\/p>\n<p style=\"text-align: justify;\">Burada grup ad\u0131na a\u00e7\u0131klama yapan Ahmet Kaya&#8217;n\u0131n e\u015fi G\u00fclten Kaya, &#8220;Katillerin &#8216;Evet, ben vurdum&#8217; demelerine, tetik\u00e7i olduklar\u0131n\u0131 itiraf etmelerine ra\u011fmen, iplerini tutan isimlerden bahsettikleri halde mahkemenin ald\u0131\u011f\u0131 karar\u0131 g\u00f6rd\u00fck. \u0130\u015fte bu karar\u0131n ad\u0131 hukuk de\u011fil, ilahi hukuk komedyas\u0131d\u0131r&#8221; ifadelerini kulland\u0131.<\/p>\n<p style=\"text-align: justify;\">T\u00fcrkiye i\u00e7in akl\u0131 ayd\u0131nl\u0131k \u00e7ocuklar yeti\u015ftireceklerini vurgulayan Kaya, &#8220;Belki Hrant karde\u015fimiz o \u00e7ocuklar\u0131n diploma t\u00f6renleri, d\u00fc\u011f\u00fcnlerinde olamayacak ama biz yine de gelece\u011fe binlerce Hrant yeti\u015ftirece\u011fiz&#8221; dedi.<\/p>\n<p style=\"text-align: justify;\">Mahkemenin verdi\u011fi karar\u0131n kendileri i\u00e7in sadece bir ka\u011f\u0131t par\u00e7as\u0131 oldu\u011funu savunan Kaya, &#8220;Biz, 19 Ocak g\u00fcn\u00fcnde Taksim&#8217;den Agos gazetesine y\u00fcr\u00fcyerek karde\u015fimizin bize b\u0131rakt\u0131\u011f\u0131 mirasa sahip \u00e7\u0131kaca\u011f\u0131z ve bu ilahi hukuk komedyas\u0131n\u0131 da d\u00fcnya hukuk normlar\u0131n\u0131n yarg\u0131lamas\u0131n\u0131 bekleyece\u011fiz&#8221; diye konu\u015ftu.<\/p>\n<p style=\"text-align: justify;\">A\u00e7\u0131klaman\u0131n ard\u0131ndan Hrant Dink&#8217;in \u00f6ld\u00fcr\u00fcld\u00fc\u011f\u00fc yere k\u0131rm\u0131z\u0131 karanfiller b\u0131rak\u0131ld\u0131 ve mumlar yak\u0131ld\u0131. Dink&#8217;in ailesi konuyla ilgili herhangi bir a\u00e7\u0131klama yapmazken, Dink&#8217;in karde\u015fi Orhan Dink protesto g\u00f6sterisini Agos gazetesinin penceresinden izledi.<\/p>\n<p style=\"text-align: justify;\"><a href=\"http:\/\/www.cnnturk.com\/2012\/turkiye\/01\/17\/hrant.dink.kararina.protesto\/645261.0\/index.html\" target=\"_blank\">Kaynak : CNN T\u00dcRK<\/a><\/p>\n","protected":false},"excerpt":{"rendered":"<p style=\"text-align: center;\">\n<p style=\"text-align: justify;\">Hrant Dink&#8217;in ailesi, yak\u0131nlar\u0131 ve arkada\u015flar\u0131ndan olu\u015fan bir grup, 14. A\u011f\u0131r Ceza Mahkemesi&#8217;nin ald\u0131\u011f\u0131 karar\u0131 protesto etti.<\/p>\n<p style=\"text-align: justify;\">Be\u015fikta\u015f&#8217;taki \u0130stanbul Adliyesi \u00f6n\u00fcnde mahkeme boyunca bekleyen grup, karar\u0131n a\u00e7\u0131klanmas\u0131n\u0131n ard\u0131ndan \u00e7e\u015fitli sloganlar att\u0131.<\/p>\n<p style=\"text-align: justify;\">Mahkeme salonunda bulunanlar\u0131n da d\u0131\u015far\u0131 \u00e7\u0131kmas\u0131yla birlikte grup, \u00fczerinde &#8220;Hrant \u0130\u00e7in Adalet \u0130\u00e7in&#8221; yaz\u0131l\u0131 bir <\/p>\n","protected":false},"author":1,"featured_media":0,"comment_status":"open","ping_status":"open","sticky":false,"template":"","format":"standard","meta":{"footnotes":""},"categories":[105],"tags":[],"class_list":["post-46685","post","type-post","status-publish","format-standard","hentry","category-gundem","odd"],"_links":{"self":[{"href":"http:\/\/www.korhanyilmaz.com\/index.php?rest_route=\/wp\/v2\/posts\/46685","targetHints":{"allow":["GET"]}}],"collection":[{"href":"http:\/\/www.korhanyilmaz.com\/index.php?rest_route=\/wp\/v2\/posts"}],"about":[{"href":"http:\/\/www.korhanyilmaz.com\/index.php?rest_route=\/wp\/v2\/types\/post"}],"author":[{"embeddable":true,"href":"http:\/\/www.korhanyilmaz.com\/index.php?rest_route=\/wp\/v2\/users\/1"}],"replies":[{"embeddable":true,"href":"http:\/\/www.korhanyilmaz.com\/index.php?rest_route=%2Fwp%2Fv2%2Fcomments&post=46685"}],"version-history":[{"count":0,"href":"http:\/\/www.korhanyilmaz.com\/index.php?rest_route=\/wp\/v2\/posts\/46685\/revisions"}],"wp:attachment":[{"href":"http:\/\/www.korhanyilmaz.com\/index.php?rest_route=%2Fwp%2Fv2%2Fmedia&parent=46685"}],"wp:term":[{"taxonomy":"category","embeddable":true,"href":"http:\/\/www.korhanyilmaz.com\/index.php?rest_route=%2Fwp%2Fv2%2Fcategories&post=46685"},{"taxonomy":"post_tag","embeddable":true,"href":"http:\/\/www.korhanyilmaz.com\/index.php?rest_route=%2Fwp%2Fv2%2Ftags&post=46685"}],"curies":[{"name":"wp","href":"https:\/\/api.w.org\/{rel}","templated":true}]}}