{"id":46672,"date":"2012-01-17T17:04:07","date_gmt":"2012-01-17T15:04:07","guid":{"rendered":"http:\/\/www.korhanyilmaz.com\/?p=46672"},"modified":"2012-01-17T22:24:07","modified_gmt":"2012-01-17T20:24:07","slug":"hayale-muebbet-tuncele-beraat","status":"publish","type":"post","link":"http:\/\/www.korhanyilmaz.com\/?p=46672","title":{"rendered":"Hayal&#8217;e m\u00fcebbet, Tuncel&#8217;e beraat"},"content":{"rendered":"<p style=\"text-align: center;\"><a href=\"http:\/\/www.korhanyilmaz.com\/wp-content\/uploads\/2012\/01\/9238.jpg\"  class=\"lightview\"><img loading=\"lazy\" decoding=\"async\" class=\"aligncenter  wp-image-46673\" src=\"http:\/\/www.korhanyilmaz.com\/wp-content\/uploads\/2012\/01\/9238.jpg\" alt=\"\" width=\"333\" height=\"191\" \/><\/a><\/p>\n<p style=\"text-align: justify;\">\u0130stanbul 14. A\u011f\u0131r Ceza Mahkemesi, Yasin Hayal&#8217;i Agos Gazetesi Genel Yay\u0131n Y\u00f6netmeni Hrant Dink&#8217;i \u00f6ld\u00fcrmekten su\u00e7lu buldu. Tuncel ise bu su\u00e7lamadan beraat etti. Hayal, a\u011f\u0131rla\u015ft\u0131r\u0131lm\u0131\u015f m\u00fcebbet hapis cezas\u0131na \u00e7arpt\u0131r\u0131ld\u0131.<\/p>\n<p style=\"text-align: justify;\">\u0130STANBUL &#8211; \u0130stanbul 14. A\u011f\u0131r Ceza Mahkemesi, Agos Gazetesi Genel Yay\u0131n Y\u00f6netmeni Hrant Dink&#8217;in \u00f6ld\u00fcr\u00fclmesine ili\u015fkin 2&#8217;si tutuklu 19 san\u0131\u011f\u0131n yarg\u0131land\u0131\u011f\u0131 davada karar \u00e7\u0131kt\u0131.\u00a0<!--more--><\/p>\n<p style=\"text-align: justify;\">Tutuklu san\u0131k Yasin Hayal&#8217;e adam \u00f6ld\u00fcrmek su\u00e7undan a\u011f\u0131rla\u015ft\u0131r\u0131lm\u0131\u015f m\u00fcebbet hapis cezas\u0131 verildi.<\/p>\n<p style=\"text-align: justify;\">Hayal ve Erhan Tuncel &#8216;silahl\u0131 ter\u00f6r \u00f6rg\u00fct\u00fcne \u00fcye olmak&#8217; su\u00e7undan beraat etti. &#8220;Azmettirme su\u00e7lamas\u0131&#8221;ndan da beraat eden Erhan Tuncel McDonald&#8217;s&#8217;\u0131n bombalanmas\u0131 olay\u0131ndan 10 y\u0131l 6 ay hapis cezas\u0131 ald\u0131. Yasin Hayal&#8217;in a\u011fabeyi Osman Hayal de beraat etti. Savc\u0131 ise verilen cezalar\u0131 az buldu ve mahkemenin karar\u0131na itiraz edece\u011fini a\u00e7\u0131klad\u0131.<\/p>\n<p style=\"text-align: justify;\">Mahkemenin karar\u0131n\u0131 a\u00e7\u0131klamas\u0131n\u0131n ard\u0131ndan duru\u015fma salonunda arbede \u00e7\u0131kt\u0131. Hrant Dink&#8217;in arkada\u015flar\u0131 karar\u0131 ele\u015ftirdi ve protesto g\u00f6sterisi yapt\u0131. Mahkeme Ba\u015fkan\u0131 ise d\u00fczenin sa\u011flanmas\u0131n\u0131 ve olay \u00e7\u0131karanlar\u0131n g\u00f6zalt\u0131na al\u0131nmas\u0131n\u0131 istedi.<\/p>\n<p style=\"text-align: justify;\"><strong>M\u00dcDAH\u0130L \u0130STE\u011e\u0130NE RET<\/strong><\/p>\n<p style=\"text-align: justify;\">Duru\u015fmada, Kadriye Ceylan adl\u0131 bir kad\u0131n\u0131n davaya m\u00fcdahil olmak amac\u0131yla mahkemeye dilek\u00e7e g\u00f6nderdi\u011fi belirtilerek, Ceylan&#8217;\u0131n dilek\u00e7esinde &#8221;O\u011flu Tolga Baykal Ceylan&#8217;\u0131n 10 A\u011fustos 2005 tarihinden beri kay\u0131p oldu\u011fu, gazeteci Mehmet Baransu&#8217;ya g\u00f6nderilen bir ihbar mektubunda Ceylan&#8217;\u0131n san\u0131klardan Osman Hayal ve arkada\u015flar\u0131 taraf\u0131ndan i\u015fkenceye u\u011frayarak \u00f6ld\u00fcr\u00fcld\u00fc\u011f\u00fcn\u00fc \u00f6ne s\u00fcrd\u00fc\u011f\u00fc&#8221; iddia ederek, ma\u011fdur olmas\u0131 nedeniyle davaya m\u00fcdahil olarak kat\u0131lma talebinde bulundu\u011fu aktar\u0131ld\u0131.<\/p>\n<p style=\"text-align: justify;\">Bu taleple ilgili g\u00f6r\u00fc\u015f\u00fc sorulan \u0130stanbul Cumhuriyet Savc\u0131s\u0131 Hikmet Usta, talebin CMK&#8217;n\u0131n yasal ko\u015fullar\u0131n\u0131 ta\u015f\u0131mad\u0131\u011f\u0131n\u0131 ve yerinde olmad\u0131\u011f\u0131n\u0131 belirterek, talebin reddine karar verilmesini istedi.<\/p>\n<p style=\"text-align: justify;\">Tutuksuz san\u0131klardan Osman Hayal&#8217;in avukat\u0131 Eda Salman da Savc\u0131 Usta&#8217;n\u0131n g\u00f6r\u00fc\u015f\u00fcne kat\u0131ld\u0131\u011f\u0131n\u0131 bildirdi.<\/p>\n<p style=\"text-align: justify;\">Mahkeme heyeti, Kadriye Ceylan&#8217;\u0131n su\u00e7tan zarar g\u00f6rd\u00fc\u011f\u00fcne ili\u015fkin bilgi ve belge olmad\u0131\u011f\u0131 gerek\u00e7esiyle bu talebin reddine h\u00fckmetti.<\/p>\n<p style=\"text-align: justify;\"><strong>SADECE D\u0130NK C\u0130NAYET\u0130 DE\u011e\u0130L<\/strong><\/p>\n<p style=\"text-align: justify;\">Duru\u015fmada daha \u00f6nce sundu\u011fu m\u00fctalaas\u0131 sorulan Cumhuriyet Savc\u0131s\u0131 Hikmet Usta, m\u00fctalaas\u0131n\u0131n aynen ge\u00e7erli oldu\u011funu ve tekrar etti\u011fini belirtti.<\/p>\n<p style=\"text-align: justify;\">S\u00f6z alan Dink ailesinin avukatlar\u0131ndan \u0130smail Cem Halavut, Savc\u0131 Usta&#8217;n\u0131n ge\u00e7en duru\u015fmada sundu\u011fu beyanlar\u0131yla ilgili s\u00f6yleyeceklerinin oldu\u011funu belirterek, Usta&#8217;n\u0131n sadece Hrant Dink&#8217;in cinayetine odaklanarak ger\u00e7e\u011fi g\u00f6remedi\u011fini savundu.<\/p>\n<p style=\"text-align: justify;\">Avukat Halavut, Hrant Dink&#8217;in T\u00fcrkiye&#8217;deki az\u0131nl\u0131k politikalar\u0131n\u0131 ele\u015ftiren haberler \u00fczerine hedef se\u00e7ilip tehdit edildi\u011fini ve \u00f6ld\u00fcr\u00fcld\u00fc\u011f\u00fcn\u00fc \u00f6ne s\u00fcrerek, Dink&#8217;in bu t\u00fcr haberler yazmamas\u0131 durumunda hedef se\u00e7ilmeyece\u011fini ve \u00f6ld\u00fcr\u00fclmeyece\u011fini ifade etti.<\/p>\n<p style=\"text-align: justify;\">Savc\u0131 Usta&#8217;n\u0131n m\u00fctalaas\u0131nda Dink cinayetiyle ilgili &#8221;Ergenekon&#8221; \u00f6rg\u00fct\u00fcn\u00fcn Trabzon h\u00fccre yap\u0131lanmas\u0131n\u0131 i\u015faret etti\u011fini anlatan Halavut, oysa cinayetin sadece Trabzon h\u00fccre aya\u011f\u0131yla ger\u00e7ekle\u015fen bir cinayet de\u011fil, daha kapsaml\u0131 bir \u00f6rg\u00fct taraf\u0131ndan i\u015flenmi\u015f olabilece\u011fini s\u00f6yledi.<\/p>\n<p style=\"text-align: justify;\">Avukat Halavut, cinayette ihmali olan kamu g\u00f6revlileri i\u00e7in defalarca mahkemeye ba\u015fvuruda bulunduklar\u0131n\u0131 ve bu g\u00f6revlilerin yarg\u0131lanmas\u0131n\u0131 istediklerini hat\u0131rlatarak, bu taleplerine ra\u011fmen \u00f6rg\u00fct\u00fcn kapsam\u0131n\u0131n ortaya \u00e7\u0131kmad\u0131\u011f\u0131n\u0131, Dink cinayetinin Malatya Zirve Yay\u0131nevi katliam\u0131 ve Trabzon&#8217;daki Rahip Santoro cinayeti olaylar\u0131yla y\u00f6nlerinin olmas\u0131na ra\u011fmen illiyet ba\u011f\u0131 kurulmas\u0131n\u0131 sa\u011flayacak delillere ula\u015f\u0131lamad\u0131\u011f\u0131n\u0131 ve kamu g\u00f6revlilerinin yarg\u0131lanmas\u0131 durumunda davaya ili\u015fkin daha fazla delil toplanabilece\u011fini dile getirdi.<\/p>\n<p style=\"text-align: justify;\">Savc\u0131 Usta&#8217;n\u0131n cinayete ili\u015fkin \u00f6rg\u00fct\u00fcn Trabzon h\u00fccre yap\u0131lanmas\u0131na i\u015faret etti\u011fi halde Trabzon emniyetinin yarg\u0131 kar\u015f\u0131s\u0131na \u00e7\u0131kar\u0131lmamas\u0131n\u0131 sorgulamad\u0131\u011f\u0131n\u0131 ve kamu g\u00f6revlilerinin yarg\u0131lanmas\u0131n\u0131n \u00fcst \u00f6rg\u00fct\u00fcn de\u015fifresi a\u00e7\u0131s\u0131ndan \u00f6nemli oldu\u011funu belirten Halavut, Savc\u0131 Usta&#8217;n\u0131n san\u0131klardan Osman Hayal ile ilgili tespitinin d\u0131\u015f\u0131nda di\u011fer tespitlerine k\u0131smen kat\u0131ld\u0131klar\u0131n\u0131 s\u00f6yledi.<\/p>\n<p style=\"text-align: justify;\">Tutuksuz san\u0131klardan Osman Hayal&#8217;in yarg\u0131lama s\u0131ras\u0131nda \u00e7eli\u015fkili ifadeler verdi\u011fini ve savc\u0131n\u0131n belirtti\u011finin aksine cinayet s\u0131ras\u0131nda Trabzon&#8217;da de\u011fil, \u0130stanbul&#8217;da oldu\u011funu d\u00fc\u015f\u00fcnd\u00fcklerini aktaran Halavut, Osman Hayal&#8217;\u0131n de &#8221;adam \u00f6ld\u00fcrmeye i\u015ftirak&#8221; ve &#8221;\u00f6rg\u00fct \u00fcyeli\u011fi&#8221; su\u00e7lamas\u0131ndan cezaland\u0131r\u0131lmas\u0131 gerekti\u011fini vurgulad\u0131.<\/p>\n<p style=\"text-align: justify;\"><strong>&#8216;KARAR DEVLET\u0130N KARARIDIR&#8217;<\/strong><\/p>\n<p style=\"text-align: justify;\">Duru\u015fma \u00f6ncesinde Be\u015fikta\u015f&#8217;taki Barbaros Park\u0131&#8217;nda toplanan ve kendilerini &#8221;Hrant&#8217;\u0131n arkada\u015flar\u0131&#8221; olarak tan\u0131tan grup, duru\u015fman\u0131n yap\u0131laca\u011f\u0131 Be\u015fikta\u015f&#8217;taki \u0130stanbul Adliyesine kadar y\u00fcr\u00fcd\u00fc.<\/p>\n<p style=\"text-align: justify;\">Adliye binas\u0131n\u0131n \u00f6n\u00fcnde \u00e7e\u015fitli sloganlar atan BDP \u0130stanbul Milletvekili S\u0131rr\u0131 S\u00fcreyya \u00d6nder, HAS Parti \u0130stanbul \u0130l Ba\u015fkan\u0131 Mehmet Bekaro\u011flu ile gazeteci ve akademisyenlerin de aralar\u0131nda bulundu\u011fu grup ad\u0131na yap\u0131lan bas\u0131n a\u00e7\u0131klamas\u0131nda, &#8221;Biz Hrant i\u00e7in, i\u00e7eride neye g\u00f6re karar vereceklerini biliyoruz. Bu karar devletin karar\u0131d\u0131r. Emniyetiyle, jandarmas\u0131yla, istihbarat\u0131yla, yarg\u0131s\u0131yla, medyas\u0131yla, h\u00fck\u00fcmetiyle, muhalefetiyle 5 y\u0131l \u00f6nce Hrant&#8217;\u0131 aram\u0131zdan almaya karar vermi\u015f olanlar \u015fimdi adalet saraylar\u0131nda bir karar daha verecekler&#8221; denildi.<\/p>\n<p style=\"text-align: justify;\">&#8221;Biz bitti demeden, bu dava bitmeyecek&#8221; ifadesi kullan\u0131lan a\u00e7\u0131klamada, 2 g\u00fcn sonra, 19 Ocak&#8217;ta Taksim&#8217;de Hrant&#8217;a do\u011fru y\u00fcr\u00fcnece\u011fi ve sokaklarda olunaca\u011f\u0131 duyurusu da yap\u0131ld\u0131.<\/p>\n<p style=\"text-align: justify;\">Grup \u00fcyeleri, duru\u015fman\u0131n bitiminde adliye \u00f6n\u00fcnden Agos Gazetesi&#8217;ne kadar y\u00fcr\u00fcyecek.<\/p>\n<p style=\"text-align: justify;\"><span style=\"text-decoration: underline;\"><strong>Dink ailesinin avukat\u0131 Fethiye \u00c7etin karar\u0131 de\u011ferlendirdi<\/strong><\/span>:<\/p>\n<p style=\"text-align: justify;\">[flv]http:\/\/ntvmsnbc-video.mncdn.net\/FlvFiles\/0000035473.flv[\/flv]<\/p>\n<p style=\"text-align: justify;\"><a href=\"http:\/\/www.ntvmsnbc.com\/id\/25314655\/\" target=\"_blank\">Kaynak : NTVMSNBC<\/a><\/p>\n","protected":false},"excerpt":{"rendered":"<p style=\"text-align: center;\">\n<p style=\"text-align: justify;\">\u0130stanbul 14. A\u011f\u0131r Ceza Mahkemesi, Yasin Hayal&#8217;i Agos Gazetesi Genel Yay\u0131n Y\u00f6netmeni Hrant Dink&#8217;i \u00f6ld\u00fcrmekten su\u00e7lu buldu. Tuncel ise bu su\u00e7lamadan beraat etti. Hayal, a\u011f\u0131rla\u015ft\u0131r\u0131lm\u0131\u015f m\u00fcebbet hapis cezas\u0131na \u00e7arpt\u0131r\u0131ld\u0131.<\/p>\n<p style=\"text-align: justify;\">\u0130STANBUL &#8211; \u0130stanbul 14. A\u011f\u0131r Ceza Mahkemesi, Agos Gazetesi Genel Yay\u0131n Y\u00f6netmeni Hrant Dink&#8217;in \u00f6ld\u00fcr\u00fclmesine ili\u015fkin 2&#8217;si tutuklu 19 <\/p>\n","protected":false},"author":1,"featured_media":0,"comment_status":"open","ping_status":"open","sticky":false,"template":"","format":"standard","meta":{"footnotes":""},"categories":[105],"tags":[],"class_list":["post-46672","post","type-post","status-publish","format-standard","hentry","category-gundem","odd"],"_links":{"self":[{"href":"http:\/\/www.korhanyilmaz.com\/index.php?rest_route=\/wp\/v2\/posts\/46672","targetHints":{"allow":["GET"]}}],"collection":[{"href":"http:\/\/www.korhanyilmaz.com\/index.php?rest_route=\/wp\/v2\/posts"}],"about":[{"href":"http:\/\/www.korhanyilmaz.com\/index.php?rest_route=\/wp\/v2\/types\/post"}],"author":[{"embeddable":true,"href":"http:\/\/www.korhanyilmaz.com\/index.php?rest_route=\/wp\/v2\/users\/1"}],"replies":[{"embeddable":true,"href":"http:\/\/www.korhanyilmaz.com\/index.php?rest_route=%2Fwp%2Fv2%2Fcomments&post=46672"}],"version-history":[{"count":0,"href":"http:\/\/www.korhanyilmaz.com\/index.php?rest_route=\/wp\/v2\/posts\/46672\/revisions"}],"wp:attachment":[{"href":"http:\/\/www.korhanyilmaz.com\/index.php?rest_route=%2Fwp%2Fv2%2Fmedia&parent=46672"}],"wp:term":[{"taxonomy":"category","embeddable":true,"href":"http:\/\/www.korhanyilmaz.com\/index.php?rest_route=%2Fwp%2Fv2%2Fcategories&post=46672"},{"taxonomy":"post_tag","embeddable":true,"href":"http:\/\/www.korhanyilmaz.com\/index.php?rest_route=%2Fwp%2Fv2%2Ftags&post=46672"}],"curies":[{"name":"wp","href":"https:\/\/api.w.org\/{rel}","templated":true}]}}