{"id":46666,"date":"2012-01-17T08:05:30","date_gmt":"2012-01-17T06:05:30","guid":{"rendered":"http:\/\/www.korhanyilmaz.com\/?p=46666"},"modified":"2012-01-17T17:14:23","modified_gmt":"2012-01-17T15:14:23","slug":"kibris-turkture-kefil-olmam-ama-denktas-bizimdir","status":"publish","type":"post","link":"http:\/\/www.korhanyilmaz.com\/?p=46666","title":{"rendered":"K\u0131br\u0131s T\u00fcrkt\u00fcr\u2019e kefil olmam ama Denkta\u015f bizimdir"},"content":{"rendered":"<div id=\"attachment_37365\" style=\"width: 115px\" class=\"wp-caption alignright\"><img loading=\"lazy\" decoding=\"async\" aria-describedby=\"caption-attachment-37365\" class=\" wp-image-37365 \" title=\"Y\u0131lmaz \u00d6zdil - H\u00fcrriyet Gazetesi\" src=\"http:\/\/www.korhanyilmaz.com\/wp-content\/uploads\/2011\/07\/257.jpg\" alt=\"\" width=\"105\" height=\"112\" \/><p id=\"caption-attachment-37365\" class=\"wp-caption-text\">Y\u0131lmaz \u00d6zdil<\/p><\/div>\n<p style=\"text-align: justify;\">Rahmetli Denkta\u015f&#8230;<\/p>\n<p style=\"text-align: justify;\">Rum\u2019a kar\u015f\u0131 T\u00fcrk\u2019\u00fc savundu.<\/p>\n<p style=\"text-align: justify;\">Rahmetli Lefter&#8230;<\/p>\n<p style=\"text-align: justify;\">Rum\u2019du.<\/p>\n<p style=\"text-align: justify;\">T\u00fcrk milli tak\u0131m\u0131 kaptan\u0131yd\u0131.<\/p>\n<p style=\"text-align: justify;\">\u0130kisini de kalbimize g\u00f6md\u00fck.<\/p>\n<p style=\"text-align: justify;\">Filan.\u00a0<!--more--><\/p>\n<p style=\"text-align: justify;\">Bunu yaz\u0131yor herkes.<\/p>\n<p style=\"text-align: justify;\">Papa\u011fan gibi.<\/p>\n<p style=\"text-align: justify;\">\u015eu da var halbuki.<\/p>\n<p style=\"text-align: justify;\">Rahmetli Lefter&#8230;<\/p>\n<p style=\"text-align: justify;\">B\u00fcy\u00fckada do\u011fumluydu.<\/p>\n<p style=\"text-align: justify;\">B\u00fcy\u00fckada\u2019da defnedildi.<\/p>\n<p style=\"text-align: justify;\">Rahmetli Denkta\u015f&#8230;<\/p>\n<p style=\"text-align: justify;\">Baf do\u011fumluydu.<\/p>\n<p style=\"text-align: justify;\">Baf\u2019a defnedilemiyor.<\/p>\n<p style=\"text-align: justify;\">Ayn\u0131 g\u00fcne denk gelen iki \u00f6l\u00fcm\u00fc ayn\u0131 paketle ambalajlay\u0131p, Lefter\u2019i ba\u011fr\u0131m\u0131za bast\u0131k ayaklar\u0131yla, bu topraklarda do\u011fup b\u00fcy\u00fcyen Rumlara ettiklerimizi unutturamay\u0131z. Ama g\u00f6r\u00fcnen o ki&#8230; Rum\u2019un T\u00fcrk\u2019e ettiklerini unuttu\u011fumuz gibi, K\u0131br\u0131s T\u00fcrk\u00fc\u2019n\u00fcn Denkta\u015f\u2019a ettiklerini de unutmu\u015fuz.<\/p>\n<p style=\"text-align: justify;\">Stat\u00fckocu dediler.<\/p>\n<p style=\"text-align: justify;\">Takoz dediler.<\/p>\n<p style=\"text-align: justify;\">Fa\u015fist dediler.<\/p>\n<p style=\"text-align: justify;\">Hatta, defol dediler.<\/p>\n<p style=\"text-align: justify;\">\u0130stemiyorlard\u0131 onu.<\/p>\n<p style=\"text-align: justify;\">Yatacak yeri yok, ona bu muameleyi reva g\u00f6ren vefas\u0131zlar\u0131n&#8230;<\/p>\n<p style=\"text-align: justify;\">Ama, onun ilelebet var.<\/p>\n<p style=\"text-align: justify;\">Denkta\u015f&#8230;<\/p>\n<p style=\"text-align: justify;\">An\u0131tkabir\u2019e defnedilsin.<\/p>\n<p style=\"text-align: justify;\">En az\u0131ndan sembolik mozole \u00f6neriyorum. \u00c7\u00fcnk\u00fc, \u00fc\u00e7 kuru\u015f para\u2019y\u0131 ba\u011f\u0131ms\u0131zl\u0131\u011fa tercih eden zihniyet nedeniyle, Denkta\u015f\u2019\u0131n defnedilece\u011fi yerin de T\u00fcrk topra\u011f\u0131 olarak kalaca\u011f\u0131 me\u00e7hul.<\/p>\n<p style=\"text-align: justify;\"><a href=\"http:\/\/www.hurriyet.com.tr\/yazarlar\/19701741.asp\" target=\"_blank\">Kaynak : H\u00fcrriyet.com.tr<\/a><\/p>\n","protected":false},"excerpt":{"rendered":"<p id=\"caption-attachment-37365\" class=\"wp-caption-text\">Y\u0131lmaz \u00d6zdil<\/p>\n<p style=\"text-align: justify;\">Rahmetli Denkta\u015f&#8230;<\/p>\n<p style=\"text-align: justify;\">Rum\u2019a kar\u015f\u0131 T\u00fcrk\u2019\u00fc savundu.<\/p>\n<p style=\"text-align: justify;\">Rahmetli Lefter&#8230;<\/p>\n<p style=\"text-align: justify;\">Rum\u2019du.<\/p>\n<p style=\"text-align: justify;\">T\u00fcrk milli tak\u0131m\u0131 kaptan\u0131yd\u0131.<\/p>\n<p style=\"text-align: justify;\">\u0130kisini de kalbimize g\u00f6md\u00fck.<\/p>\n<p style=\"text-align: justify;\">Filan. <\/p>\n","protected":false},"author":1,"featured_media":0,"comment_status":"open","ping_status":"open","sticky":false,"template":"","format":"standard","meta":{"footnotes":""},"categories":[16],"tags":[30],"class_list":["post-46666","post","type-post","status-publish","format-standard","hentry","category-kose-yazilari","tag-yilmaz-ozdil","odd"],"_links":{"self":[{"href":"http:\/\/www.korhanyilmaz.com\/index.php?rest_route=\/wp\/v2\/posts\/46666","targetHints":{"allow":["GET"]}}],"collection":[{"href":"http:\/\/www.korhanyilmaz.com\/index.php?rest_route=\/wp\/v2\/posts"}],"about":[{"href":"http:\/\/www.korhanyilmaz.com\/index.php?rest_route=\/wp\/v2\/types\/post"}],"author":[{"embeddable":true,"href":"http:\/\/www.korhanyilmaz.com\/index.php?rest_route=\/wp\/v2\/users\/1"}],"replies":[{"embeddable":true,"href":"http:\/\/www.korhanyilmaz.com\/index.php?rest_route=%2Fwp%2Fv2%2Fcomments&post=46666"}],"version-history":[{"count":0,"href":"http:\/\/www.korhanyilmaz.com\/index.php?rest_route=\/wp\/v2\/posts\/46666\/revisions"}],"wp:attachment":[{"href":"http:\/\/www.korhanyilmaz.com\/index.php?rest_route=%2Fwp%2Fv2%2Fmedia&parent=46666"}],"wp:term":[{"taxonomy":"category","embeddable":true,"href":"http:\/\/www.korhanyilmaz.com\/index.php?rest_route=%2Fwp%2Fv2%2Fcategories&post=46666"},{"taxonomy":"post_tag","embeddable":true,"href":"http:\/\/www.korhanyilmaz.com\/index.php?rest_route=%2Fwp%2Fv2%2Ftags&post=46666"}],"curies":[{"name":"wp","href":"https:\/\/api.w.org\/{rel}","templated":true}]}}