{"id":46658,"date":"2012-01-17T13:05:50","date_gmt":"2012-01-17T11:05:50","guid":{"rendered":"http:\/\/www.korhanyilmaz.com\/?p=46658"},"modified":"2012-01-17T16:42:46","modified_gmt":"2012-01-17T14:42:46","slug":"19-mayis-icin-danistaya-basvurdu","status":"publish","type":"post","link":"http:\/\/www.korhanyilmaz.com\/?p=46658","title":{"rendered":"19 May\u0131s i\u00e7in Dan\u0131\u015ftay&#8217;a ba\u015fvurdu"},"content":{"rendered":"<p style=\"text-align: center;\"><a href=\"http:\/\/www.korhanyilmaz.com\/wp-content\/uploads\/2012\/01\/9237.jpg\"  class=\"lightview\"><img loading=\"lazy\" decoding=\"async\" class=\"aligncenter  wp-image-46659\" src=\"http:\/\/www.korhanyilmaz.com\/wp-content\/uploads\/2012\/01\/9237.jpg\" alt=\"\" width=\"320\" height=\"240\" \/><\/a><\/p>\n<p style=\"text-align: justify;\">25 ya\u015f\u0131ndaki G\u00fcrol \u015ea\u011fban 19 May\u0131s genelgesinin iptali i\u00e7in Dan\u0131\u015ftay&#8217;a ba\u015fvurdu.<\/p>\n<p style=\"text-align: justify;\">19 May\u0131s i\u00e7in Dan\u0131\u015ftay&#8217;a ba\u015fvurdu Konya\u2019da 25 ya\u015f\u0131ndaki bilgisayar programc\u0131s\u0131 Alper Ayhan, avukat\u0131 Ahmet G\u00fcrol \u015ea\u011fban arac\u0131l\u0131\u011f\u0131yla, Milli E\u011fitim Bakanl\u0131\u011f\u0131\u2019n\u0131n 19 May\u0131s Atat\u00fcrk\u2019\u00fc Anma Gen\u00e7lik ve Spor Bayram\u0131 kutlamalar\u0131n\u0131n ba\u015fkent d\u0131\u015f\u0131nda sadece okullar ve \u00f6\u011frenciler ile kutlanmas\u0131n\u0131, stadyumlar ve meydanlarda kutlanmas\u0131n\u0131 yasaklayan genelgesinin y\u00fcr\u00fctmenin durdurulmas\u0131 ve iptali i\u00e7in Dan\u0131\u015ftay\u2019a ba\u015fvurdu.<!--more--><\/p>\n<p style=\"text-align: justify;\">19 May\u0131s kutlamalar\u0131 co\u015fkusu hakk\u0131n\u0131n bir T\u00fcrk genci olarak elinden al\u0131nd\u0131\u011f\u0131n\u0131 savunan Alper Ayhan, &#8220;19 May\u0131s Atat\u00fcrk\u2019\u00fc Anma Gen\u00e7lik ve Spor Bayram\u0131\u2019n\u0131 benim de kutlamaya ve bu co\u015fkuyu ya\u015famaya hakk\u0131m var. Hem cumhuriyetin kendisine emanet edilmi\u015f gen\u00e7lerden biri olarak, hem de yasal olarak b\u00f6yle bir hakk\u0131m var. Dolay\u0131s\u0131yla ben ve t\u00fcm T\u00fcrk gen\u00e7li\u011finin bu haklar\u0131m\u0131z\u0131n elinden al\u0131nd\u0131\u011f\u0131n d\u00fc\u015f\u00fcn\u00fcyorum&#8221; dedi. Ayhan, milli bayramlar\u0131n kutlan\u0131lmas\u0131n\u0131n okullara hapsedilmemesi gerekti\u011fini ifade etti.<\/p>\n<p style=\"text-align: justify;\"><strong>Genelge kanun ve y\u00f6netmeliklere ayk\u0131r\u0131<\/strong><\/p>\n<p style=\"text-align: justify;\">Avukat Ahmet G\u00fcral \u015ea\u011fban, Milli E\u011fitim Bakanl\u0131\u011f\u0131\u2019n\u0131n 11 Ocak 2012 tarihinde t\u00fcm il valiliklerine genelge g\u00f6nderdi\u011fini hat\u0131rlatarak, &#8220;817 say\u0131l\u0131 Atat\u00fcrk\u2019\u00fc Anma Gen\u00e7lik ve Spor Bayram\u0131 konulu genelge ile \u00f6zetle Ba\u015fkent Ankara d\u0131\u015f\u0131ndaki il ve il\u00e7elerde, Cumhuriyetimizin kurulu\u015fundan bu yana uygulana gelmi\u015f 19 May\u0131s Atat\u00fcrk\u2019\u00fc Anma Gen\u00e7lik ve Spor Bayram\u0131 kutlama faaliyetlerinin bundan b\u00f6yle uygulanmamas\u0131, g\u00fcn\u00fcn anlam ve \u00f6nemine uygun kutlamalar\u0131n sadece okullarda ve \u00f6\u011frencilerin kat\u0131l\u0131m\u0131 ile yap\u0131lmas\u0131 kararla\u015ft\u0131rm\u0131\u015ft\u0131r&#8221; dedi.<\/p>\n<p style=\"text-align: justify;\">Genelgenin ard\u0131ndan m\u00fcvekkili Alper Ayhan ad\u0131na genelgenin \u00f6ncelikle y\u00fcr\u00fctmenin durdurulmas\u0131 ve iptal\u0131 i\u00e7in Dan\u0131\u015ftay 8\u2019inci Dairesi\u2019ne g\u00f6nderilmek \u00fczere d\u00fcn Konya \u0130dare Mahkemesi\u2019ne ba\u015fvurduklar\u0131n\u0131 s\u00f6yledi.<\/p>\n<p style=\"text-align: justify;\">Genelgenin kanun ve y\u00f6netmeliklere tamamen ayk\u0131r\u0131 oldu\u011funu \u00f6ne s\u00fcren \u015ea\u011fban, &#8220;Biz bu dava ile bu genelgenin ba\u015fta 1739 Say\u0131l\u0131 Milli E\u011fitim Temel Kanunu\u2019na, 2429 Say\u0131l\u0131 Ulusal Bayramlar Ve Genel Tatil G\u00fcnleri Hakk\u0131ndaki Kanuna ve bu Kanuna g\u00f6re \u00e7\u0131kar\u0131lm\u0131\u015f 01.10.1981 tarih ve 17475 Say\u0131l\u0131 Resmi Gazetede yay\u0131mlanan Ulusal Ve Resmi Bayramlarda Yap\u0131lacak T\u00f6renler Hakk\u0131ndaki Y\u00f6netmelik h\u00fck\u00fcmlerine, 2595 Say\u0131l\u0131 Milli E\u011fitim Bakanl\u0131\u011f\u0131 Tebli\u011fler Dergisinde yay\u0131mlanan 23 Nisan Ulusal Egemenlik Ve \u00c7ocuk Bayram\u0131 ile Atat\u00fcrk\u2019\u00fc Anma Ve Gen\u00e7lik Ve Spor Bayram\u0131 Kutlama Y\u00f6nergesi h\u00fck\u00fcmlerine a\u00e7\u0131k\u00e7a ayr\u0131k\u0131 oldu\u011fu kanettindeki bunlar\u0131 bildiren gerek\u00e7elerimizi, dilek\u00e7emize belirtip, davam\u0131z\u0131 a\u00e7t\u0131k&#8221; diye konu\u015ftu.<\/p>\n<p style=\"text-align: justify;\"><strong>&#8220;eksi 40 derecede bayramlarda kimse hasta olmad\u0131&#8221;<\/strong><\/p>\n<p style=\"text-align: justify;\">M\u0130LL\u0130 E\u011fitim Bakanl\u0131\u011f\u0131\u2019n\u0131n 19 May\u0131s Atat\u00fcrk\u2019\u00fc Anma Gen\u00e7lik ve Spor Bayram\u0131\u2019n\u0131n Ankara d\u0131\u015f\u0131ndaki illerde sadece okullarda kutlanaca\u011f\u0131n\u0131 a\u00e7\u0131klamas\u0131na CHP Erzurum \u0130l Ba\u015fkan\u0131 \u015eahin Canano\u011flu tepki g\u00f6sterdi. Canano\u011flu, &#8220;Erzurum\u2019da eksi 40 derecede bayramlar kutlad\u0131k ama kimse hasta olmad\u0131&#8221; dedi.<\/p>\n<p style=\"text-align: justify;\">Milli E\u011fitim Bakanl\u0131\u011f\u0131 Orta \u00d6\u011fretim Genel M\u00fcd\u00fcrl\u00fc\u011f\u00fc, 81 ilin milli e\u011fitim m\u00fcd\u00fcrl\u00fcklerine g\u00f6nderdi\u011fi yaz\u0131 ile 19 May\u0131s Atat\u00fcrk\u2019\u00fc Anma, Gen\u00e7lik ve Spor Bayram\u0131 t\u00f6renlerinin Ankara d\u0131\u015f\u0131ndaki illerde sadece okullarda yap\u0131lmas\u0131n\u0131 istedi. CHP Erzurum \u0130l Ba\u015fkan\u0131 \u015eahin Canano\u011flu, so\u011fuk havan\u0131n bahane edilerek t\u00f6renlerin sadece okullarda kutlanmas\u0131na bir anlam veremediklerini bildirdi. Canano\u011flu, \u015f\u00f6yle dedi:<\/p>\n<p style=\"text-align: justify;\">&#8220;So\u011fuk hava bahane ediliyor ve ve milli bayramlar\u0131n sadece okullarda kutlanmas\u0131 isteniyor. Bu utan\u00e7 vericidir. Biz bayramlar\u0131m\u0131z\u0131 a\u00e7\u0131k havada gururla kutluyoruz. Atalar\u0131m\u0131z, dedelerimiz yar\u0131n bize bunun hesab\u0131n\u0131 soracak. Erzurum\u2019un milli bayramlara sahip \u00e7\u0131kmas\u0131 laz\u0131m. Biz ne so\u011fuklar g\u00f6rd\u00fck. Eksi 40 derecede bayram kutlad\u0131k, ama kimse hasta olmad\u0131. O zaman olmuyorduk \u015fimdi mi olaca\u011f\u0131z? Milli bayramlar\u0131n stadyumlarda kutlanmas\u0131 i\u00e7in elimizden geleni yapaca\u011f\u0131z.&#8221;<\/p>\n<p style=\"text-align: justify;\"><a href=\"http:\/\/www.cnnturk.com\/2012\/turkiye\/01\/17\/19.mayis.icin.danistaya.basvurdu\/645192.0\/index.html\" target=\"_blank\">Kaynak : CNN T\u00dcRK<\/a><\/p>\n","protected":false},"excerpt":{"rendered":"<p style=\"text-align: center;\">\n<p style=\"text-align: justify;\">25 ya\u015f\u0131ndaki G\u00fcrol \u015ea\u011fban 19 May\u0131s genelgesinin iptali i\u00e7in Dan\u0131\u015ftay&#8217;a ba\u015fvurdu.<\/p>\n<p style=\"text-align: justify;\">19 May\u0131s i\u00e7in Dan\u0131\u015ftay&#8217;a ba\u015fvurdu Konya\u2019da 25 ya\u015f\u0131ndaki bilgisayar programc\u0131s\u0131 Alper Ayhan, avukat\u0131 Ahmet G\u00fcrol \u015ea\u011fban arac\u0131l\u0131\u011f\u0131yla, Milli E\u011fitim Bakanl\u0131\u011f\u0131\u2019n\u0131n 19 May\u0131s Atat\u00fcrk\u2019\u00fc Anma Gen\u00e7lik ve Spor Bayram\u0131 kutlamalar\u0131n\u0131n ba\u015fkent d\u0131\u015f\u0131nda sadece okullar ve \u00f6\u011frenciler ile kutlanmas\u0131n\u0131, <\/p>\n","protected":false},"author":1,"featured_media":0,"comment_status":"open","ping_status":"open","sticky":false,"template":"","format":"standard","meta":{"footnotes":""},"categories":[105],"tags":[],"class_list":["post-46658","post","type-post","status-publish","format-standard","hentry","category-gundem","odd"],"_links":{"self":[{"href":"http:\/\/www.korhanyilmaz.com\/index.php?rest_route=\/wp\/v2\/posts\/46658","targetHints":{"allow":["GET"]}}],"collection":[{"href":"http:\/\/www.korhanyilmaz.com\/index.php?rest_route=\/wp\/v2\/posts"}],"about":[{"href":"http:\/\/www.korhanyilmaz.com\/index.php?rest_route=\/wp\/v2\/types\/post"}],"author":[{"embeddable":true,"href":"http:\/\/www.korhanyilmaz.com\/index.php?rest_route=\/wp\/v2\/users\/1"}],"replies":[{"embeddable":true,"href":"http:\/\/www.korhanyilmaz.com\/index.php?rest_route=%2Fwp%2Fv2%2Fcomments&post=46658"}],"version-history":[{"count":0,"href":"http:\/\/www.korhanyilmaz.com\/index.php?rest_route=\/wp\/v2\/posts\/46658\/revisions"}],"wp:attachment":[{"href":"http:\/\/www.korhanyilmaz.com\/index.php?rest_route=%2Fwp%2Fv2%2Fmedia&parent=46658"}],"wp:term":[{"taxonomy":"category","embeddable":true,"href":"http:\/\/www.korhanyilmaz.com\/index.php?rest_route=%2Fwp%2Fv2%2Fcategories&post=46658"},{"taxonomy":"post_tag","embeddable":true,"href":"http:\/\/www.korhanyilmaz.com\/index.php?rest_route=%2Fwp%2Fv2%2Ftags&post=46658"}],"curies":[{"name":"wp","href":"https:\/\/api.w.org\/{rel}","templated":true}]}}