{"id":46654,"date":"2012-01-17T16:32:18","date_gmt":"2012-01-17T14:32:18","guid":{"rendered":"http:\/\/www.korhanyilmaz.com\/?p=46654"},"modified":"2012-01-17T16:37:49","modified_gmt":"2012-01-17T14:37:49","slug":"mahkeme-kararini-acikladi","status":"publish","type":"post","link":"http:\/\/www.korhanyilmaz.com\/?p=46654","title":{"rendered":"Mahkeme karar\u0131n\u0131 a\u00e7\u0131klad\u0131"},"content":{"rendered":"<p style=\"text-align: justify;\"><a href=\"http:\/\/www.korhanyilmaz.com\/wp-content\/uploads\/2012\/01\/9236.jpg\"  class=\"lightview\"><img loading=\"lazy\" decoding=\"async\" class=\"aligncenter size-full wp-image-46655\" title=\"\" src=\"http:\/\/www.korhanyilmaz.com\/wp-content\/uploads\/2012\/01\/9236.jpg\" alt=\"\" width=\"350\" height=\"213\" \/><\/a><\/p>\n<p style=\"text-align: justify;\">&#8220;\u0130nternet And\u0131c\u0131&#8221; soru\u015fturmas\u0131 kapsam\u0131nda tutuklanan eski Genelkurmay Ba\u015fkan\u0131 \u0130lker Ba\u015fbu\u011f hakk\u0131ndaki tahliye talebi reddedildi. Ba\u015fbu\u011f&#8217;un Y\u00fcce Divan&#8217;a g\u00f6nderilmesi talebini reddeden 12. A\u011f\u0131r Ceza Mahkemesi Heyeti, ret karar\u0131n\u0131 oy birli\u011fiyle ald\u0131.<\/p>\n<p style=\"text-align: justify;\">\u0130stanbul 12. A\u011f\u0131r Ceza Mahkemesi, \u201c\u0130rtica ile M\u00fccadele Eylem Plan\u0131\u201d davas\u0131 kapsam\u0131nda yer alan iddialara ili\u015fkin hakk\u0131nda ba\u015flat\u0131lan soru\u015fturmada tutuklanan eski Genelkurmay Ba\u015fkan\u0131 emekli Orgeneral \u0130lker Ba\u015fbu\u011f&#8217;un tutuklulu\u011funa yap\u0131lan itiraz\u0131 oy birli\u011fiyle reddetti.\u00a0<!--more--><\/p>\n<p style=\"text-align: justify;\">\u0130stanbul 12. A\u011f\u0131r Ceza Mahkemesi heyeti, emekli Orgeneral Ba\u015fbu\u011f&#8217;un avukat\u0131 taraf\u0131ndan yap\u0131lan tutuklulu\u011fa ili\u015fkin itiraz ile \u201cg\u00f6revsizlik\u201d karar\u0131 verilmesi konusundaki talebi inceledi.<\/p>\n<p style=\"text-align: justify;\">Tutuklulu\u011fa ili\u015fkin itiraz\u0131n reddine karar veren mahkeme heyeti, Ba\u015fbu\u011f hakk\u0131ndaki su\u00e7lamalar\u0131n g\u00f6rev kapsam\u0131nda de\u011ferlendirilmesinin hukuken olanaks\u0131z oldu\u011fu gerek\u00e7esiyle \u201cg\u00f6revsizlik\u201d karar\u0131 verilmesi y\u00f6n\u00fcndeki talebi de reddetti.<\/p>\n<p style=\"text-align: justify;\">Mahkeme heyeti, kararlar\u0131 oy birli\u011fi ile ald\u0131.<\/p>\n<p style=\"text-align: justify;\"><a href=\"http:\/\/www.hurriyet.com.tr\/gundem\/19706980.asp\" target=\"_blank\">Kaynak : H\u00fcrriyet.com.tr<\/a><\/p>\n","protected":false},"excerpt":{"rendered":"<p style=\"text-align: justify;\">\n<p style=\"text-align: justify;\">&#8220;\u0130nternet And\u0131c\u0131&#8221; soru\u015fturmas\u0131 kapsam\u0131nda tutuklanan eski Genelkurmay Ba\u015fkan\u0131 \u0130lker Ba\u015fbu\u011f hakk\u0131ndaki tahliye talebi reddedildi. Ba\u015fbu\u011f&#8217;un Y\u00fcce Divan&#8217;a g\u00f6nderilmesi talebini reddeden 12. A\u011f\u0131r Ceza Mahkemesi Heyeti, ret karar\u0131n\u0131 oy birli\u011fiyle ald\u0131.<\/p>\n<p style=\"text-align: justify;\">\u0130stanbul 12. A\u011f\u0131r Ceza Mahkemesi, \u201c\u0130rtica ile M\u00fccadele Eylem Plan\u0131\u201d davas\u0131 kapsam\u0131nda yer alan iddialara ili\u015fkin hakk\u0131nda ba\u015flat\u0131lan <\/p>\n","protected":false},"author":1,"featured_media":0,"comment_status":"open","ping_status":"open","sticky":false,"template":"","format":"standard","meta":{"footnotes":""},"categories":[105],"tags":[],"class_list":["post-46654","post","type-post","status-publish","format-standard","hentry","category-gundem","odd"],"_links":{"self":[{"href":"http:\/\/www.korhanyilmaz.com\/index.php?rest_route=\/wp\/v2\/posts\/46654","targetHints":{"allow":["GET"]}}],"collection":[{"href":"http:\/\/www.korhanyilmaz.com\/index.php?rest_route=\/wp\/v2\/posts"}],"about":[{"href":"http:\/\/www.korhanyilmaz.com\/index.php?rest_route=\/wp\/v2\/types\/post"}],"author":[{"embeddable":true,"href":"http:\/\/www.korhanyilmaz.com\/index.php?rest_route=\/wp\/v2\/users\/1"}],"replies":[{"embeddable":true,"href":"http:\/\/www.korhanyilmaz.com\/index.php?rest_route=%2Fwp%2Fv2%2Fcomments&post=46654"}],"version-history":[{"count":0,"href":"http:\/\/www.korhanyilmaz.com\/index.php?rest_route=\/wp\/v2\/posts\/46654\/revisions"}],"wp:attachment":[{"href":"http:\/\/www.korhanyilmaz.com\/index.php?rest_route=%2Fwp%2Fv2%2Fmedia&parent=46654"}],"wp:term":[{"taxonomy":"category","embeddable":true,"href":"http:\/\/www.korhanyilmaz.com\/index.php?rest_route=%2Fwp%2Fv2%2Fcategories&post=46654"},{"taxonomy":"post_tag","embeddable":true,"href":"http:\/\/www.korhanyilmaz.com\/index.php?rest_route=%2Fwp%2Fv2%2Ftags&post=46654"}],"curies":[{"name":"wp","href":"https:\/\/api.w.org\/{rel}","templated":true}]}}