{"id":46649,"date":"2012-01-17T15:43:22","date_gmt":"2012-01-17T13:43:22","guid":{"rendered":"http:\/\/www.korhanyilmaz.com\/?p=46649"},"modified":"2012-01-17T16:02:09","modified_gmt":"2012-01-17T14:02:09","slug":"demirtas-kurdistani-savunacagiz","status":"publish","type":"post","link":"http:\/\/www.korhanyilmaz.com\/?p=46649","title":{"rendered":"Demirta\u015f: K\u00fcrdistan&#8217;\u0131 savunaca\u011f\u0131z"},"content":{"rendered":"<p style=\"text-align: center;\"><a href=\"http:\/\/www.korhanyilmaz.com\/wp-content\/uploads\/2012\/01\/9235.jpg\"  class=\"lightview\"><img loading=\"lazy\" decoding=\"async\" class=\"aligncenter  wp-image-46650\" src=\"http:\/\/www.korhanyilmaz.com\/wp-content\/uploads\/2012\/01\/9235.jpg\" alt=\"\" width=\"290\" height=\"217\" \/><\/a><\/p>\n<p style=\"text-align: justify;\">BDP Genel Ba\u015fkan\u0131 Selahattin Demirta\u015f, &#8220;Ana dilde e\u011fitim istiyoruz, kazanaca\u011f\u0131z. T\u00fcrkiye Cumhuriyeti topraklar\u0131n\u0131n bir par\u00e7as\u0131 olan K\u00fcrdistan&#8217;\u0131n ismiyle, cismiyle \u00f6zg\u00fcrl\u00fc\u011f\u00fcn\u00fc de savunaca\u011f\u0131z&#8221; dedi.<\/p>\n<p style=\"text-align: justify;\">TBMM- Demirta\u015f, partisinin Meclis grup toplant\u0131s\u0131nda yapt\u0131\u011f\u0131 konu\u015fmaya, &#8221;Hrint Dink&#8217;in \u00f6ld\u00fcr\u00fclmesiyle ilgili dava, tetik\u00e7iler cezaya \u00e7arpt\u0131r\u0131lsa bile dostlar\u0131 &#8221;bitti&#8221; diyene kadar devam edecek&#8221; s\u00f6zleriyle ba\u015flad\u0131.\u00a0<!--more--><\/p>\n<p style=\"text-align: justify;\">Demirta\u015f, bu g\u00fcn BDP&#8217;ye y\u00f6nelik &#8221;siyasi soyk\u0131r\u0131m operasyonlar\u0131yla&#8221; uyand\u0131klar\u0131n\u0131 s\u00f6yleyerek, &#8221;Bu operasyonlar ba\u015f\u0131ndan beri mahkemelerde de\u011fil, Bakanlar Kurulunda planlan\u0131p hayata ge\u00e7iriliyor. &#8216;Bunlar yarg\u0131n\u0131n i\u015fidir&#8217; gibi safsatalara bizi asla inand\u0131ramazlar&#8221; diye konu\u015ftu.<\/p>\n<p style=\"text-align: justify;\">Dokunulmazl\u0131\u011f\u0131 olan milletvekillerinin evinin bas\u0131ld\u0131\u011f\u0131n\u0131, ard\u0131ndan &#8221;biz o evin milletvekiline ait oldu\u011funu bilmiyorduk&#8221; diyerek &#8221;i\u015fin i\u00e7inden \u00e7\u0131kmaya \u00e7al\u0131\u015f\u0131ld\u0131\u011f\u0131n\u0131&#8221; s\u00f6yleyen Demirta\u015f, &#8221;Biz mesaj\u0131 ald\u0131k ama bu mesaja bo\u011fun e\u011fmiyoruz&#8221; dedi. Demirta\u015f, \u015funlar\u0131 s\u00f6yledi:<\/p>\n<p style=\"text-align: justify;\">&#8221;Rahmetli Orhan Do\u011fan&#8217;\u0131n evini bast\u0131n\u0131z, bu da m\u0131 yanl\u0131\u015f oldu? Neyi ar\u0131yorsunuz? Mesaj net; \u00f6lm\u00fc\u015f de olsan\u0131z, eski vekil de olsan\u0131z, kad\u0131n da \u00e7ocuk da olsan\u0131z biz fa\u015fizmden geri durmayaca\u011f\u0131z. O ev, Leyla Zana&#8217;n\u0131n Ankara&#8217;da oturdu\u011fu evdir. Zana&#8217;n\u0131n Ankara&#8217;da evi yokmu\u015f, dolay\u0131s\u0131yla bilmiyorlarm\u0131\u015f&#8230; Ortada hata yoktur.<\/p>\n<p style=\"text-align: justify;\">DEHAP&#8217;ta Genel Ba\u015fkanl\u0131k yapm\u0131\u015f Tuncer Bak\u0131rhan&#8217;a polis sadece &#8216;size bir mail gelmi\u015f, maili a\u00e7m\u0131\u015f\u0131n\u0131z ve \u00d6calan&#8217;\u0131n avukatlar\u0131yla yapt\u0131\u011f\u0131 g\u00f6r\u00fc\u015fmeyi okumu\u015fsunuz. G\u00f6r\u00fc\u015fme notlar\u0131 okuman\u0131z\u0131n nedeni nedir?&#8217; sorusunu y\u00f6neltmi\u015f. Fatma Kurtulan&#8217;a da sadece ayn\u0131 soru sorulmu\u015f. \u0130\u015fte polisin m\u00fcthi\u015f ba\u015far\u0131s\u0131. Polisin, savc\u0131n\u0131n ortaya \u00e7\u0131kard\u0131\u011f\u0131 derin yap\u0131. Ben bu \u00fclkede savc\u0131 olsam &#8216;\u0130mral\u0131 g\u00f6r\u00fc\u015fme notlar\u0131n\u0131 okudun mu okumad\u0131n m\u0131?&#8217; diye sorar\u0131m. &#8216;Okumad\u0131m&#8217; derse tutuklar\u0131m &#8216;bu sahte siyaset\u00e7i&#8217; diye. Bunu okumayan T\u00fcrkiye&#8217;de siyaset yapamaz. Ba\u015fbakan, bakanlar, milletvekilleri, M\u0130T, emniyet, herkes okuyor. Bizden \u00f6nce okuyorlar. Adalet Bakan\u0131&#8217;n\u0131n \u00f6n\u00fcne gidiyor ayn\u0131 saatte. Onlar\u0131 okumadan asla ama asla K\u00fcrt sorunuyla ilgili strateji belirlemiyorlar. BDP niye okumayacakm\u0131\u015f?&#8221;<\/p>\n<p style=\"text-align: justify;\"><strong>&#8221;Biz kimseyi da\u011fa g\u00f6ndermiyoruz&#8221;\u00a0<\/strong><\/p>\n<p style=\"text-align: justify;\">Uludere olay\u0131nda be\u015f ki\u015finin tutukland\u0131\u011f\u0131n\u0131, 70 ki\u015finin de arand\u0131\u011f\u0131n\u0131 belirten Demirta\u015f, bunlar\u0131n bombalamayla ilgili de\u011fil, kaymakama sald\u0131r\u0131yla ilgili oldu\u011funu s\u00f6yledi.<\/p>\n<p style=\"text-align: justify;\">&#8221;4 saatlik Heron g\u00f6r\u00fcnt\u00fcs\u00fc var, inceliyoruz&#8221; denildi\u011fini anlatan Demirta\u015f, \u015f\u00f6yle konu\u015ftu:<\/p>\n<p style=\"text-align: justify;\">&#8221;Bu s\u00f6zlerin \u00fczerinden \u015fu saate kadar 432 saat ge\u00e7ti. 108 defa yeniden bu g\u00f6r\u00fcnt\u00fcleri izleyebilirlerdi ama H\u00fck\u00fcmetten \u00e7\u0131t yok. 432 saattir 4 saatlik Heron g\u00f6r\u00fcnt\u00fcs\u00fcn\u00fc izleyemediler ya da izlediler de a\u00e7\u0131klayam\u0131yorlar. Emir komuta zinciri i\u00e7erisinde 432 saattir siz daha Uludere&#8217;de kimin su\u00e7lu oldu\u011funu bulamad\u0131n\u0131z ama Tuncer Bak\u0131rhan ve Fatma Kurtulan&#8217;\u0131 hemen bulup tutuklam\u0131\u015fs\u0131n\u0131z. 34 ki\u015fiyi bombalarla par\u00e7alayanlar\u0131 niye bulam\u0131yorsunuz?<\/p>\n<p style=\"text-align: justify;\">Bu \u00fclkede bize adalet, mahkeme, yarg\u0131lama yok. Bize yarg\u0131s\u0131z infaz, i\u015fkence, katliam, bomba, zindan var. &#8216;K\u00fcrtler niye da\u011fa \u00e7\u0131k\u0131yor?&#8217; Bize sormay\u0131n. Biz kimseyi da\u011fa g\u00f6ndermiyoruz. Bunlar g\u00f6nderiyorlar. B\u00fct\u00fcn K\u00fcrt gen\u00e7leri bunlar\u0131 duyuyor, hissediyor, ya\u015f\u0131yor. Bunlar sava\u015f\u0131 b\u00f6yle b\u00fcy\u00fct\u00fcyor. Biz b\u00fcy\u00fctm\u00fcyoruz. Biz bu sava\u015f\u0131 bitirmeye \u00e7al\u0131\u015f\u0131yoruz.&#8221;<\/p>\n<p style=\"text-align: justify;\"><strong>&#8221;Adalet yoksa K\u00fcrde d\u00fc\u015fen direnmektir&#8221;\u00a0<\/strong><\/p>\n<p style=\"text-align: justify;\">Ceylan \u00d6nkol, \u0130brahim Halil Oru\u00e7 ve Ayd\u0131n Erdem&#8217;in foto\u011fraflar\u0131n\u0131 g\u00f6steren Demirta\u015f, &#8221;(AKP d\u00f6neminde faili me\u00e7hul olmam\u0131\u015ft\u0131r) deniliyor. Y\u00fczlerce foto\u011fraf koyabiliriz \u00f6n\u00fcn\u00fcze. \u0130\u015fte bunlar\u0131n fa\u015fizm anlay\u0131\u015f\u0131 budur. K\u00fcrde adalet yoksa K\u00fcrde d\u00fc\u015fen tek \u015fey direnmektir. Biz bug\u00fcne kadar hi\u00e7bir fa\u015fizme ge\u00e7it vermedik. AKP fa\u015fizmine de ge\u00e7it vermeyece\u011fiz. Biz kazanaca\u011f\u0131z. Bundan kimsenin \u015f\u00fcphesi olmas\u0131n. Ana dilde e\u011fitim istiyoruz, kazanaca\u011f\u0131z. Geri ad\u0131m atmayaca\u011f\u0131z. T\u00fcrkiye Cumhuriyeti topraklar\u0131n\u0131n bir par\u00e7as\u0131 olan K\u00fcrdistan&#8217;\u0131n ismiyle, cismiyle \u00f6zg\u00fcrl\u00fc\u011f\u00fcn\u00fc de savunaca\u011f\u0131z&#8221; diye konu\u015ftu.<\/p>\n<p style=\"text-align: justify;\">AKP&#8217;nin &#8221;kendine demokrat, M\u00fcsl\u00fcman&#8221; oldu\u011funu belirten Demirta\u015f, &#8221;AKP T\u00fcrkiye&#8217;nin en b\u00fcy\u00fck partisi de\u011fil en b\u00fcy\u00fck anonim \u015firketidir. Nas\u0131l ki \u015firketler kar pay\u0131 esas\u0131na dayan\u0131rsa, AKP de ona dayan\u0131r. O kardan beslenenler beslendi\u011fi s\u00fcrece o \u015firket de kal\u0131r. Kar pay\u0131 da\u011f\u0131t\u0131m\u0131 s\u0131k\u0131nt\u0131ya girdi\u011fi an \u00e7il yavrusu gibi da\u011f\u0131lacaklar&#8221; dedi.<\/p>\n<p style=\"text-align: justify;\">Demirta\u015f, yarg\u0131ya y\u00f6nelik ele\u015ftirilerde bulunarak, &#8221;AKP&#8217;ye kar\u015f\u0131 g\u0131k\u0131n\u0131 \u00e7\u0131karan\u0131 tutukluyorlar&#8221; dedi.<\/p>\n<p style=\"text-align: justify;\"><a href=\"http:\/\/www.cumhuriyet.com.tr\/?hn=308430\" target=\"_blank\">Kaynak : Cumhuriyet Haber Portal\u0131<\/a><\/p>\n","protected":false},"excerpt":{"rendered":"<p style=\"text-align: center;\">\n<p style=\"text-align: justify;\">BDP Genel Ba\u015fkan\u0131 Selahattin Demirta\u015f, &#8220;Ana dilde e\u011fitim istiyoruz, kazanaca\u011f\u0131z. T\u00fcrkiye Cumhuriyeti topraklar\u0131n\u0131n bir par\u00e7as\u0131 olan K\u00fcrdistan&#8217;\u0131n ismiyle, cismiyle \u00f6zg\u00fcrl\u00fc\u011f\u00fcn\u00fc de savunaca\u011f\u0131z&#8221; dedi.<\/p>\n<p style=\"text-align: justify;\">TBMM- Demirta\u015f, partisinin Meclis grup toplant\u0131s\u0131nda yapt\u0131\u011f\u0131 konu\u015fmaya, &#8221;Hrint Dink&#8217;in \u00f6ld\u00fcr\u00fclmesiyle ilgili dava, tetik\u00e7iler cezaya \u00e7arpt\u0131r\u0131lsa bile dostlar\u0131 &#8221;bitti&#8221; diyene kadar devam edecek&#8221; s\u00f6zleriyle ba\u015flad\u0131. <\/p>\n","protected":false},"author":1,"featured_media":0,"comment_status":"open","ping_status":"open","sticky":false,"template":"","format":"standard","meta":{"footnotes":""},"categories":[105],"tags":[],"class_list":["post-46649","post","type-post","status-publish","format-standard","hentry","category-gundem","odd"],"_links":{"self":[{"href":"http:\/\/www.korhanyilmaz.com\/index.php?rest_route=\/wp\/v2\/posts\/46649","targetHints":{"allow":["GET"]}}],"collection":[{"href":"http:\/\/www.korhanyilmaz.com\/index.php?rest_route=\/wp\/v2\/posts"}],"about":[{"href":"http:\/\/www.korhanyilmaz.com\/index.php?rest_route=\/wp\/v2\/types\/post"}],"author":[{"embeddable":true,"href":"http:\/\/www.korhanyilmaz.com\/index.php?rest_route=\/wp\/v2\/users\/1"}],"replies":[{"embeddable":true,"href":"http:\/\/www.korhanyilmaz.com\/index.php?rest_route=%2Fwp%2Fv2%2Fcomments&post=46649"}],"version-history":[{"count":0,"href":"http:\/\/www.korhanyilmaz.com\/index.php?rest_route=\/wp\/v2\/posts\/46649\/revisions"}],"wp:attachment":[{"href":"http:\/\/www.korhanyilmaz.com\/index.php?rest_route=%2Fwp%2Fv2%2Fmedia&parent=46649"}],"wp:term":[{"taxonomy":"category","embeddable":true,"href":"http:\/\/www.korhanyilmaz.com\/index.php?rest_route=%2Fwp%2Fv2%2Fcategories&post=46649"},{"taxonomy":"post_tag","embeddable":true,"href":"http:\/\/www.korhanyilmaz.com\/index.php?rest_route=%2Fwp%2Fv2%2Ftags&post=46649"}],"curies":[{"name":"wp","href":"https:\/\/api.w.org\/{rel}","templated":true}]}}