{"id":46645,"date":"2012-01-17T15:41:16","date_gmt":"2012-01-17T13:41:16","guid":{"rendered":"http:\/\/www.korhanyilmaz.com\/?p=46645"},"modified":"2012-01-17T15:46:21","modified_gmt":"2012-01-17T13:46:21","slug":"chpli-kart-yabancilara-satilan-tasinmazlari-sordu","status":"publish","type":"post","link":"http:\/\/www.korhanyilmaz.com\/?p=46645","title":{"rendered":"CHP&#8217;li Kart yabanc\u0131lara sat\u0131lan ta\u015f\u0131nmazlar\u0131 sordu"},"content":{"rendered":"<p style=\"text-align: center;\"><a href=\"http:\/\/www.korhanyilmaz.com\/wp-content\/uploads\/2012\/01\/9234.jpg\"  class=\"lightview\"><img loading=\"lazy\" decoding=\"async\" class=\"aligncenter  wp-image-46646\" src=\"http:\/\/www.korhanyilmaz.com\/wp-content\/uploads\/2012\/01\/9234.jpg\" alt=\"\" width=\"276\" height=\"207\" \/><\/a><\/p>\n<p style=\"text-align: justify;\">CHP Konya Milletvekili Atilla Kart, 3 Kas\u0131m 2002 tarihinden evvel Cumhuriyet tarihi boyunca yap\u0131lan ta\u015f\u0131nmaz sat\u0131\u015flar\u0131n\u0131n 5-6 kat\u0131ndan fazla sat\u0131\u015f\u0131n AKP iktidarlar\u0131 d\u00f6neminde sat\u0131ld\u0131\u011f\u0131n\u0131 belirterek, &#8220;\u0130srail orijinli firmalar\u0131n dan\u0131\u015f\u0131kl\u0131 yollarla T\u00fcrk uyruklu ki\u015filer ya da firmalar arac\u0131l\u0131\u011f\u0131yla ta\u015f\u0131nmaz ald\u0131klar\u0131na dair bilgiler bas\u0131na yans\u0131m\u0131\u015f durumdad\u0131r&#8221; dedi.<!--more--><\/p>\n<p style=\"text-align: justify;\">Ankara- CHP Konya Milletvekili Atilla Kart, TBMM Ba\u015fkanl\u0131\u011f\u0131&#8217;na, \u00c7evre ve \u015eehircilik Bakan\u0131 Erdo\u011fan Bayraktar&#8217;\u0131n yan\u0131tlamas\u0131 istemiyle soru \u00f6nergesi verdi.<\/p>\n<p style=\"text-align: justify;\">AKP iktidarlar\u0131yla birlikte, yabanc\u0131 uyruklu ki\u015filere sat\u0131lan ta\u015f\u0131nmaz sat\u0131\u015flar\u0131nda ola\u011fan\u00fcst\u00fc bir art\u0131\u015f meydana geldi\u011fini savunan Kart, \u015f\u00f6yle dedi:<\/p>\n<p style=\"text-align: justify;\">&#8220;3 Kas\u0131m 2002 tarihinden evvel Cumhuriyet tarihi boyunca yap\u0131lan ta\u015f\u0131nmaz sat\u0131\u015flar\u0131n\u0131n 5-6 kat\u0131ndan fazla sat\u0131\u015f\u0131n AKP iktidarlar\u0131 d\u00f6neminde sat\u0131ld\u0131\u011f\u0131na dair bilgiler yasama denetimi s\u00fcrecinde ortaya \u00e7\u0131km\u0131\u015ft\u0131r. Yabanc\u0131 ger\u00e7ek ki\u015filere yap\u0131lan ta\u015f\u0131nmaz sat\u0131\u015flar\u0131n\u0131n &#8216;m2 olarak&#8217; de\u011ferlendirmesi yap\u0131ld\u0131\u011f\u0131nda en \u00e7ok sat\u0131\u015f\u0131n a\u00e7\u0131k ara Konya ilinde yap\u0131ld\u0131\u011f\u0131 g\u00f6r\u00fclmektedir. Konya ilinde 2002-2011 tarihleri aras\u0131nda yap\u0131lan ta\u015f\u0131nmaz sat\u0131\u015flar\u0131n\u0131n toplam tutar\u0131n\u0131n 6.205.611 m2 oldu\u011fu g\u00f6r\u00fclmektedir.&#8221;<\/p>\n<p style=\"text-align: justify;\">Konya&#8217;dan sonra s\u0131ras\u0131yla Antalya, Mu\u011fla, Ayd\u0131n, K\u0131r\u015fehir, \u0130zmir, \u0130stanbul, Hatay, Mardin, Batman illerinin geldi\u011fine dikkat \u00e7eken Kart, &#8220;Bu tablo i\u00e7inde Konya ilinin durumunun \u00f6zel ve kayda de\u011fer oldu\u011fu g\u00f6r\u00fclmektedir. Esasen, Konya ilinde yabanc\u0131 uyruklu ki\u015fi ve firmalar\u0131n alm\u0131\u015f olduklar\u0131 ta\u015f\u0131nmaz miktar\u0131n\u0131n daha da y\u00fcksek oldu\u011funa dair bilgiler s\u00f6z konusudur. \u0130srail orijinli firmalar\u0131n dan\u0131\u015f\u0131kl\u0131 yollarla T\u00fcrk uyruklu ki\u015filer ya da firmalar arac\u0131l\u0131\u011f\u0131yla ta\u015f\u0131nmaz ald\u0131klar\u0131na dair bilgiler bas\u0131na yans\u0131m\u0131\u015f durumdad\u0131r&#8221; dedi.<\/p>\n<p style=\"text-align: justify;\">&#8220;T\u00fcrkiye&#8217;yi &#8216;b\u00f6lgenin s\u00fcpermarketi&#8217; yapaca\u011f\u0131n\u0131 ifade eden Ba\u015fbakan&#8217;\u0131n bir taraftan da T\u00fcrkiye topraklar\u0131n\u0131n pazarlanmas\u0131n\u0131 ger\u00e7ekle\u015ftirdi\u011fi g\u00f6r\u00fclmektedir&#8221; diyen Kart, \u015fu sorular\u0131 y\u00f6neltti:<\/p>\n<p style=\"text-align: justify;\">&#8220;Konya ilinde sat\u0131\u015f\u0131 ger\u00e7ekle\u015ftirilen 6.205. 611 metrekare y\u00fcz\u00f6l\u00e7\u00fcm\u00fcndeki bu ta\u015f\u0131nmazlar\u0131n niteli\u011fi nedir? Arsa olanlar ile tarla vasf\u0131nda olanlar\u0131n miktar\u0131 nedir? Tarla, bah\u00e7e ya da \u00e7iftlik vasf\u0131nda olan ta\u015f\u0131nmazlardan y\u00fcz\u00f6l\u00e7\u00fcm\u00fc b\u00fcy\u00fckl\u00fc\u011f\u00fcne g\u00f6re ilk 100 ta\u015f\u0131nmaz\u0131 sat\u0131nalanlar kimlerdir?<\/p>\n<p style=\"text-align: justify;\">Ta\u015f\u0131nmaz sat\u0131\u015flar\u0131nda &#8216;dan\u0131\u015f\u0131kl\u0131 ili\u015fkileri ve sat\u0131\u015flar\u0131&#8217; sorgulamak ve denetlemek amac\u0131yla ne t\u00fcr y\u00f6ntemler uygulanmaktad\u0131r. Ba\u015fka bir ifadeyle, bu y\u00f6nde gerekli inceleme ve tahkikatlar yap\u0131lmakta m\u0131d\u0131r? Bu ta\u015f\u0131nmazlar hangi ama\u00e7larla kullan\u0131lmaktad\u0131r?&#8221;<\/p>\n<p style=\"text-align: justify;\"><a href=\"http:\/\/www.cumhuriyet.com.tr\/?hn=308364\" target=\"_blank\">Kaynak : Cumhuriyet Haber Portal\u0131<\/a><\/p>\n","protected":false},"excerpt":{"rendered":"<p style=\"text-align: center;\">\n<p style=\"text-align: justify;\">CHP Konya Milletvekili Atilla Kart, 3 Kas\u0131m 2002 tarihinden evvel Cumhuriyet tarihi boyunca yap\u0131lan ta\u015f\u0131nmaz sat\u0131\u015flar\u0131n\u0131n 5-6 kat\u0131ndan fazla sat\u0131\u015f\u0131n AKP iktidarlar\u0131 d\u00f6neminde sat\u0131ld\u0131\u011f\u0131n\u0131 belirterek, &#8220;\u0130srail orijinli firmalar\u0131n dan\u0131\u015f\u0131kl\u0131 yollarla T\u00fcrk uyruklu ki\u015filer ya da firmalar arac\u0131l\u0131\u011f\u0131yla ta\u015f\u0131nmaz ald\u0131klar\u0131na dair bilgiler bas\u0131na yans\u0131m\u0131\u015f durumdad\u0131r&#8221; dedi.<\/p>\n","protected":false},"author":1,"featured_media":0,"comment_status":"open","ping_status":"open","sticky":false,"template":"","format":"standard","meta":{"footnotes":""},"categories":[105],"tags":[],"class_list":["post-46645","post","type-post","status-publish","format-standard","hentry","category-gundem","odd"],"_links":{"self":[{"href":"http:\/\/www.korhanyilmaz.com\/index.php?rest_route=\/wp\/v2\/posts\/46645","targetHints":{"allow":["GET"]}}],"collection":[{"href":"http:\/\/www.korhanyilmaz.com\/index.php?rest_route=\/wp\/v2\/posts"}],"about":[{"href":"http:\/\/www.korhanyilmaz.com\/index.php?rest_route=\/wp\/v2\/types\/post"}],"author":[{"embeddable":true,"href":"http:\/\/www.korhanyilmaz.com\/index.php?rest_route=\/wp\/v2\/users\/1"}],"replies":[{"embeddable":true,"href":"http:\/\/www.korhanyilmaz.com\/index.php?rest_route=%2Fwp%2Fv2%2Fcomments&post=46645"}],"version-history":[{"count":0,"href":"http:\/\/www.korhanyilmaz.com\/index.php?rest_route=\/wp\/v2\/posts\/46645\/revisions"}],"wp:attachment":[{"href":"http:\/\/www.korhanyilmaz.com\/index.php?rest_route=%2Fwp%2Fv2%2Fmedia&parent=46645"}],"wp:term":[{"taxonomy":"category","embeddable":true,"href":"http:\/\/www.korhanyilmaz.com\/index.php?rest_route=%2Fwp%2Fv2%2Fcategories&post=46645"},{"taxonomy":"post_tag","embeddable":true,"href":"http:\/\/www.korhanyilmaz.com\/index.php?rest_route=%2Fwp%2Fv2%2Ftags&post=46645"}],"curies":[{"name":"wp","href":"https:\/\/api.w.org\/{rel}","templated":true}]}}