{"id":46642,"date":"2012-01-17T15:30:41","date_gmt":"2012-01-17T13:30:41","guid":{"rendered":"http:\/\/www.korhanyilmaz.com\/?p=46642"},"modified":"2012-01-17T15:43:26","modified_gmt":"2012-01-17T13:43:26","slug":"akpnin-aldatmacisina-cumhurbaskani-da-katildi","status":"publish","type":"post","link":"http:\/\/www.korhanyilmaz.com\/?p=46642","title":{"rendered":"&#8216;AKP&#8217;nin aldatmac\u0131s\u0131na Cumhurba\u015fkan\u0131 da kat\u0131ld\u0131&#8217;"},"content":{"rendered":"<p style=\"text-align: center;\"><a href=\"http:\/\/www.korhanyilmaz.com\/wp-content\/uploads\/2012\/01\/9233.jpg\"  class=\"lightview\"><img loading=\"lazy\" decoding=\"async\" class=\"aligncenter  wp-image-46643\" src=\"http:\/\/www.korhanyilmaz.com\/wp-content\/uploads\/2012\/01\/9233.jpg\" alt=\"\" width=\"276\" height=\"207\" \/><\/a><\/p>\n<p style=\"text-align: justify;\">CHP S\u00f6zc\u00fcs\u00fc ve Genel Ba\u015fkan Yard\u0131mc\u0131s\u0131 Birg\u00fcl Ayman G\u00fcler, AKP d\u00f6nemindeki &#8216;g\u00fcncelleme aldatmacas\u0131na&#8217; son olarak Cumhurba\u015fkan\u0131 Abdullah G\u00fcl&#8217;\u00fcn de kat\u0131ld\u0131\u011f\u0131n\u0131 ifade ederek, &#8220;G\u00f6rev s\u00fcresi Ba\u015fbakan&#8217;\u0131n iki duda\u011f\u0131n\u0131n aras\u0131nda olan Cumhurba\u015fkan\u0131 G\u00fcl&#8217;\u00fcn g\u00fcncelleme aldatmacas\u0131 oturdu\u011fu koltu\u011fa yak\u0131\u015fmamaktad\u0131r&#8221; dedi.\u00a0<!--more--><\/p>\n<p style=\"text-align: justify;\">Ankara- CHP S\u00f6zc\u00fcs\u00fc ve Genel Ba\u015fkan Yard\u0131mc\u0131s\u0131 Birg\u00fcl Ayman G\u00fcler, yapt\u0131\u011f\u0131 yaz\u0131l\u0131 a\u00e7\u0131klamada, &#8220;AKP d\u00f6neminde ay\u0131plar\u0131n, halk\u0131 aldatman\u0131n, Cumhuriyet ile hesapla\u015fman\u0131n ve Cumhuriyet d\u00f6neminden r\u00f6van\u015f alman\u0131n ad\u0131 &#8216;g\u00fcncelleme&#8217; oldu&#8221; dedi. G\u00fcncelleme aldatmacalar\u0131ndan birinin zamlar oldu\u011funu belirten G\u00fcler, &#8220;Yeni y\u0131l \u00f6ncesi ba\u015flayan zam ya\u011fmuru yeni y\u0131la girerken de devam etti. H\u00fck\u00fcmet \u00fcyeleri y\u00fczleri k\u0131zarmadan, halk\u0131n g\u00f6z\u00fcn\u00fcn i\u00e7ine baka baka bunlar\u0131n zam de\u011fil, g\u00fcncelleme oldu\u011funu a\u00e7\u0131klad\u0131lar&#8221; dedi.<\/p>\n<p style=\"text-align: justify;\">G\u00fcler, son &#8216;g\u00fcncelleme aldatmacas\u0131n\u0131n&#8217; sahibinin ise Cumhurba\u015fkan\u0131 Abdullah G\u00fcl oldu\u011funu \u00f6ne s\u00fcrerek, \u015f\u00f6yle devam etti:<\/p>\n<p style=\"text-align: justify;\">&#8220;AKP&#8217;nin \u00e7ekirdek kadrosu i\u00e7inde yer alan G\u00fcl, Atata\u00fcrk&#8217;\u00fcn Ankara&#8217;ya geli\u015finin kutlanmas\u0131n\u0131n yasaklanmas\u0131yla ba\u015flayan, 29 Ekim t\u00f6renlerinin yasaklanmas\u0131yla devam eden, 19 May\u0131s t\u00f6renlerinin yasaklanmas\u0131yla s\u00fcrd\u00fcr\u00fclen ve 23 Nisan, 30 A\u011fustos t\u00f6renlerinin yasaklanmas\u0131yla devam edece\u011fi belirtilen s\u00fcreci &#8216;g\u00fcncelleme&#8217; olarak ilan ettirdi. Art\u0131k hepimiz biliyoruz ki, bu bir g\u00fcncelleme de\u011fildir. Bu bir r\u00f6van\u015f alma, Cumhuriyet ile hesapla\u015fma, ulusal Kurtulu\u015f Sava\u015f\u0131m\u0131z\u0131n Ba\u015fkomutan\u0131, Cumhuriyetin Kurucusu Gazi Mustafa Kemal Atat\u00fcrk&#8217;ten geriye ne kald\u0131ysa onlar\u0131 de\u011fersizle\u015ftirme, itibars\u0131zla\u015ft\u0131rma ve defterden silme operasyonudur. G\u00f6rev s\u00fcresi Ba\u015fbakan&#8217;\u0131n iki duda\u011f\u0131n\u0131n aras\u0131nda olan Cumhurba\u015fkan\u0131 G\u00fcl&#8217;\u00fcn g\u00fcncelleme aldatmacas\u0131 oturdu\u011fu koltu\u011fa yak\u0131\u015fmamaktad\u0131r.&#8221;<\/p>\n<p style=\"text-align: justify;\"><a href=\"http:\/\/www.cumhuriyet.com.tr\/?kn=6&amp;hn=308358\" target=\"_blank\">Kaynak : Cumhuriyet Haber Portal\u0131<\/a><\/p>\n","protected":false},"excerpt":{"rendered":"<p style=\"text-align: center;\">\n<p style=\"text-align: justify;\">CHP S\u00f6zc\u00fcs\u00fc ve Genel Ba\u015fkan Yard\u0131mc\u0131s\u0131 Birg\u00fcl Ayman G\u00fcler, AKP d\u00f6nemindeki &#8216;g\u00fcncelleme aldatmacas\u0131na&#8217; son olarak Cumhurba\u015fkan\u0131 Abdullah G\u00fcl&#8217;\u00fcn de kat\u0131ld\u0131\u011f\u0131n\u0131 ifade ederek, &#8220;G\u00f6rev s\u00fcresi Ba\u015fbakan&#8217;\u0131n iki duda\u011f\u0131n\u0131n aras\u0131nda olan Cumhurba\u015fkan\u0131 G\u00fcl&#8217;\u00fcn g\u00fcncelleme aldatmacas\u0131 oturdu\u011fu koltu\u011fa yak\u0131\u015fmamaktad\u0131r&#8221; dedi. <\/p>\n","protected":false},"author":1,"featured_media":0,"comment_status":"open","ping_status":"open","sticky":false,"template":"","format":"standard","meta":{"footnotes":""},"categories":[105],"tags":[],"class_list":["post-46642","post","type-post","status-publish","format-standard","hentry","category-gundem","odd"],"_links":{"self":[{"href":"http:\/\/www.korhanyilmaz.com\/index.php?rest_route=\/wp\/v2\/posts\/46642","targetHints":{"allow":["GET"]}}],"collection":[{"href":"http:\/\/www.korhanyilmaz.com\/index.php?rest_route=\/wp\/v2\/posts"}],"about":[{"href":"http:\/\/www.korhanyilmaz.com\/index.php?rest_route=\/wp\/v2\/types\/post"}],"author":[{"embeddable":true,"href":"http:\/\/www.korhanyilmaz.com\/index.php?rest_route=\/wp\/v2\/users\/1"}],"replies":[{"embeddable":true,"href":"http:\/\/www.korhanyilmaz.com\/index.php?rest_route=%2Fwp%2Fv2%2Fcomments&post=46642"}],"version-history":[{"count":0,"href":"http:\/\/www.korhanyilmaz.com\/index.php?rest_route=\/wp\/v2\/posts\/46642\/revisions"}],"wp:attachment":[{"href":"http:\/\/www.korhanyilmaz.com\/index.php?rest_route=%2Fwp%2Fv2%2Fmedia&parent=46642"}],"wp:term":[{"taxonomy":"category","embeddable":true,"href":"http:\/\/www.korhanyilmaz.com\/index.php?rest_route=%2Fwp%2Fv2%2Fcategories&post=46642"},{"taxonomy":"post_tag","embeddable":true,"href":"http:\/\/www.korhanyilmaz.com\/index.php?rest_route=%2Fwp%2Fv2%2Ftags&post=46642"}],"curies":[{"name":"wp","href":"https:\/\/api.w.org\/{rel}","templated":true}]}}