{"id":46637,"date":"2012-01-17T13:58:13","date_gmt":"2012-01-17T11:58:13","guid":{"rendered":"http:\/\/www.korhanyilmaz.com\/?p=46637"},"modified":"2012-01-17T14:42:21","modified_gmt":"2012-01-17T12:42:21","slug":"haburu-anlatirsam-hukumet-altinda-kalir","status":"publish","type":"post","link":"http:\/\/www.korhanyilmaz.com\/?p=46637","title":{"rendered":"&#8216;Haburu anlat\u0131rsam h\u00fck\u00fcmet alt\u0131nda kal\u0131r&#8217;"},"content":{"rendered":"<p style=\"text-align: center;\"><a href=\"http:\/\/www.korhanyilmaz.com\/wp-content\/uploads\/2012\/01\/9232.jpg\"  class=\"lightview\"><img loading=\"lazy\" decoding=\"async\" class=\"aligncenter  wp-image-46638\" src=\"http:\/\/www.korhanyilmaz.com\/wp-content\/uploads\/2012\/01\/9232.jpg\" alt=\"\" width=\"382\" height=\"219\" \/><\/a><\/p>\n<p style=\"text-align: justify;\">Demokratik Toplum Kongresi E\u015f Ba\u015fkanlar\u0131 T\u00fcrk ve Tu\u011fluk, KCK operasyonlar\u0131n\u0131 \u00e7ok sert bir dille ele\u015ftirdi ve h\u00fck\u00fcmeti uyard\u0131.<\/p>\n<p style=\"text-align: justify;\">D\u0130YARBAKIR &#8211; Demokratik Toplum Kongresi (DTK) E\u015f Ba\u015fkanlar\u0131 Ahmet T\u00fcrk ve Aysel Tu\u011fluk, KCK operasyonlar\u0131na ili\u015fkin DTK binas\u0131nda bas\u0131n toplant\u0131s\u0131 d\u00fczenledi.<!--more--><\/p>\n<p style=\"text-align: justify;\">Toplant\u0131da konu\u015fan DTK E\u015f Ba\u015fkan\u0131 ve Mardin Ba\u011f\u0131ms\u0131z Milletvekili Ahmet T\u00fcrk, a\u00e7\u0131l\u0131m politikas\u0131yla K\u00fcrt halk\u0131n\u0131n susturulmaya \u00e7al\u0131\u015f\u0131ld\u0131\u011f\u0131n\u0131 belirterek, \u2018Habur s\u00fcrecini anlat\u0131rsam h\u00fck\u00fcmet alt\u0131nda kal\u0131r\u2019 dedi.<\/p>\n<p style=\"text-align: justify;\">\u2018Siz hangi yasalarla K\u00fcrtleri yarg\u0131l\u0131yorsunuz?\u2019 diyen Van Ba\u011f\u0131ms\u0131z Milletvekili Aysel Tu\u011fluk ise, &#8220;Mahkemelerden hi\u00e7bir adalet beklemiyoruz. K\u00fcrtlerin tahamm\u00fclleri sonsuz de\u011fildir&#8221; dedi.<\/p>\n<p style=\"text-align: justify;\"><strong>T\u00dcRK: Z\u0130NDANLA TERB\u0130YE POL\u0130T\u0130KASI<\/strong><\/p>\n<p style=\"text-align: justify;\">Demokratik Toplum Kongresi E\u015f Ba\u015fkan\u0131 ve Mardin Ba\u011f\u0131ms\u0131z Milletvekili Ahmet T\u00fcrk \u015f\u00f6yle konu\u015ftu:<\/p>\n<p style=\"text-align: justify;\">-Ge\u00e7mi\u015fte Ortado\u011fu\u2019da kom\u015fularla s\u0131f\u0131r problem diyen h\u00fck\u00fcmet, bug\u00fcn b\u00fct\u00fcn kom\u015fular\u0131yla problemli hale gelmi\u015ftir. Problemlerin yuma\u011f\u0131na d\u00f6n\u00fc\u015fm\u00fc\u015ft\u00fcr. Ve bug\u00fcn T\u00fcrk halk\u0131na da, K\u00fcrt halk\u0131na da, T\u00fcrkiye\u2019deki b\u00fct\u00fcn insanlar\u0131n gelece\u011fini adeta karartacak bir siyasetin i\u00e7inde oldu\u011funu g\u00f6r\u00fcyoruz.<\/p>\n<p style=\"text-align: justify;\">-K\u00fcrtleri tutuklayarak, zindanla terbiye etme, zindanlara t\u0131karak K\u00fcrtleri susturmaya y\u00f6nelik bir politika izleniyor.<\/p>\n<p style=\"text-align: justify;\">-Genel Ba\u015fkan Yar\u0131mc\u0131m\u0131z Fatma Kurtulan 1990\u2019l\u0131 y\u0131llardan beri demokratik siyasetin i\u00e7inde olan bir arkada\u015f\u0131m\u0131zd\u0131r. Daha \u00f6nceki d\u00f6nemlerde bu partiden milletvekili aday\u0131 olmu\u015f. 2007 se\u00e7imlerinde yine milletvekili olarak parlamentoya girmi\u015f, parti meclisinde, merkez y\u00fcr\u00fctme kurulunda ve daha \u00f6nce de genel ba\u015fkan yard\u0131mc\u0131l\u0131\u011f\u0131 g\u00f6revinde bulunmu\u015f bir isimdir.<\/p>\n<p style=\"text-align: justify;\"><strong>\u2018SONUNA KADAR M\u00dcCADELE\u2019<\/strong><\/p>\n<p style=\"text-align: justify;\">-Sonuna kadar bu zalimane anlay\u0131\u015fa kar\u015f\u0131 m\u00fccadele edece\u011fiz. Bunu da herkesin bilmesini istiyoruz.<\/p>\n<p style=\"text-align: justify;\">-G\u00f6n\u00fcl isterdi ki T\u00fcrk halk\u0131 da, ayd\u0131nlar\u0131 da, demokratlar\u0131 da, K\u00fcrtleri daha iyi anlas\u0131nlar. K\u00fcrtlerin ya\u015fad\u0131\u011f\u0131 s\u00fcre\u00e7leri daha iyi T\u00fcrkiye ve d\u00fcnya g\u00fcndemine ta\u015f\u0131s\u0131nlar.<\/p>\n<p style=\"text-align: justify;\">-Habur s\u00fcrecini ben anlat\u0131rsam asl\u0131nda h\u00fck\u00fcmet alt\u0131nda kal\u0131r. Bize getirdikleri, bizden bekledikleri, kendilerinin s\u00f6yleyip yapmad\u0131klar\u0131 konusunda da tart\u0131\u015fabiliriz. O nedenle art\u0131k soyut kavramlar, kelimelerle, a\u00e7\u0131l\u0131m laflar\u0131yla art\u0131k K\u00fcrtleri kand\u0131ramazlar. A\u00e7\u0131l\u0131m laf\u0131 art\u0131k bizi heyecanland\u0131rm\u0131yor. H\u00fck\u00fcmet, devlet gelir bu sorunu b\u00f6yle \u00e7\u00f6zmek istiyoruz, projemiz budur, b\u00f6yle d\u00fc\u015f\u00fcn\u00fcyoruz. Siz ne d\u00fc\u015f\u00fcn\u00fcyorsunuz diye. Bu ancak b\u00f6yle \u00e7\u00f6z\u00fcl\u00fcr.<\/p>\n<p style=\"text-align: justify;\"><strong>\u2018\u00d6CALAN\u2019I G\u00d6RMEZDEN GELEMEZS\u0130N\u0130Z\u2019<\/strong><\/p>\n<p style=\"text-align: justify;\">-D\u00fcnyan\u0131n neresinde muhataps\u0131z bir \u00e7\u00f6z\u00fcm olmu\u015f. \u0130rlanda\u2019ya, G\u00fcney Afrika\u2019ya bak\u0131n, Katalonya\u2019ya bak\u0131n, Bask\u2019a bak\u0131n&#8230; Her sorunun bir muhatab\u0131 vard\u0131r. Biz muhatab\u0131z, siyasi partiyiz. Halk\u0131n iradesiyle gelmi\u015fiz. Siyasi \u00e7\u00f6z\u00fcm konusunda elbette ki muhatab\u0131z. Tart\u0131\u015fmaya da haz\u0131r\u0131z. Ama devletin istedi\u011fi sorunun \u00e7\u00f6z\u00fcm\u00fc de\u011fil, hak ve \u00f6zg\u00fcrl\u00fckler \u00fczerinde tart\u0131\u015fma de\u011fil. Bize diyorlar ki; i\u015fte silahlar\u0131 susturun. Biz de diyoruz ki silahlar\u0131 elinde tutan bellidir, bunun karar\u0131n\u0131 verecek olan kesimler ve ki\u015filer de bellidir. Biz siyasi konularda muhatab\u0131z, K\u00fcrtlerin taleplerini g\u00fcndeme getirmeye, bu konuyu tart\u0131\u015fmaya haz\u0131r\u0131z. Ama silahlar\u0131n susmas\u0131n\u0131 istiyorsan\u0131z 30 y\u0131ld\u0131r bunun m\u00fccadelesini veren kesimleri, Say\u0131n \u00d6calan\u2019\u0131 g\u00f6rmezlikten gelemezsiniz.<\/p>\n<p style=\"text-align: justify;\">-Biz do\u011fru yolu g\u00f6steriyoruz. Art\u0131k televizyonlara \u00e7\u0131k\u0131p a\u00e7\u0131l\u0131mdan s\u00f6z etmenin bir anlam\u0131 yok. Bir halk var. Halk\u0131n talepleri var. Bu halkla oturup konu\u015facaks\u0131n\u0131z, bu halkla birlikte \u00e7\u00f6zeceksiniz. Buna haz\u0131rsan\u0131z, K\u00fcrtler her zaman haz\u0131rd\u0131r. Bar\u0131\u015ftan yanad\u0131r. B\u00f6yle bakmak laz\u0131m.<\/p>\n<p style=\"text-align: justify;\"><strong>TU\u011eLUK: \u0130\u00c7 SAVA\u015eA S\u00dcR\u00dcKLEN\u0130YORUZ<\/strong><\/p>\n<p style=\"text-align: justify;\">DTK E\u015fba\u015fkan\u0131 ve Van Ba\u011f\u0131ms\u0131z Milletvekili Aysel Tu\u011fluk\u2019un ise \u00f6ne \u00e7\u0131kan mesajlar\u0131 \u015f\u00f6yle:<\/p>\n<p style=\"text-align: justify;\">-\u00c7ok net ifade etmek isterim ki, gidi\u015fat bu \u00fclkede ya\u015fayan halklar\u0131m\u0131z a\u00e7\u0131s\u0131ndan iyi de\u011fil. Bu yakla\u015f\u0131m\u0131n, bu politikan\u0131n sonucunun halklar aras\u0131 bir \u00e7at\u0131\u015fmaya gitme ihtimali vard\u0131r. T\u00fcrkiye AK Parti iktidar\u0131 taraf\u0131ndan bir i\u00e7 sava\u015fa s\u00fcr\u00fckleniyor. B\u00f6yle bir durumun ifade edece\u011fi tek \u015fey vard\u0131r: Daha fazla ac\u0131n\u0131n, daha fazla \u00f6l\u00fcm\u00fcn ve daha fazla kan\u0131n akmas\u0131. Maalesef AK Parti iktidar\u0131 kendi hegemonyas\u0131n\u0131, kendi otoritesini kurmak i\u00e7in ger\u00e7ekten halklar\u0131 \u00e7at\u0131\u015fmaya g\u00f6t\u00fcrecek bir siyaset izliyor. D\u00fcn g\u00f6zalt\u0131na al\u0131nan ve tutuklanan arkada\u015flar\u0131m\u0131z demokratik siyaset yapan arkada\u015flar\u0131m\u0131z. G\u00f6zalt\u0131na al\u0131nan arkada\u015flar\u0131m\u0131z bu \u00fclkede demokratik siyaseti tercih eden arkada\u015flar\u0131m\u0131zd\u0131. Bu \u00fclkede birlikte ya\u015fam\u0131n siyasetini \u00fcreten arkada\u015flar\u0131m\u0131zd\u0131. Say\u0131n Fatma Kurtulan Meclis\u2019te milletvekilli\u011fi yapm\u0131\u015f bir arkada\u015f\u0131m\u0131zd\u0131r. Bir yasal partinin \u00f6rg\u00fctlenmesinden sorumlu olan arkada\u015f\u0131m\u0131zd\u0131r. Ter\u00f6rize ediliyor. KCK ad\u0131 alt\u0131nda tutuklan\u0131yor.<\/p>\n<p style=\"text-align: justify;\"><strong>\u2018YASALARIN B\u0130Z\u0130M A\u00c7IMIZDAN ME\u015eRU\u0130YET\u0130 YOK\u2019<\/strong><\/p>\n<p style=\"text-align: justify;\">-Bu devlet hangi yasalarla K\u00fcrtleri yarg\u0131l\u0131yor. TCK, TMK, ad\u0131 alt\u0131nda y\u00fcr\u00fct\u00fclen yasalarla, yap\u0131lan yarg\u0131lamalar, verilen h\u00fck\u00fcmler&#8230; Bunlar\u0131n hi\u00e7bir me\u015fruiyeti yoktur bizim a\u00e7\u0131m\u0131zdan. Zaten sorunun kayna\u011f\u0131 bu yasalard\u0131r.<\/p>\n<p style=\"text-align: justify;\"><strong>\u2018ARKADA\u015eLARIMIZ TUTUKLU DE\u011e\u0130L REH\u0130NE\u2019<\/strong><\/p>\n<p style=\"text-align: justify;\">-Bu tutuklamalar, rehin alma operasyonlar\u0131d\u0131r. Arkada\u015flar\u0131m\u0131z rehinedirler, tutuklu de\u011fillerdir. O mahkemelerden hi\u00e7birimiz, tutuklanan arkada\u015flar\u0131m\u0131z da d\u00e2hil adalet beklemiyoruz. Bu \u00fclkede adalet hi\u00e7bir zaman uygulanmad\u0131. Az\u0131c\u0131k hukuk dahi K\u00fcrtlere uygulanmad\u0131. Neden bu arkada\u015flar\u0131m\u0131z rehin al\u0131n\u0131yorlar? \u00c7\u00fcnk\u00fc entegre strateji dedikleri politikalar\u0131yla devlet, h\u00fck\u00fcmet bir karar verdi. K\u00fcrtlerin b\u00fct\u00fcn \u00f6rg\u00fctlenmeleri, kurumsal yap\u0131lar\u0131 bu entegre strateji \u00e7er\u00e7evesinde tasfiye edilecek, yok edilecek ve bu ba\u011flamda, s\u00f6z s\u00f6yleyen, konu\u015fan ve hatta d\u00fc\u015f\u00fcnen herkes hedef haline getirilecek.<\/p>\n<p style=\"text-align: justify;\"><strong>\u2018BU SAVA\u015e NASIL SONA ERD\u0130R\u0130LECEK?\u2019<\/strong><\/p>\n<p style=\"text-align: justify;\">-Bug\u00fcn bu \u00fclkede sorumluluk ta\u015f\u0131yan herkesin, hepimizin, oturup \u015funu d\u00fc\u015f\u00fcnmesi laz\u0131m: Ger\u00e7ekten bu sava\u015f, bu i\u00e7 \u00e7at\u0131\u015fmaya g\u00f6t\u00fcren durum nas\u0131l sona erdirilecek ve bar\u0131\u015f nas\u0131l ger\u00e7ekle\u015ftirilecek? Biz bu \u00fclkedeki demokratlar, ayd\u0131nlar, sorumluluk sahibi insanlar olarak bir \u00e7aba i\u00e7erisinde olmak durumunday\u0131z.<\/p>\n<p style=\"text-align: justify;\">-Hak talebinde bulunan bir toplumu bu kadar s\u0131kbo\u011faz ederseniz bu toplum kendini savunmak zorunda kal\u0131r. Ve bu anlamdaki savunmas\u0131 da me\u015frudur, hakl\u0131d\u0131r.<\/p>\n<p style=\"text-align: justify;\"><strong>\u2018K\u00dcRTLER\u0130N TAHAMM\u00dcL\u00dc SONSUZ DE\u011e\u0130L\u2019<\/strong><\/p>\n<p style=\"text-align: justify;\">-Bu kadar m\u00fccadele, bu kadar bedel Ba\u015fbakan Erdo\u011fan\u2019a biat etmek i\u00e7in verilmedi. Ba\u015fbakan\u0131n otoritesini kabul etmek i\u00e7in vermedi K\u00fcrtler. K\u00fcrtlerin tahamm\u00fcl\u00fc sonsuz de\u011fildir. Tahamm\u00fcl s\u0131n\u0131rlar\u0131 bu kadar zorlanmamal\u0131d\u0131r. Zaman zaman \u00e7\u0131k\u0131p K\u00fcrtlerin haklar\u0131 verilecek diyorlar. Peki K\u00fcrtlerin haklar\u0131n\u0131 verecekseniz niye bu operasyonlar\u0131 yap\u0131yorsunuz, neden bu kadar insan tutuklan\u0131yor?<\/p>\n<p style=\"text-align: justify;\"><strong>\u2018CHP\u2019N\u0130N TEK G\u00dcNDEM\u0130 S\u0130L\u0130VR\u0130\u2019<\/strong><\/p>\n<p style=\"text-align: justify;\">-Maalesef bu \u00fclkede muhalefet de yok. \u0130\u015fte CHP ana muhalefet partisi. Bana g\u00f6re b\u0131rak\u0131n ana muhalefet partisini bir muhalefet partisi bile de\u011fil. CHP Silivri g\u00fcndemi d\u0131\u015f\u0131nda ba\u015fka bir g\u00fcndemi olmayan, demokratikle\u015fme, demokratik d\u00f6n\u00fc\u015f\u00fcm konusunda bir siyasi programa sahip olmayan bir parti olarak Erdo\u011fan taraf\u0131ndan \u00e7ok kolayca etkisizle\u015ftirilen bir muhalefettir.<\/p>\n<p style=\"text-align: justify;\"><strong>\u2018\u0130KT\u0130DARIN KAR\u015eISINDA TEK MUHALEFET K\u00dcRTLER\u2019<\/strong><\/p>\n<p style=\"text-align: justify;\">-Muhalefet olarak bir tek biz K\u00fcrtler kalm\u0131\u015f\u0131z bu iktidar\u0131n kar\u015f\u0131s\u0131nda. Zaten o y\u00fczden \u00e7\u0131lg\u0131nla\u015f\u0131yor, \u2018Sizi ezece\u011fim\u2019 diyor. \u2018Siz benim otoritemin kar\u015f\u0131s\u0131nda nas\u0131l direnirsiniz?\u2019 deniyor, bunun intikam\u0131 al\u0131n\u0131yor.<\/p>\n<p style=\"text-align: justify;\"><a href=\"http:\/\/www.ntvmsnbc.com\/id\/25314633\" target=\"_blank\">Kaynak : NTVMSNBC<\/a><\/p>\n","protected":false},"excerpt":{"rendered":"<p style=\"text-align: center;\">\n<p style=\"text-align: justify;\">Demokratik Toplum Kongresi E\u015f Ba\u015fkanlar\u0131 T\u00fcrk ve Tu\u011fluk, KCK operasyonlar\u0131n\u0131 \u00e7ok sert bir dille ele\u015ftirdi ve h\u00fck\u00fcmeti uyard\u0131.<\/p>\n<p style=\"text-align: justify;\">D\u0130YARBAKIR &#8211; Demokratik Toplum Kongresi (DTK) E\u015f Ba\u015fkanlar\u0131 Ahmet T\u00fcrk ve Aysel Tu\u011fluk, KCK operasyonlar\u0131na ili\u015fkin DTK binas\u0131nda bas\u0131n toplant\u0131s\u0131 d\u00fczenledi.<\/p>\n","protected":false},"author":1,"featured_media":0,"comment_status":"open","ping_status":"open","sticky":false,"template":"","format":"standard","meta":{"footnotes":""},"categories":[105],"tags":[],"class_list":["post-46637","post","type-post","status-publish","format-standard","hentry","category-gundem","odd"],"_links":{"self":[{"href":"http:\/\/www.korhanyilmaz.com\/index.php?rest_route=\/wp\/v2\/posts\/46637","targetHints":{"allow":["GET"]}}],"collection":[{"href":"http:\/\/www.korhanyilmaz.com\/index.php?rest_route=\/wp\/v2\/posts"}],"about":[{"href":"http:\/\/www.korhanyilmaz.com\/index.php?rest_route=\/wp\/v2\/types\/post"}],"author":[{"embeddable":true,"href":"http:\/\/www.korhanyilmaz.com\/index.php?rest_route=\/wp\/v2\/users\/1"}],"replies":[{"embeddable":true,"href":"http:\/\/www.korhanyilmaz.com\/index.php?rest_route=%2Fwp%2Fv2%2Fcomments&post=46637"}],"version-history":[{"count":0,"href":"http:\/\/www.korhanyilmaz.com\/index.php?rest_route=\/wp\/v2\/posts\/46637\/revisions"}],"wp:attachment":[{"href":"http:\/\/www.korhanyilmaz.com\/index.php?rest_route=%2Fwp%2Fv2%2Fmedia&parent=46637"}],"wp:term":[{"taxonomy":"category","embeddable":true,"href":"http:\/\/www.korhanyilmaz.com\/index.php?rest_route=%2Fwp%2Fv2%2Fcategories&post=46637"},{"taxonomy":"post_tag","embeddable":true,"href":"http:\/\/www.korhanyilmaz.com\/index.php?rest_route=%2Fwp%2Fv2%2Ftags&post=46637"}],"curies":[{"name":"wp","href":"https:\/\/api.w.org\/{rel}","templated":true}]}}