{"id":46620,"date":"2012-01-17T12:02:30","date_gmt":"2012-01-17T10:02:30","guid":{"rendered":"http:\/\/www.korhanyilmaz.com\/?p=46620"},"modified":"2012-01-17T13:15:41","modified_gmt":"2012-01-17T11:15:41","slug":"cumhuriyetci-aday-adayindan-turkiye-hakkinda-sert-sozler","status":"publish","type":"post","link":"http:\/\/www.korhanyilmaz.com\/?p=46620","title":{"rendered":"Cumhuriyet\u00e7i aday aday\u0131ndan T\u00fcrkiye hakk\u0131nda sert s\u00f6zler"},"content":{"rendered":"<p style=\"text-align: center;\"><a href=\"http:\/\/www.korhanyilmaz.com\/wp-content\/uploads\/2012\/01\/9227.jpg\"  class=\"lightview\"><img loading=\"lazy\" decoding=\"async\" class=\"aligncenter  wp-image-46621\" src=\"http:\/\/www.korhanyilmaz.com\/wp-content\/uploads\/2012\/01\/9227.jpg\" alt=\"\" width=\"397\" height=\"222\" \/><\/a><\/p>\n<p style=\"text-align: justify;\">ABD\u2019de Cumhuriyet\u00e7i Parti\u2019nin bu y\u0131l yap\u0131lacak ba\u015fkanl\u0131k se\u00e7imleri aday adaylar\u0131ndan Teksas Valisi Rick Perry, T\u00fcrkiye\u2019nin NATO\u2019dan at\u0131lmas\u0131 gerekti\u011fini savundu.<\/p>\n<p style=\"text-align: justify;\">Perry, Cumhuriyet\u00e7i ba\u015fkan aday\u0131n\u0131 belirleyecek eyalet \u00f6n se\u00e7imlerinin \u00fc\u00e7\u00fcnc\u00fc aya\u011f\u0131 olan G\u00fcney Carolina\u2019da se\u00e7im \u00f6ncesi yap\u0131lan ve Fox News haber kanal\u0131ndan canl\u0131 yay\u0131nlanan m\u00fcnazarada, T\u00fcrkiye hakk\u0131nda \u00e7ok a\u011f\u0131r s\u00f6zler sarf etti.\u00a0<!--more--><\/p>\n<p style=\"text-align: justify;\"><span style=\"text-decoration: underline;\"><strong>\u0130\u015eTE PERRY&#8217;N\u0130N O \u00c7OK TARTI\u015eILACAK S\u00d6ZLER\u0130<\/strong><\/span>:<\/p>\n<p style=\"text-align: justify;\">[flv]http:\/\/hurriyet.cubecdn.net\/Haber\/abdli_siyasetci2_17012012_1017_wmp4.mp4[\/flv]<\/p>\n<p style=\"text-align: justify;\">Tart\u0131\u015fmay\u0131 y\u00f6neten Bret Baier, Perry\u2019e, T\u00fcrkiye\u2019deki son durum ile kad\u0131n cinayetleri, azalan bas\u0131n \u00f6zg\u00fcrl\u00fc\u011f\u00fc ve b\u00f6lgedeki askeri meseleler hakk\u0131ndaki g\u00f6r\u00fc\u015flerini sordu. Baier ard\u0131ndan da \u201cT\u00fcrkiye\u2019nin hala NATO\u2019ya ait oldu\u011funa inan\u0131yor musunuz?\u201d sorusunu y\u00f6neltti.<\/p>\n<p style=\"text-align: justify;\">Perry, \u201cA\u00e7\u0131k\u00e7as\u0131, kar\u015f\u0131n\u0131zda bir\u00e7oklar\u0131n\u0131n \u0130slamc\u0131 ter\u00f6rist olarak g\u00f6rd\u00fc\u011f\u00fc ki\u015filer taraf\u0131ndan y\u00f6netilen bir \u00fclke varsa, kendi vatanda\u015flar\u0131na bu t\u00fcr uygulamalarda bulunuyorsa, o zaman evet, [ T\u00fcrkiye NATO\u2019dan \u00e7\u0131kar\u0131lmal\u0131 ]\u201d yan\u0131t\u0131n\u0131 verdi.<\/p>\n<p style=\"text-align: justify;\"><strong>&#8220;ABD T\u00dcRK\u0130YE&#8217;YE YARDIMI KESMEL\u0130&#8221;\u00a0<\/strong><\/p>\n<p style=\"text-align: justify;\">Teksas Valisi, \u201cSadece T\u00fcrkiye\u2019nin NATO\u2019ya \u00fcye olup olmad\u0131\u011f\u0131 konusunu tart\u0131\u015fman\u0131n zaman\u0131 gelmedi. Dahas\u0131, ABD\u2019nin T\u00fcrkiye\u2019ye yapt\u0131\u011f\u0131 yard\u0131m\u0131n da s\u0131f\u0131ra indirilmesi gerekiyor\u201d diye konu\u015ftu.<\/p>\n<p style=\"text-align: justify;\">M\u00fcnazarada, Perry, 1970&#8217;li y\u0131llarda ABD Hava Kuvvetleri pilotu olarak T\u00fcrkiye&#8217;de g\u00f6rev yapt\u0131\u011f\u0131n\u0131 da s\u00f6yledi. Perry, &#8220;O d\u00f6nem T\u00fcrkiye m\u00fcttefikimiz olan, birlikte \u00e7al\u0131\u015ft\u0131\u011f\u0131m\u0131z bir \u00fclkeydi, \u015fimdi bunu g\u00f6remiyorum&#8221; diye konu\u015ftu.<\/p>\n<p style=\"text-align: justify;\"><strong>PERRY \u0130\u00c7\u0130N \u0130LK DE\u011e\u0130L\u00a0<\/strong><\/p>\n<p style=\"text-align: justify;\">Perry\u2019nin, NATO\u2019nun en eski \u00fcyelerinden ve ABD\u2019nin Ortado\u011fu\u2019daki en \u00f6nemli diplomatik m\u00fcttefiklerinden biri olan T\u00fcrkiye hakk\u0131nda s\u00f6yledi\u011fi bu s\u00f6zler \u00e7ok tart\u0131\u015f\u0131lacak. Ancak Perry daha \u00f6nceki m\u00fcnazaralarda da b\u00f6yle tart\u0131\u015fmal\u0131 ifadeler kullanm\u0131\u015ft\u0131. Hatta Michigan\u2019da kat\u0131ld\u0131\u011f\u0131 bir m\u00fcnazaran\u0131n en \u00f6nemli yerinde s\u00f6yleyece\u011fi s\u00f6zleri unutmas\u0131, ABD\u2019de alay konusu olmu\u015ftu.<\/p>\n<p style=\"text-align: justify;\">Iowa ve New Hampshire\u2019da yap\u0131lan \u00f6n se\u00e7imlerde ald\u0131\u011f\u0131 oy oranlar\u0131, Perry\u2019nin Cumhuriyet\u00e7ilerin aday\u0131 olma konusunda \u00e7ok fazla \u015fans\u0131 olmad\u0131\u011f\u0131na i\u015faret ediyor.<\/p>\n<p style=\"text-align: justify;\"><span style=\"text-decoration: underline;\"><strong>PERRY KAR\u0130ZMAYI B\u00d6YLE \u00c7\u0130ZD\u0130RM\u0130\u015eT\u0130<\/strong><\/span>:<\/p>\n<p style=\"text-align: justify;\">[flv]http:\/\/hurriyet.cubecdn.net\/Haber\/baskan_kaybetti_10112011_1558_wmp4.mp4[\/flv]<\/p>\n<p style=\"text-align: justify;\"><a href=\"http:\/\/www.hurriyet.com.tr\/planet\/19703018.asp\" target=\"_blank\">Kaynak : H\u00fcrriyet.com.tr<\/a><\/p>\n","protected":false},"excerpt":{"rendered":"<p style=\"text-align: center;\">\n<p style=\"text-align: justify;\">ABD\u2019de Cumhuriyet\u00e7i Parti\u2019nin bu y\u0131l yap\u0131lacak ba\u015fkanl\u0131k se\u00e7imleri aday adaylar\u0131ndan Teksas Valisi Rick Perry, T\u00fcrkiye\u2019nin NATO\u2019dan at\u0131lmas\u0131 gerekti\u011fini savundu.<\/p>\n<p style=\"text-align: justify;\">Perry, Cumhuriyet\u00e7i ba\u015fkan aday\u0131n\u0131 belirleyecek eyalet \u00f6n se\u00e7imlerinin \u00fc\u00e7\u00fcnc\u00fc aya\u011f\u0131 olan G\u00fcney Carolina\u2019da se\u00e7im \u00f6ncesi yap\u0131lan ve Fox News haber kanal\u0131ndan canl\u0131 yay\u0131nlanan m\u00fcnazarada, T\u00fcrkiye hakk\u0131nda \u00e7ok a\u011f\u0131r s\u00f6zler <\/p>\n","protected":false},"author":1,"featured_media":0,"comment_status":"open","ping_status":"open","sticky":false,"template":"","format":"standard","meta":{"footnotes":""},"categories":[105],"tags":[],"class_list":["post-46620","post","type-post","status-publish","format-standard","hentry","category-gundem","odd"],"_links":{"self":[{"href":"http:\/\/www.korhanyilmaz.com\/index.php?rest_route=\/wp\/v2\/posts\/46620","targetHints":{"allow":["GET"]}}],"collection":[{"href":"http:\/\/www.korhanyilmaz.com\/index.php?rest_route=\/wp\/v2\/posts"}],"about":[{"href":"http:\/\/www.korhanyilmaz.com\/index.php?rest_route=\/wp\/v2\/types\/post"}],"author":[{"embeddable":true,"href":"http:\/\/www.korhanyilmaz.com\/index.php?rest_route=\/wp\/v2\/users\/1"}],"replies":[{"embeddable":true,"href":"http:\/\/www.korhanyilmaz.com\/index.php?rest_route=%2Fwp%2Fv2%2Fcomments&post=46620"}],"version-history":[{"count":0,"href":"http:\/\/www.korhanyilmaz.com\/index.php?rest_route=\/wp\/v2\/posts\/46620\/revisions"}],"wp:attachment":[{"href":"http:\/\/www.korhanyilmaz.com\/index.php?rest_route=%2Fwp%2Fv2%2Fmedia&parent=46620"}],"wp:term":[{"taxonomy":"category","embeddable":true,"href":"http:\/\/www.korhanyilmaz.com\/index.php?rest_route=%2Fwp%2Fv2%2Fcategories&post=46620"},{"taxonomy":"post_tag","embeddable":true,"href":"http:\/\/www.korhanyilmaz.com\/index.php?rest_route=%2Fwp%2Fv2%2Ftags&post=46620"}],"curies":[{"name":"wp","href":"https:\/\/api.w.org\/{rel}","templated":true}]}}