{"id":46617,"date":"2012-01-17T12:51:58","date_gmt":"2012-01-17T10:51:58","guid":{"rendered":"http:\/\/www.korhanyilmaz.com\/?p=46617"},"modified":"2012-01-17T13:07:39","modified_gmt":"2012-01-17T11:07:39","slug":"mal-varliklarina-el-konuldu","status":"publish","type":"post","link":"http:\/\/www.korhanyilmaz.com\/?p=46617","title":{"rendered":"Mal varl\u0131klar\u0131na el konuldu"},"content":{"rendered":"<p style=\"text-align: center;\"><a href=\"http:\/\/www.korhanyilmaz.com\/wp-content\/uploads\/2012\/01\/9226.jpg\"  class=\"lightview\"><img loading=\"lazy\" decoding=\"async\" class=\"aligncenter  wp-image-46618\" src=\"http:\/\/www.korhanyilmaz.com\/wp-content\/uploads\/2012\/01\/9226.jpg\" alt=\"\" width=\"306\" height=\"218\" \/><\/a><\/p>\n<p style=\"text-align: justify;\">&#8220;S\u00fcrg\u00fcndeki K\u00fcrt Parlamentosu&#8221; ad\u0131yla bilinem &#8220;K\u00fcrdistan Ulusal Kongresi&#8221;nin olu\u015fumunda yer alan Z\u00fcbeyir Aydar, Remzi Kartal, Nejdet Buldan ve Ya\u015far Kaya&#8217;n\u0131n da aralar\u0131nda bulundu\u011fu 31 san\u0131\u011f\u0131n yarg\u0131land\u0131\u011f\u0131 davada, mahkeme, yurt d\u0131\u015f\u0131nda olduklar\u0131 gerek\u00e7esiyle duru\u015fmalara kat\u0131lmayan san\u0131klar\u0131n T\u00fcrkiye&#8217;deki mal varl\u0131klar\u0131na el konulmas\u0131na karar verdi.\u00a0<!--more--><\/p>\n<p style=\"text-align: justify;\">Ankara 11. A\u011f\u0131r Ceza Mahkemesindeki duru\u015fmaya san\u0131k avukatlar\u0131ndan Levent Kanat kat\u0131ld\u0131. Yarg\u0131\u00e7, daha \u00f6nce istenen san\u0131klar\u0131n tapu kay\u0131tlar\u0131n\u0131n, mahkemeye ula\u015ft\u0131\u011f\u0131n\u0131 ve dosyaya eklendi\u011fini belirtti.<\/p>\n<p style=\"text-align: justify;\">Cumhuriyet savc\u0131s\u0131, duru\u015fmalara gelmelerini sa\u011flamak amac\u0131yla, CMK&#8217;n\u0131n 248. maddesi gere\u011fince san\u0131klar\u0131n T\u00fcrkiye&#8217;deki mal varl\u0131klar\u0131na &#8220;el koyma&#8221; karar\u0131n\u0131n verilmesini talep etti. Avukat Levent Kanat da m\u00fcvekkillerinin &#8220;ka\u00e7ak&#8221; olmad\u0131\u011f\u0131n\u0131 savunarak, &#8220;Kendileri Almanya&#8217;dad\u0131r. M\u00fcvekkillerimin bulunduklar\u0131 adreslerden ifadeleri al\u0131nabilir. Ka\u00e7aklar i\u00e7in \u00f6ng\u00f6r\u00fclen h\u00fck\u00fcm m\u00fcvekkillerim hakk\u0131nda uygulanamaz&#8221; dedi.<\/p>\n<p style=\"text-align: justify;\">M\u00fcvekkillerinin sa\u011fl\u0131k durumlar\u0131na ili\u015fkin belgeleri mahkemeye sundu\u011funu hat\u0131rlatan Kanat, m\u00fcvekkillerine &#8220;tutuklanmayacaklar\u0131 g\u00fcvencesinin&#8221; verilmesini istedi. Mahkeme heyeti, m\u00fczakerenin ard\u0131ndan karar\u0131 a\u00e7\u0131klad\u0131.<\/p>\n<p style=\"text-align: justify;\">Baz\u0131 san\u0131klara, mahkemeye gelmeleri durumunda tutuklanmayacaklar\u0131na ili\u015fkin g\u00fcvence verilmesi talebini reddeden mahkeme, san\u0131klara y\u00fcklenen eylemlerin niteli\u011fi, kanunda \u00f6ng\u00f6r\u00fclen cezan\u0131n alt s\u0131n\u0131r\u0131, su\u00e7un i\u015flendi\u011fi y\u00f6n\u00fcnde kuvvetli iddialar\u0131n bulunmas\u0131, san\u0131k savunmalar\u0131n\u0131n al\u0131nmam\u0131\u015f olmas\u0131 ve san\u0131klar\u0131n yarg\u0131laman\u0131n sonu\u00e7suz kalmas\u0131n\u0131 sa\u011flamak amac\u0131yla ka\u00e7ak olarak yurt d\u0131\u015f\u0131nda bulunmalar\u0131n\u0131n anla\u015f\u0131lmas\u0131 gibi nedenlerle, yoklu\u011funda tutuklu san\u0131klar\u0131n\u00a0tutukluluk hallerinin devam\u0131na karar verdi.<\/p>\n<p style=\"text-align: justify;\">San\u0131klar\u0131n, tapu kay\u0131tlar\u0131ndaki gayrimenkullerine, menkul mallar\u0131na ve gelirlerine &#8220;el koyma&#8221; karar\u0131 veren mahkeme, menkul ve gayrimenkullere &#8220;sat\u0131lamaz ve devredilemez&#8221; \u015ferhinin konulmas\u0131 amac\u0131yla Tapu Sicil M\u00fcd\u00fcrl\u00fcklerine ve ilgili birimlere m\u00fczekkere yaz\u0131lmas\u0131n\u0131 kararla\u015ft\u0131rd\u0131. El konulan menkul ve gayrimenkullere kayy\u0131m atanmas\u0131 ve ka\u00e7ak san\u0131klar\u0131n yasal olarak bakmakla y\u00fck\u00fcml\u00fc bulunduklar\u0131 yak\u0131nlar\u0131n\u0131n, al\u0131nan tedbirler nedeniyle yoksullu\u011fa d\u00fc\u015febilecekleri konusunun de\u011ferlendirilmesine karar veren mahkeme, duru\u015fmay\u0131 erteledi.<\/p>\n<p style=\"text-align: justify;\"><strong>-\u0130stenen cezalar-<\/strong><\/p>\n<p style=\"text-align: justify;\">\u0130ddianamede, &#8220;Ter\u00f6r \u00f6rg\u00fct\u00fcn\u00fcn amac\u0131 do\u011frultusunda olu\u015fturulan s\u00f6zde &#8216;S\u00fcrg\u00fcndeki K\u00fcrt Parlamentosu&#8217; ve s\u00f6zde &#8216;K\u00fcrdistan Ulusal Kongresi&#8217; isimli olu\u015fumlarda g\u00f6rev ald\u0131\u011f\u0131&#8221; belirtilen Z\u00fcbeyir Aydar, Remzi Kartal, Nejdet Buldan, Nizamettin To\u011fu\u00e7, Ali Matur, Mehmet Ali Yi\u011fit, Haydar I\u015f\u0131k, Mehmet Ta\u015fkala, Ekrem Berkp\u0131nar, Felemez Ba\u015fbo\u011fa, Z\u00fclk\u00fcf G\u00fcnay, Ali Haydar Celasun, \u015eeng\u00fcl \u00d6zbey, Aziz Do\u011fan, Ya\u015far Kaya, Mahmut K\u0131l\u0131n\u00e7, Elif Alata\u015f, \u015eerafettin Kaya, Ahmet Turhall\u0131, \u00d6kke\u015f Kolusar\u0131, \u015eemsettin Akta\u015f, \u0130smail \u00d6zden, Mesut Uysal, Abdurrahman \u00c7ad\u0131rc\u0131, Ya\u015far Erta\u015f, \u0130lknur \u015een, Celal \u00d6zkan, \u00d6zcan \u015een, Yusuf Serhat Bucak, Mehmet S\u0131ra\u00e7 Bilgin ve Ali Haydar Asl\u0131y\u00fcce&#8217;nin 5237 say\u0131l\u0131 TCK&#8217;n\u0131n 314\/1. maddesinde yer verilen, &#8220;Silahl\u0131 \u00f6rg\u00fct kurma ve y\u00f6netme&#8221; su\u00e7undan 10 y\u0131ldan 15 y\u0131la kadar\u00a0hapisle cezaland\u0131r\u0131lmalar\u0131 talep ediliyor.<\/p>\n<p style=\"text-align: justify;\">San\u0131klar hakk\u0131nda, 3713 say\u0131l\u0131 Ter\u00f6rle M\u00fccadele Kanunu&#8217;nun, cezada yar\u0131 oran\u0131nda art\u0131r\u0131m \u00f6ng\u00f6ren 5. maddesinin uygulanmas\u0131 da isteniyor.<\/p>\n<p style=\"text-align: justify;\"><a href=\"http:\/\/www.cnnturk.com\/2012\/turkiye\/01\/17\/mal.varliklarina.el.konuldu\/645184.0\/index.html\" target=\"_blank\">Kaynak : CNN T\u00dcRK<\/a><\/p>\n","protected":false},"excerpt":{"rendered":"<p style=\"text-align: center;\">\n<p style=\"text-align: justify;\">&#8220;S\u00fcrg\u00fcndeki K\u00fcrt Parlamentosu&#8221; ad\u0131yla bilinem &#8220;K\u00fcrdistan Ulusal Kongresi&#8221;nin olu\u015fumunda yer alan Z\u00fcbeyir Aydar, Remzi Kartal, Nejdet Buldan ve Ya\u015far Kaya&#8217;n\u0131n da aralar\u0131nda bulundu\u011fu 31 san\u0131\u011f\u0131n yarg\u0131land\u0131\u011f\u0131 davada, mahkeme, yurt d\u0131\u015f\u0131nda olduklar\u0131 gerek\u00e7esiyle duru\u015fmalara kat\u0131lmayan san\u0131klar\u0131n T\u00fcrkiye&#8217;deki mal varl\u0131klar\u0131na el konulmas\u0131na karar verdi. <\/p>\n","protected":false},"author":1,"featured_media":0,"comment_status":"open","ping_status":"open","sticky":false,"template":"","format":"standard","meta":{"footnotes":""},"categories":[105],"tags":[],"class_list":["post-46617","post","type-post","status-publish","format-standard","hentry","category-gundem","odd"],"_links":{"self":[{"href":"http:\/\/www.korhanyilmaz.com\/index.php?rest_route=\/wp\/v2\/posts\/46617","targetHints":{"allow":["GET"]}}],"collection":[{"href":"http:\/\/www.korhanyilmaz.com\/index.php?rest_route=\/wp\/v2\/posts"}],"about":[{"href":"http:\/\/www.korhanyilmaz.com\/index.php?rest_route=\/wp\/v2\/types\/post"}],"author":[{"embeddable":true,"href":"http:\/\/www.korhanyilmaz.com\/index.php?rest_route=\/wp\/v2\/users\/1"}],"replies":[{"embeddable":true,"href":"http:\/\/www.korhanyilmaz.com\/index.php?rest_route=%2Fwp%2Fv2%2Fcomments&post=46617"}],"version-history":[{"count":0,"href":"http:\/\/www.korhanyilmaz.com\/index.php?rest_route=\/wp\/v2\/posts\/46617\/revisions"}],"wp:attachment":[{"href":"http:\/\/www.korhanyilmaz.com\/index.php?rest_route=%2Fwp%2Fv2%2Fmedia&parent=46617"}],"wp:term":[{"taxonomy":"category","embeddable":true,"href":"http:\/\/www.korhanyilmaz.com\/index.php?rest_route=%2Fwp%2Fv2%2Fcategories&post=46617"},{"taxonomy":"post_tag","embeddable":true,"href":"http:\/\/www.korhanyilmaz.com\/index.php?rest_route=%2Fwp%2Fv2%2Ftags&post=46617"}],"curies":[{"name":"wp","href":"https:\/\/api.w.org\/{rel}","templated":true}]}}