{"id":46604,"date":"2012-01-15T12:35:47","date_gmt":"2012-01-15T10:35:47","guid":{"rendered":"http:\/\/www.korhanyilmaz.com\/?p=46604"},"modified":"2012-01-17T11:35:09","modified_gmt":"2012-01-17T09:35:09","slug":"belirsizlik-son-buldu","status":"publish","type":"post","link":"http:\/\/www.korhanyilmaz.com\/?p=46604","title":{"rendered":"Belirsizlik son buldu"},"content":{"rendered":"<p style=\"text-align: center;\"><a href=\"http:\/\/www.korhanyilmaz.com\/wp-content\/uploads\/2012\/01\/9223.jpg\"  class=\"lightview\"><img loading=\"lazy\" decoding=\"async\" class=\"aligncenter  wp-image-46605\" src=\"http:\/\/www.korhanyilmaz.com\/wp-content\/uploads\/2012\/01\/9223.jpg\" alt=\"\" width=\"396\" height=\"180\" \/><\/a><\/p>\n<p style=\"text-align: justify;\">Cumhurba\u015fkan\u0131 Rauf Denkta\u015f&#8217;\u0131n Lefko\u015fa&#8217;da Cumhuriyet Park\u0131&#8217;na defnedilece\u011fi a\u00e7\u0131kland\u0131. Serdar Denkta\u015f, an\u0131t mezar i\u00e7in yar\u0131\u015fma a\u00e7\u0131laca\u011f\u0131n\u0131 s\u00f6yledi.<\/p>\n<p style=\"text-align: justify;\">LEFKO\u015eA- KKTC Ba\u015fbakanl\u0131\u011f\u0131ndan yap\u0131lan yaz\u0131l\u0131 a\u00e7\u0131klamada, &#8221;Bakanlar Kurulu, ailenin talebini de g\u00f6z \u00f6n\u00fcnde bulundurarak, Kurucu Cumhurba\u015fkan\u0131 Rauf Raif Denkta\u015f&#8217;\u0131n naa\u015f\u0131n\u0131n Cumhuriyet Park\u0131na g\u00f6m\u00fclmesine karar vermi\u015ftir&#8221; denildi.\u00a0<!--more--><\/p>\n<p style=\"text-align: justify;\">Lefko\u015fa Dr. Burhan Nalbanto\u011flu Devlet Hastanesi kar\u015f\u0131s\u0131nda bulunan Cumhuriyet Park\u0131&#8217;nda TMT An\u0131t\u0131 da yer al\u0131yor.<\/p>\n<p style=\"text-align: justify;\">Denkta\u015f i\u00e7in d\u00fczenlenecek cenaze t\u00f6reni yar\u0131n ba\u015flayacak ve Sal\u0131 g\u00fcn\u00fc defnedilecek.<\/p>\n<p style=\"text-align: justify;\"><strong>DENKTA\u015e&#8217;A ANIT MEZAR<\/strong><\/p>\n<p style=\"text-align: justify;\">Yak\u0131n Do\u011fu \u00dcniversitesi (YD\u00dc) Hastenesi&#8217;nde Cuma gecesi vefat eden KKTC&#8217;nin Kurucu Cumhurba\u015fkan\u0131 Rauf Denkta\u015f i\u00e7in an\u0131t mezar yap\u0131lacak. Denkta\u015f&#8217;\u0131n o\u011flu Demokrat Parti Genel Ba\u015fkan\u0131 Serdar Denkta\u015f, an\u0131t mezar i\u00e7in yar\u0131\u015fma a\u00e7\u0131laca\u011f\u0131n\u0131 s\u00f6yledi.<\/p>\n<p style=\"text-align: justify;\">KKTC Ba\u015fbakan\u0131 \u0130rsen K\u00fc\u00e7\u00fck ve Serdar Denkta\u015f, baz\u0131 bakanlarla birlikte Rauf Denkta\u015f&#8217;\u0131n defnedilece\u011fi Lefko\u015fa&#8217;da Cumhuriyet Park\u0131&#8217;nda inceleme yapt\u0131.<\/p>\n<p style=\"text-align: justify;\">Serdar Denkta\u015f, burada AA&#8217;ya yapt\u0131\u011f\u0131 a\u00e7\u0131klamada, duygular\u0131n\u0131n karma\u015f\u0131k oldu\u011funu ifade ederek, &#8221;B\u00f6yle bir yerde defnedilecek olmas\u0131 nedeniyle huzurluyum. Bakanlar Kurulu&#8217;na da bu nedenle \u015f\u00fckran borcum var. Ger\u00e7ekten ona lay\u0131k bir bir an\u0131t mezar yap\u0131lacak diye d\u00fc\u015f\u00fcn\u00fcyorum. TMT (T\u00fcrk Mukavemet Te\u015fkilat\u0131) ile Cumhuriyetle \u00f6zde\u015flemi\u015f bir isim&#8230; ona lay\u0131k bir \u015fey yap\u0131lacak&#8221; dedi.<\/p>\n<p style=\"text-align: justify;\">An\u0131t mezar i\u00e7in herkesin kat\u0131laca\u011f\u0131 bir yar\u0131\u015fma a\u00e7\u0131laca\u011f\u0131n\u0131 ve aradan se\u00e7ilece\u011fini belirten Serdar Denkta\u015f, &#8221;\u015eu anda, i\u00e7inde ne olmas\u0131n\u0131 istiyoruz onu biliyoruz ama nas\u0131l bir proje olaca\u011f\u0131 yar\u0131\u015fman\u0131n sonunda belirlencek&#8221; diye konu\u015ftu.<\/p>\n<p style=\"text-align: justify;\">KKTC Ba\u015fbakanl\u0131\u011f\u0131ndan yap\u0131lan yaz\u0131l\u0131 a\u00e7\u0131klamada, &#8221;Bakanlar Kurulu, ailenin talebini de g\u00f6z \u00f6n\u00fcnde bulundurarak, Kurucu Cumhurba\u015fkan\u0131 Rauf Raif Denkta\u015f&#8217;\u0131n naa\u015f\u0131n\u0131n Cumhuriyet Park\u0131na g\u00f6m\u00fclmesine karar vermi\u015ftir&#8221; denilmi\u015fti.<\/p>\n<p style=\"text-align: justify;\"><a href=\"http:\/\/www.gazeteport.com.tr\/haber\/73697\/belirsizlik_son_buldu\" target=\"_blank\">Kaynak : GAZETEPORT<\/a><\/p>\n","protected":false},"excerpt":{"rendered":"<p style=\"text-align: center;\">\n<p style=\"text-align: justify;\">Cumhurba\u015fkan\u0131 Rauf Denkta\u015f&#8217;\u0131n Lefko\u015fa&#8217;da Cumhuriyet Park\u0131&#8217;na defnedilece\u011fi a\u00e7\u0131kland\u0131. Serdar Denkta\u015f, an\u0131t mezar i\u00e7in yar\u0131\u015fma a\u00e7\u0131laca\u011f\u0131n\u0131 s\u00f6yledi.<\/p>\n<p style=\"text-align: justify;\">LEFKO\u015eA- KKTC Ba\u015fbakanl\u0131\u011f\u0131ndan yap\u0131lan yaz\u0131l\u0131 a\u00e7\u0131klamada, &#8221;Bakanlar Kurulu, ailenin talebini de g\u00f6z \u00f6n\u00fcnde bulundurarak, Kurucu Cumhurba\u015fkan\u0131 Rauf Raif Denkta\u015f&#8217;\u0131n naa\u015f\u0131n\u0131n Cumhuriyet Park\u0131na g\u00f6m\u00fclmesine karar vermi\u015ftir&#8221; denildi. <\/p>\n","protected":false},"author":1,"featured_media":0,"comment_status":"open","ping_status":"open","sticky":false,"template":"","format":"standard","meta":{"footnotes":""},"categories":[105],"tags":[],"class_list":["post-46604","post","type-post","status-publish","format-standard","hentry","category-gundem","odd"],"_links":{"self":[{"href":"http:\/\/www.korhanyilmaz.com\/index.php?rest_route=\/wp\/v2\/posts\/46604","targetHints":{"allow":["GET"]}}],"collection":[{"href":"http:\/\/www.korhanyilmaz.com\/index.php?rest_route=\/wp\/v2\/posts"}],"about":[{"href":"http:\/\/www.korhanyilmaz.com\/index.php?rest_route=\/wp\/v2\/types\/post"}],"author":[{"embeddable":true,"href":"http:\/\/www.korhanyilmaz.com\/index.php?rest_route=\/wp\/v2\/users\/1"}],"replies":[{"embeddable":true,"href":"http:\/\/www.korhanyilmaz.com\/index.php?rest_route=%2Fwp%2Fv2%2Fcomments&post=46604"}],"version-history":[{"count":0,"href":"http:\/\/www.korhanyilmaz.com\/index.php?rest_route=\/wp\/v2\/posts\/46604\/revisions"}],"wp:attachment":[{"href":"http:\/\/www.korhanyilmaz.com\/index.php?rest_route=%2Fwp%2Fv2%2Fmedia&parent=46604"}],"wp:term":[{"taxonomy":"category","embeddable":true,"href":"http:\/\/www.korhanyilmaz.com\/index.php?rest_route=%2Fwp%2Fv2%2Fcategories&post=46604"},{"taxonomy":"post_tag","embeddable":true,"href":"http:\/\/www.korhanyilmaz.com\/index.php?rest_route=%2Fwp%2Fv2%2Ftags&post=46604"}],"curies":[{"name":"wp","href":"https:\/\/api.w.org\/{rel}","templated":true}]}}