{"id":46600,"date":"2012-01-17T00:03:02","date_gmt":"2012-01-16T22:03:02","guid":{"rendered":"http:\/\/www.korhanyilmaz.com\/?p=46600"},"modified":"2012-01-17T11:28:01","modified_gmt":"2012-01-17T09:28:01","slug":"denktasa-veda","status":"publish","type":"post","link":"http:\/\/www.korhanyilmaz.com\/?p=46600","title":{"rendered":"Denkta\u015f&#8217;a veda"},"content":{"rendered":"<p style=\"text-align: center;\"><a href=\"http:\/\/www.korhanyilmaz.com\/wp-content\/uploads\/2012\/01\/9222.jpg\"  class=\"lightview\"><img loading=\"lazy\" decoding=\"async\" class=\"aligncenter  wp-image-46601\" src=\"http:\/\/www.korhanyilmaz.com\/wp-content\/uploads\/2012\/01\/9222.jpg\" alt=\"\" width=\"396\" height=\"180\" \/><\/a><\/p>\n<p style=\"text-align: justify;\">Kuzey K\u0131br\u0131s T\u00fcrk Cumhuriyeti Kurucu Cumhurba\u015fkan\u0131 Rauf Denkta\u015f&#8217;\u0131n iki g\u00fcn s\u00fcrecek cenaze t\u00f6reni ba\u015flad\u0131. Denkta\u015f&#8217;\u0131n cenazesini Cumhurba\u015fkanl\u0131\u011f\u0131 Saray\u0131&#8217;na ta\u015f\u0131yan korteje binlerce ki\u015fi e\u015flik etti. Naa\u015f burada 24 saat ziyarete a\u00e7\u0131k olacak.<\/p>\n<p style=\"text-align: justify;\">Ge\u00e7ti\u011fimiz Cuma g\u00fcn\u00fc hayat\u0131n\u0131 kaybeden Denkta\u015f i\u00e7in ilk olarak Yak\u0131n Do\u011fu \u00dcniversitesi (YD\u00dc) Hastanesi&#8217;nde t\u00f6ren d\u00fczenlendi.\u00a0\u00a0<!--more--><\/p>\n<p style=\"text-align: justify;\">T\u00f6rene Denkta\u015f&#8217;\u0131n ailesi, KKTC Cumhurba\u015fkan\u0131 Dervi\u015f Ero\u011flu, Meclis Ba\u015fkan\u0131 Hasan Bozer, KKTC&#8217;nin \u0130kinci Cumhurba\u015fkan\u0131 Mehmet Ali Talat, Ba\u015fbakan \u0130rsen K\u00fc\u00e7\u00fck, T\u00fcrkiye&#8217;nin Lefko\u015fa B\u00fcy\u00fckel\u00e7isi Halil \u0130brahim Ak\u00e7a, K\u0131br\u0131s T\u00fcrk Bar\u0131\u015f Kuvvetleri Komutan\u0131 Korgenaral Adem Huduti, di\u011fer \u00fcst d\u00fczey komutanlar, bakanlar, parti ba\u015fkanlar\u0131, vatanda\u015flar ve \u00f6\u011frenciler kat\u0131ld\u0131.<\/p>\n<p style=\"text-align: justify;\"><strong>AYDIN DENKTA\u015e: BEN\u0130 AYA\u011eA KALDIRIN<\/strong><\/p>\n<p style=\"text-align: justify;\">Denkta\u015f&#8217;\u0131n T\u00fcrk ve KKTC bayra\u011f\u0131na sar\u0131l\u0131 tabutu askerlerin omzunda hastane \u00f6n\u00fcnde bulunan katafalka ta\u015f\u0131nd\u0131. Rauf Denkta\u015f&#8217;\u0131n tabutu d\u0131\u015far\u0131 \u00e7\u0131kar\u0131l\u0131rken tekerlekli koltukta oturan e\u015fi Ayd\u0131n Denkta\u015f, &#8220;Beni aya\u011fa kald\u0131r\u0131n&#8221; diyerek e\u015finin tabutunu ayakta kar\u015f\u0131lad\u0131.<\/p>\n<p style=\"text-align: justify;\">Din g\u00f6revlisinin duas\u0131n\u0131n ard\u0131ndan \u00f6nce e\u015fi Ayd\u0131n Denkta\u015f, daha sonra di\u011fer aile fertleri Denkta\u015f&#8217;\u0131n tabutunun ba\u015f\u0131na gelerek dua etti. Denkta\u015f&#8217;\u0131n naa\u015f\u0131 daha sonra askerler taraf\u0131ndan cenaze arac\u0131na ta\u015f\u0131nd\u0131.<\/p>\n<p style=\"text-align: justify;\">Ayd\u0131n Denkta\u015f cenaze arac\u0131 \u00f6n\u00fcnden ge\u00e7erken &#8220;Kocam, nur i\u00e7inde yat&#8221; diye el sallad\u0131. K\u0131z\u0131 De\u011fer Denkta\u015f ise, &#8220;Babam, babam&#8221; diye a\u011flad\u0131.<\/p>\n<p style=\"text-align: justify;\">Denkta\u015f&#8217;\u0131n naa\u015f\u0131 t\u00f6ren i\u00e7in kortej halinde Cumhurba\u015fkanl\u0131\u011f\u0131 Saray\u0131&#8217;na nakledildi. Denkta\u015f&#8217;\u0131n naa\u015f\u0131n\u0131n ge\u00e7ti\u011fi yol boyunca, \u00f6\u011frenciler yola \u00e7\u0131karak cenaze arac\u0131n\u0131 selamlad\u0131. Yol boyunca baz\u0131 elektrik direklerine Denkta\u015f&#8217;\u0131n posteri ile T\u00fcrk ve KKTC bayraklar\u0131n\u0131n as\u0131ld\u0131\u011f\u0131 g\u00f6r\u00fcld\u00fc.<\/p>\n<p style=\"text-align: justify;\"><strong>&#8220;\u00c7OCUKLARINA KAVU\u015eTUN&#8221;<\/strong><\/p>\n<p style=\"text-align: justify;\">Cumhurba\u015fkanl\u0131\u011f\u0131 Saray\u0131&#8217;ndaki t\u00f6rene Genelkurmay eski Ba\u015fkan\u0131 Orgeneral I\u015f\u0131k Ko\u015faner de kat\u0131ld\u0131. T\u00f6ren s\u0131ras\u0131nda Ayd\u0131n Denkta\u015f, sayg\u0131 ge\u00e7i\u015fi yapt\u0131\u011f\u0131 tabutunun \u00f6n\u00fcnde e\u015fine, \u015f\u00f6yle seslendi:<\/p>\n<p style=\"text-align: justify;\">\u201cMerak etme, sen hi\u00e7 merak etme&#8230;. Sen rahat uyu, \u00e7ocuklar\u0131na kavu\u015ftun. Di\u011fer \u00e7ocuklar\u0131n bana emanet. Bana b\u0131rakt\u0131n onlar\u0131. Evelallah bakaca\u011f\u0131m senin istedi\u011fin gibi can\u0131m&#8230; Can\u0131m, bir tanem. Tam 67 senelik kocam&#8230;\u201d<\/p>\n<p style=\"text-align: justify;\">KKTC Cumhurba\u015fkanl\u0131\u011f\u0131nda, halk\u0131n sayg\u0131 ge\u00e7i\u015fi devam ediyor. Sayg\u0131 ge\u00e7i\u015fi yar\u0131n saat 09.00&#8217;a kadar s\u00fcrecek.<\/p>\n<p style=\"text-align: justify;\"><strong>&#8220;\u0130NG\u0130L\u0130Z&#8217;\u0130N ADAMLI\u011eINI DE\u011e\u0130L, KIBRIS T\u00dcRK HALKININ M\u00dcCAH\u0130D\u0130 OLMAYI SE\u00c7T\u0130&#8221;<\/strong><\/p>\n<p style=\"text-align: justify;\">T\u00f6rende Cumhurba\u015fkan\u0131 Ero\u011flu da bir konu\u015fma yapt\u0131.<\/p>\n<p style=\"text-align: justify;\">Denkta\u015f ile uzun y\u0131llar bir\u00e7ok konuyu g\u00f6r\u00fc\u015ft\u00fcklerini ve birlikte \u00e7al\u0131\u015ft\u0131klar\u0131n\u0131 anlatan Ero\u011flu, \u201c\u015eimdi onu ebediyete u\u011furlarken konu\u015fmak i\u00e7imi burkuyor\u201d dedi. Ero\u011flu, Denkta\u015f ile ili\u015fkilerinin hep kar\u015f\u0131l\u0131kl\u0131 sayg\u0131ya dayand\u0131\u011f\u0131n\u0131 dile getirerek, \u201cBiz onu hep baba gibi sevdik, sayd\u0131k. \u0130nan\u0131yorum o da bizi evlad\u0131 gibi g\u00f6rd\u00fc, sevdi ve siyaset\u00e7i olarak sayg\u0131 g\u00f6sterdi\u201d diye konu\u015ftu.<\/p>\n<p style=\"text-align: justify;\">Ero\u011flu, \u015funlar\u0131 s\u00f6yledi:<\/p>\n<p style=\"text-align: justify;\">\u201cDenkta\u015f bir kahramand\u0131. \u0130ngiliz&#8217;in adaml\u0131\u011f\u0131n\u0131, savc\u0131l\u0131\u011f\u0131n\u0131 de\u011fil K\u0131br\u0131s T\u00fcrk halk\u0131n\u0131n m\u00fccahidi olmay\u0131 se\u00e7ti. Ate\u015ften g\u00f6mlek giydi. Ada&#8217;n\u0131n Yunanistan&#8217;a ba\u011flanmas\u0131 i\u00e7in silahla, \u015fiddetle harekete ge\u00e7en EOKA ter\u00f6r \u00f6rg\u00fct\u00fc kar\u015f\u0131s\u0131nda T\u00fcrk Mukavemet Te\u015fkilat\u0131&#8217;n\u0131 kurdu ve y\u00f6netti.&#8221;<\/p>\n<p style=\"text-align: justify;\"><strong>&#8220;\u00c7\u0130\u00c7EK G\u00d6NDERMEY\u0130N, BA\u011eI\u015e YAPIN&#8221;<\/strong><\/p>\n<p style=\"text-align: justify;\">Denkta\u015f&#8217;\u0131n naa\u015f\u0131, yar\u0131n saat 10.00&#8217;da top arabas\u0131na al\u0131narak Cumhurba\u015fkanl\u0131\u011f\u0131&#8217;ndan Selimiye Camii&#8217;ne g\u00f6t\u00fcr\u00fclecek. Cenaze namaz\u0131 k\u0131l\u0131nmas\u0131n\u0131n ard\u0131ndan naa\u015f Cumhuriyet Park\u0131&#8217;na intikal ettirilecek ve 14.30&#8217;da burada t\u00f6ren yap\u0131lacak. Denkta\u015f&#8217;\u0131n naa\u015f\u0131 saat 15.00&#8217;te ise defnedilecek.<\/p>\n<p style=\"text-align: justify;\">Denkta\u015f ailesi cenaze t\u00f6renine \u00e7i\u00e7ek g\u00f6nderilmemesi, belirlenen vak\u0131f veya derneklere ba\u011f\u0131\u015fta bulunulmas\u0131 i\u00e7in \u00e7a\u011fr\u0131 yapt\u0131. Ailenin a\u00e7\u0131klamas\u0131na g\u00f6re, ba\u011f\u0131\u015f yap\u0131lmas\u0131 i\u00e7in belirlenen kurulu\u015flar ve hesap numaralar\u0131 \u015f\u00f6yle:<\/p>\n<p style=\"text-align: justify;\">* K\u0131br\u0131s T\u00fcrk Ortopedik \u00d6z\u00fcrl\u00fcler Derne\u011fi (T\u00fcrk Bankas\u0131 Lefko\u015fa \u015eubesi 7533721; Vak\u0131flar Bankas\u0131 Lefko\u015fa \u015eubesi 103041191)<\/p>\n<p style=\"text-align: justify;\">* K\u0131br\u0131s T\u00fcrk E\u011fitim Vakf\u0131 (\u0130\u015f Bankas\u0131 Lefko\u015fa \u015eubesi 389734; Vak\u0131flar Bankas\u0131 Lefko\u015fa \u015eubesi 304301)<\/p>\n<p style=\"text-align: justify;\">* Kanser Hastalar\u0131na Yard\u0131m Derne\u011fi (\u0130\u015f Bankas\u0131 Lefko\u015fa \u015eubesi 6800-431539; Vak\u0131flar Bankas\u0131 Lefko\u015fa \u015eubesi (11300-319)<\/p>\n<p style=\"text-align: justify;\">* Di\u011fer vak\u0131f ve derneklere yard\u0131mda bulunulmas\u0131 amac\u0131yla, Raif Denkta\u015f E\u011fitim Vakf\u0131 (Vak\u0131flar Bankas\u0131 Lefko\u015fa \u015eubesi 11-300-2657)<\/p>\n<p style=\"text-align: justify;\"><strong>T\u00dcRK\u0130YE&#8217;DEN KATILIM B\u00dcY\u00dcK<\/strong><\/p>\n<p style=\"text-align: justify;\">Denkta\u015f&#8217;\u0131n cenazesine b\u00fcy\u00fck ilgi var. T\u00fcrkiye&#8217;den Cumhurba\u015fkan\u0131 Abdullah G\u00fcl, Ba\u015fbakan Recep Tayyip Erdo\u011fan, TBMM Ba\u015fkan\u0131 Cemil \u00c7i\u00e7ek, K\u0131br\u0131s \u0130\u015flerinden Sorumlu Ba\u015fbakan Yard\u0131mc\u0131s\u0131 Be\u015fir Atalay ve D\u0131\u015fi\u015fleri Bakan\u0131 Ahmet Davuto\u011flu gibi isimlerin yan\u0131 s\u0131ra, muhalefet liderleri ve di\u011fer baz\u0131 \u00fclkelerden konuklar\u0131n kat\u0131lmas\u0131 bekleniyor.<\/p>\n<p style=\"text-align: justify;\">Ayr\u0131ca \u0130ngiltere&#8217;den de \u00e7ok say\u0131da K\u0131br\u0131sl\u0131 T\u00fcrk adaya gidiyor.<\/p>\n<p style=\"text-align: justify;\"><a href=\"http:\/\/www.gazeteport.com.tr\/haber\/73819\/denktasa_veda\" target=\"_blank\">Kaynak : GAZETEPORT<\/a><\/p>\n","protected":false},"excerpt":{"rendered":"<p style=\"text-align: center;\">\n<p style=\"text-align: justify;\">Kuzey K\u0131br\u0131s T\u00fcrk Cumhuriyeti Kurucu Cumhurba\u015fkan\u0131 Rauf Denkta\u015f&#8217;\u0131n iki g\u00fcn s\u00fcrecek cenaze t\u00f6reni ba\u015flad\u0131. Denkta\u015f&#8217;\u0131n cenazesini Cumhurba\u015fkanl\u0131\u011f\u0131 Saray\u0131&#8217;na ta\u015f\u0131yan korteje binlerce ki\u015fi e\u015flik etti. Naa\u015f burada 24 saat ziyarete a\u00e7\u0131k olacak.<\/p>\n<p style=\"text-align: justify;\">Ge\u00e7ti\u011fimiz Cuma g\u00fcn\u00fc hayat\u0131n\u0131 kaybeden Denkta\u015f i\u00e7in ilk olarak Yak\u0131n Do\u011fu \u00dcniversitesi (YD\u00dc) Hastanesi&#8217;nde t\u00f6ren d\u00fczenlendi. <\/p>\n","protected":false},"author":1,"featured_media":0,"comment_status":"open","ping_status":"open","sticky":false,"template":"","format":"standard","meta":{"footnotes":""},"categories":[105],"tags":[],"class_list":["post-46600","post","type-post","status-publish","format-standard","hentry","category-gundem","odd"],"_links":{"self":[{"href":"http:\/\/www.korhanyilmaz.com\/index.php?rest_route=\/wp\/v2\/posts\/46600","targetHints":{"allow":["GET"]}}],"collection":[{"href":"http:\/\/www.korhanyilmaz.com\/index.php?rest_route=\/wp\/v2\/posts"}],"about":[{"href":"http:\/\/www.korhanyilmaz.com\/index.php?rest_route=\/wp\/v2\/types\/post"}],"author":[{"embeddable":true,"href":"http:\/\/www.korhanyilmaz.com\/index.php?rest_route=\/wp\/v2\/users\/1"}],"replies":[{"embeddable":true,"href":"http:\/\/www.korhanyilmaz.com\/index.php?rest_route=%2Fwp%2Fv2%2Fcomments&post=46600"}],"version-history":[{"count":0,"href":"http:\/\/www.korhanyilmaz.com\/index.php?rest_route=\/wp\/v2\/posts\/46600\/revisions"}],"wp:attachment":[{"href":"http:\/\/www.korhanyilmaz.com\/index.php?rest_route=%2Fwp%2Fv2%2Fmedia&parent=46600"}],"wp:term":[{"taxonomy":"category","embeddable":true,"href":"http:\/\/www.korhanyilmaz.com\/index.php?rest_route=%2Fwp%2Fv2%2Fcategories&post=46600"},{"taxonomy":"post_tag","embeddable":true,"href":"http:\/\/www.korhanyilmaz.com\/index.php?rest_route=%2Fwp%2Fv2%2Ftags&post=46600"}],"curies":[{"name":"wp","href":"https:\/\/api.w.org\/{rel}","templated":true}]}}