{"id":46596,"date":"2012-01-17T10:08:34","date_gmt":"2012-01-17T08:08:34","guid":{"rendered":"http:\/\/www.korhanyilmaz.com\/?p=46596"},"modified":"2012-01-17T11:22:34","modified_gmt":"2012-01-17T09:22:34","slug":"rauf-denktasa-son-veda","status":"publish","type":"post","link":"http:\/\/www.korhanyilmaz.com\/?p=46596","title":{"rendered":"Rauf Denkta\u015f&#8217;a son veda"},"content":{"rendered":"<p style=\"text-align: center;\"><a href=\"http:\/\/www.korhanyilmaz.com\/wp-content\/uploads\/2012\/01\/9221.jpg\"  class=\"lightview\"><img loading=\"lazy\" decoding=\"async\" class=\"aligncenter  wp-image-46597\" src=\"http:\/\/www.korhanyilmaz.com\/wp-content\/uploads\/2012\/01\/9221.jpg\" alt=\"\" width=\"396\" height=\"180\" \/><\/a><\/p>\n<p style=\"text-align: justify;\">KKTC&#8217;nin kurucu Cumhurba\u015fkan\u0131 Rauf Denkta\u015f, son yolculu\u011funa u\u011furlan\u0131yor.<\/p>\n<p style=\"text-align: justify;\">Denkta\u015f i\u00e7in Lefko\u015fa&#8217;daki Cumhurba\u015fkanl\u0131\u011f\u0131 Saray\u0131&#8217;nda t\u00f6ren d\u00fczenleniyor. Denkta\u015f\u2019\u0131n naa\u015f\u0131, top arabas\u0131na al\u0131narak Cumhurba\u015fkanl\u0131\u011f\u0131\u2019ndan Selimiye Camii\u2019ne g\u00f6t\u00fcr\u00fclecek, burada \u00f6\u011fle namaz\u0131n\u0131 m\u00fcteakip k\u0131l\u0131nacak cenaze namaz\u0131 sonras\u0131 ger\u00e7ekle\u015ftirilecek t\u00f6renlerin ard\u0131ndan T\u00fcrk Mukavemet Te\u015fkilat\u0131\u2019n\u0131n (TMT) an\u0131t\u0131n\u0131n bulundu\u011fu Cumhuriyet Park\u0131\u2019na defnedilecek.\u00a0<!--more--><\/p>\n<p style=\"text-align: justify;\">1957\u2019de Rum EOKA \u00f6rg\u00fct\u00fcne kar\u015f\u0131 kurulan TMT\u2019nin liderli\u011fini, T\u00fcrkiye\u2019deki \u00d6zel Harp Dairesi\u2019nden g\u00f6nderilen \u201cBozkurt\u201d kod adl\u0131 Albay R\u0131za Vuru\u015fkan\u2019la y\u00fcr\u00fcten \u201cToros\u201d kod adl\u0131 Denkta\u015f, b\u00f6ylece, etti\u011fi &#8220;gizlilik yeminini&#8221; de TMT an\u0131t\u0131n\u0131n alt\u0131na g\u00f6t\u00fcrecek. T\u00f6ren i\u00e7in Cumhurba\u015fkanl\u0131\u011f\u0131 Saray\u0131&#8217;na gelen Rauf Denkta\u015f\u2019\u0131n e\u015fi Ayd\u0131n Denkta\u015f, \u00e7ocuklar\u0131 ve torunlar\u0131 KKTC Cumhurba\u015fkan\u0131 Dervi\u015f Ero\u011flu taraf\u0131ndan kar\u015f\u0131land\u0131.<\/p>\n<p style=\"text-align: justify;\"><strong>DEVLET\u0130N Z\u0130RVES\u0130 LEFKO\u015eA&#8217;DA<\/strong><\/p>\n<p style=\"text-align: justify;\">Cumhurba\u015fkan\u0131 Abdullah G\u00fcl, TBMM Ba\u015fkan\u0131 Cemil \u00c7i\u00e7ek, Ba\u015fbakan Recep Tayyip Erdo\u011fan, Genelkurmay Ba\u015fkan\u0131 Orgeneral Necdet \u00d6zel, CHP Genel Ba\u015fkan\u0131 Kemal K\u0131l\u0131\u00e7daro\u011flu ve baz\u0131 bakanlar, KKTC&#8217;nin Kurucu Cumhurba\u015fkan\u0131 Rauf Denkta\u015f&#8217;\u0131n cenaze t\u00f6renine kat\u0131lmak \u00fczere ba\u015fkent Lefko\u015fa&#8217;ya geldi.<\/p>\n<p style=\"text-align: justify;\">Cumhurba\u015fkan\u0131 G\u00fcl ve beraberindekileri ta\u015f\u0131yan \u00f6zel u\u00e7ak &#8221;CBK&#8221; saat 10.30&#8217;da Ercan Havaaliman\u0131&#8217;na indi. G\u00fcl&#8217;\u00fc, Ercan Havaliman\u0131&#8217;nda KKTC Cumhurba\u015fkan\u0131 Dervi\u015f Ero\u011flu, T\u00fcrkiye&#8217;nin Lefko\u015fa B\u00fcy\u00fckel\u00e7isi Halil \u0130brahim Ak\u00e7a, Rauf Denkta\u015f&#8217;\u0131n o\u011flu ve Demokrat Parti Genel Ba\u015fkan\u0131 Serdar Denkta\u015f ve di\u011fer ilgililer kar\u015f\u0131lad\u0131.<\/p>\n<p style=\"text-align: justify;\">TBMM Ba\u015fkan\u0131 \u00c7i\u00e7ek, Ba\u015fbakan Erdo\u011fan ve beraberindeki bakanlar\u0131 ta\u015f\u0131yan \u00f6zel u\u00e7ak &#8221;ANA&#8221; da saat 10.00&#8217;da Ercan Havaliman\u0131&#8217;na indi. \u00c7i\u00e7ek ve Erdo\u011fan, KKTC Cumhurba\u015fkan\u0131 Dervi\u015f Ero\u011flu, Ba\u015fbakan \u0130rsen K\u00fc\u00e7\u00fck, T\u00fcrkiye&#8217;nin Lefko\u015fa B\u00fcy\u00fckel\u00e7isi Halil \u0130brahim Ak\u00e7a, K\u0131br\u0131s T\u00fcrk Bar\u0131\u015f Kuvvetleri Komutan\u0131 Korgeneral Adem Huduti, Rauf Denkta\u015f&#8217;\u0131n o\u011flu ve Demokrat Parti Genel Ba\u015fkan\u0131 Serdar Denkta\u015f ve \u00f6teki ilgililer taraf\u0131ndan kar\u015f\u0131land\u0131.<\/p>\n<p style=\"text-align: justify;\">\u00c7i\u00e7ek ve Ero\u011fan ile Ba\u015fbakan Yard\u0131mc\u0131lar\u0131 Be\u015fir Atalay ve Bekir Bozda\u011f, Aile ve Sosyal Politikalar Bakan\u0131 Fatma \u015eahin, Avrupa Birli\u011fi Bakan\u0131 Egemen Ba\u011f\u0131\u015f, D\u0131\u015fi\u015fleri Bakan\u0131 Ahmet Davuto\u011flu, Maliye Bakan\u0131 Mehmet \u015eim\u015fek, Milli Savunma Bakan\u0131 \u0130smet Y\u0131lmaz, AK Parti Grup Ba\u015fkanvekili Nurettin Canikli, baz\u0131 milletvekilleri ve eski Adalet Bakan\u0131 Hikmet Sami T\u00fcrk de Lefko\u015fa&#8217;ya geldi.<\/p>\n<p style=\"text-align: justify;\">\u00c7i\u00e7ek ve Erdo\u011fan&#8217;dan bir s\u00fcre \u00f6nce de Genelkurmay Ba\u015fkan\u0131 Orgeneral Necdet \u00d6zel ve Kara Kuvvetleri Komutan\u0131 Orgeneral Hayri K\u0131vr\u0131ko\u011flu e\u015fleriyle birlikte T\u00fcrk Hava Kuvvetlerine ait \u00f6zel u\u00e7akla KKTC&#8217;ye geldiler.<\/p>\n<p style=\"text-align: justify;\">CHP Genel Ba\u015fkan\u0131 Kemal K\u0131l\u0131\u00e7daro\u011flu ise partinin eski Genel Ba\u015fkan\u0131 ve Antalya Milletvekili Deniz Baykal, eski genel ba\u015fkanlardan Altan \u00d6ymen, eski TBMM Ba\u015fkan\u0131 Hikmet \u00c7etin ve baz\u0131 parti y\u00f6neticileriyle sabah erken saatlerde Lefko\u015fa&#8217;ya indi.<\/p>\n<p style=\"text-align: justify;\">Gazetecilerin sorular\u0131 \u00fczerine Rauf Denkta\u015f&#8217;\u0131n \u00f6nemli bir siyaset\u00e7i ve hukuk adam\u0131 oldu\u011funu belirten K\u0131l\u0131\u00e7daro\u011flu, KKTC&#8217;nin kurulmas\u0131nda CHP&#8217;nin de pay\u0131 oldu\u011fu i\u00e7in Lefko\u015fa&#8217;ya eski genel ba\u015fkanlarla birlikte geldi\u011fini s\u00f6yledi.<\/p>\n<p style=\"text-align: justify;\">Bu arada sabah erken saatlerden itibaren T\u00fcrk Hava Yollar\u0131n\u0131n tarifeli u\u00e7aklar\u0131yla da baz\u0131 milletvekilleri Lefko\u015fa&#8217;ya geldi.<\/p>\n<p style=\"text-align: justify;\">Cumhurba\u015fkan\u0131 G\u00fcl ve Ero\u011flu, havaliman\u0131ndan ayn\u0131 makam arac\u0131na binerek t\u00f6renin ba\u015flayaca\u011f\u0131 Cumhurba\u015fkanl\u0131\u011f\u0131 Saray\u0131&#8217;na gitti.<\/p>\n<p style=\"text-align: justify;\"><strong>ERDO\u011eAN AYDIN DENKTA\u015e&#8217;A TAZ\u0130YELER\u0130N\u0130 \u0130LETT\u0130<\/strong><\/p>\n<p style=\"text-align: justify;\">Ba\u015fbakan Recep Tayyip Erdo\u011fan, KKTC Kurucu Cumhurba\u015fkan\u0131 Rauf Denkta\u015f&#8217;\u0131n vefat\u0131 dolay\u0131s\u0131yla Denkta\u015f&#8217;\u0131n e\u015fi Ayd\u0131n Denkta\u015f&#8217;a ba\u015fsa\u011fl\u0131\u011f\u0131 dile\u011finde bulundu.<\/p>\n<p style=\"text-align: justify;\">Sabah saatlerinde KKTC&#8217;ye gelen Ba\u015fbakan Erdo\u011fan ve beraberindeki heyet, Cumhurba\u015fkanl\u0131\u011f\u0131 Saray\u0131&#8217;na ge\u00e7ti.<\/p>\n<p style=\"text-align: justify;\">Ba\u015fbakan Erdo\u011fan, burada Rauf Raif Denkta\u015f&#8217;\u0131n e\u015fi Ayd\u0131n Denkta\u015f&#8217;a ba\u015fsa\u011fl\u0131\u011f\u0131 dileklerini iletti ve a\u00e7\u0131lan taziye defterini imzalad\u0131.<\/p>\n<p style=\"text-align: justify;\">Ba\u015fbakan Erdo\u011fan, taziye defterine \u015funlar\u0131 yazd\u0131:<\/p>\n<p style=\"text-align: justify;\">&#8221;KKTC Kurucu Cumhurba\u015fkan\u0131, K\u0131br\u0131s davas\u0131n\u0131n abide ismi b\u00fcy\u00fck m\u00fccadele insan\u0131 Say\u0131n Rauf Raif Denkta\u015f&#8217;\u0131n vefat\u0131ndan dolay\u0131 derin bir teess\u00fcr i\u00e7indeyiz.<\/p>\n<p style=\"text-align: justify;\">Merhum Denkta\u015f, b\u00fct\u00fcn hayat\u0131n\u0131 K\u0131br\u0131s&#8217;ta bar\u0131\u015f ve istikrar\u0131 tesis etmeye adam\u0131\u015f, gerekti\u011finde K\u0131br\u0131s T\u00fcrk&#8217;\u00fcn\u00fcn ba\u011f\u0131ms\u0131zl\u0131k m\u00fccadelesine liderlik etmi\u015f, gerekti\u011finde de bar\u0131\u015f, diyalog ve uzla\u015fma i\u00e7in b\u00fcy\u00fck devlet adaml\u0131\u011f\u0131 vasf\u0131yla temsil etti\u011fi aziz milletinin hukukunu y\u0131lmadan savunmu\u015ftur.<\/p>\n<p style=\"text-align: justify;\">Merhum Denkta\u015f&#8217;\u0131n vefat\u0131, KKTC halk\u0131 i\u00e7in oldu\u011fu kadar hi\u00e7 ku\u015fkusuz T\u00fcrkiye i\u00e7in de ac\u0131 bir kay\u0131pt\u0131r. Ancak merhum Denkta\u015f&#8217;\u0131n K\u0131br\u0131s&#8217;ta ba\u015flatt\u0131\u011f\u0131 ve cesaretle y\u00fcr\u00fctt\u00fc\u011f\u00fc m\u00fccadele KKTC ve T\u00fcrkiye vatanda\u015flar\u0131 taraf\u0131ndan ayn\u0131 samimiyetle sahiplenilecek, ayn\u0131 kararl\u0131l\u0131kla y\u00fcr\u00fct\u00fclecektir.<\/p>\n<p style=\"text-align: justify;\">T\u00fcrkiye Cumhuriyeti, K\u0131br\u0131s T\u00fcrk&#8217;\u00fcn\u00fcn hakl\u0131 m\u00fccadelesini t\u00fcm imkanlar\u0131yla desteklemeye, KKTC&#8217;nin hukukunu b\u00fct\u00fcn g\u00fcc\u00fcyle savunmaya devam edecek, Ada&#8217;da bar\u0131\u015f\u0131n, h\u00fcrriyetin refah\u0131n teminat\u0131 olmay\u0131 s\u00fcrd\u00fcrecektir.<\/p>\n<p style=\"text-align: justify;\">K\u0131br\u0131s T\u00fcrk halk\u0131n\u0131n, aziz milletimizin ba\u015f\u0131 sa\u011f olsun diyor, merhum cumhurba\u015fkan\u0131na Allah&#8217;tan rahmet niyaz ediyorum.&#8221;<\/p>\n<p style=\"text-align: justify;\">Ba\u015fbakan Erdo\u011fan&#8217;a, Ba\u015fbakan Yard\u0131mc\u0131lar\u0131 Be\u015fir Atalay, Bekir Bozda\u011f, Aile ve Sosyal Politikalar Bakan\u0131 Fatma \u015eahin, Avrupa Birli\u011fi Bakan\u0131 ve Ba\u015fm\u00fczakereci Egemen Ba\u011f\u0131\u015f, D\u0131\u015fi\u015fleri Bakan\u0131 Ahmet Davuto\u011flu, Maliye Bakan\u0131 Mehmet \u015eim\u015fek, Milli Savunma Bakan\u0131 \u0130smet Y\u0131lmaz, AK Parti Genel Ba\u015fkan Yard\u0131mc\u0131s\u0131 \u00d6mer \u00c7elik, Avrupa Konseyi Parlamenter Meclisi Ba\u015fkan\u0131 Mevl\u00fct \u00c7avu\u015fo\u011flu e\u015flik ediyor.<\/p>\n<p style=\"text-align: justify;\"><a href=\"http:\/\/www.gazeteport.com.tr\/haber\/74019\/rauf_denktasa_son_veda#\" target=\"_blank\">Kaynak : GAZETEPORT<\/a><\/p>\n","protected":false},"excerpt":{"rendered":"<p style=\"text-align: center;\">\n<p style=\"text-align: justify;\">KKTC&#8217;nin kurucu Cumhurba\u015fkan\u0131 Rauf Denkta\u015f, son yolculu\u011funa u\u011furlan\u0131yor.<\/p>\n<p style=\"text-align: justify;\">Denkta\u015f i\u00e7in Lefko\u015fa&#8217;daki Cumhurba\u015fkanl\u0131\u011f\u0131 Saray\u0131&#8217;nda t\u00f6ren d\u00fczenleniyor. Denkta\u015f\u2019\u0131n naa\u015f\u0131, top arabas\u0131na al\u0131narak Cumhurba\u015fkanl\u0131\u011f\u0131\u2019ndan Selimiye Camii\u2019ne g\u00f6t\u00fcr\u00fclecek, burada \u00f6\u011fle namaz\u0131n\u0131 m\u00fcteakip k\u0131l\u0131nacak cenaze namaz\u0131 sonras\u0131 ger\u00e7ekle\u015ftirilecek t\u00f6renlerin ard\u0131ndan T\u00fcrk Mukavemet Te\u015fkilat\u0131\u2019n\u0131n (TMT) an\u0131t\u0131n\u0131n bulundu\u011fu Cumhuriyet Park\u0131\u2019na defnedilecek. <\/p>\n","protected":false},"author":1,"featured_media":0,"comment_status":"open","ping_status":"open","sticky":false,"template":"","format":"standard","meta":{"footnotes":""},"categories":[105],"tags":[],"class_list":["post-46596","post","type-post","status-publish","format-standard","hentry","category-gundem","odd"],"_links":{"self":[{"href":"http:\/\/www.korhanyilmaz.com\/index.php?rest_route=\/wp\/v2\/posts\/46596","targetHints":{"allow":["GET"]}}],"collection":[{"href":"http:\/\/www.korhanyilmaz.com\/index.php?rest_route=\/wp\/v2\/posts"}],"about":[{"href":"http:\/\/www.korhanyilmaz.com\/index.php?rest_route=\/wp\/v2\/types\/post"}],"author":[{"embeddable":true,"href":"http:\/\/www.korhanyilmaz.com\/index.php?rest_route=\/wp\/v2\/users\/1"}],"replies":[{"embeddable":true,"href":"http:\/\/www.korhanyilmaz.com\/index.php?rest_route=%2Fwp%2Fv2%2Fcomments&post=46596"}],"version-history":[{"count":0,"href":"http:\/\/www.korhanyilmaz.com\/index.php?rest_route=\/wp\/v2\/posts\/46596\/revisions"}],"wp:attachment":[{"href":"http:\/\/www.korhanyilmaz.com\/index.php?rest_route=%2Fwp%2Fv2%2Fmedia&parent=46596"}],"wp:term":[{"taxonomy":"category","embeddable":true,"href":"http:\/\/www.korhanyilmaz.com\/index.php?rest_route=%2Fwp%2Fv2%2Fcategories&post=46596"},{"taxonomy":"post_tag","embeddable":true,"href":"http:\/\/www.korhanyilmaz.com\/index.php?rest_route=%2Fwp%2Fv2%2Ftags&post=46596"}],"curies":[{"name":"wp","href":"https:\/\/api.w.org\/{rel}","templated":true}]}}