{"id":46575,"date":"2012-01-16T23:24:15","date_gmt":"2012-01-16T21:24:15","guid":{"rendered":"http:\/\/www.korhanyilmaz.com\/?p=46575"},"modified":"2015-08-27T21:26:20","modified_gmt":"2015-08-27T18:26:20","slug":"anayasa-yapim-surecinin-yol-emniyeti-yok","status":"publish","type":"post","link":"http:\/\/www.korhanyilmaz.com\/?p=46575","title":{"rendered":"&#8216;Anayasa yap\u0131m s\u00fcrecinin yol emniyeti yok&#8217;"},"content":{"rendered":"<p style=\"text-align: center;\"><a href=\"http:\/\/www.korhanyilmaz.com\/wp-content\/uploads\/2012\/01\/9218.jpg\"  class=\"lightview\"><img loading=\"lazy\" decoding=\"async\" class=\"aligncenter  wp-image-46576\" src=\"http:\/\/www.korhanyilmaz.com\/wp-content\/uploads\/2012\/01\/9218.jpg\" alt=\"\" width=\"290\" height=\"217\" \/><\/a><\/p>\n<p style=\"text-align: justify;\">Yarg\u0131\u00e7 ve Savc\u0131lar Birli\u011fi (YARSAV), otoriter bir zihniyet ve uygulamalar\u0131n\u0131n ba\u015fta yarg\u0131 olmak \u00fczere t\u00fcm kurumlarda yaratt\u0131\u011f\u0131 travman\u0131n artarak devam etti\u011fini ileri s\u00fcrerek bu ortamda evrensel sayg\u0131nl\u0131\u011fa sahip bir anayasa yap\u0131lamayaca\u011f\u0131n\u0131 ileri s\u00fcrd\u00fc.\u00a0<!--more--><\/p>\n<p style=\"text-align: justify;\">Ankara- Meclis Anayasa Uzla\u015fma Komisyonu Yarg\u0131\u00e7lar ve Savc\u0131lar Birli\u011fi&#8217;nin (YARSAV) Anayasa \u00f6nerilerini dinledi. YARSAV komisyona yapt\u0131\u011f\u0131 sunumda 1982 anayasan\u0131n darbe anayasas\u0131 oldu\u011funu ve de\u011fi\u015ftirilmesinin zorunluluk oldu\u011funu dile getirildi ancak &#8220;Hi\u00e7bir siyasi partinin topluma anayasa dayatma hakk\u0131 yoktur&#8221; denilerek ger\u00e7ek bir toplum s\u00f6zle\u015fmesi olan anayasa i\u00e7in ko\u015fullar\u0131n uygun olmad\u0131\u011f\u0131 savunuldu. Siyasi iktidar kaynakl\u0131 bir gerilim ve kutupla\u015fma ortam\u0131nda bulunduklar\u0131n\u0131 savunan YARSAV, &#8220;Otoriter bir zihniyet ve uygulamalar\u0131n\u0131n ba\u015fta yarg\u0131 olmak \u00fczere t\u00fcm kurumlarda ve toplumun \u00f6nemli bir k\u0131sm\u0131nda yaratt\u0131\u011f\u0131 travma gittik\u00e7e artan bir dozda devam etmekte iken evrensel sayg\u0131nl\u0131\u011fa sahip bir anayasa yapmak m\u00fcmk\u00fcn de\u011fildir. Anayasa yap\u0131m s\u00fcrecinin yol emniyeti yoktur. \u00d6zel yetkili mahkemelerin yol \u00e7evirmeleri ve tevkifleri, kimsenin bu yola girmemesi sonucunu do\u011furmaktad\u0131r&#8221; dedi.<\/p>\n<p style=\"text-align: justify;\"><strong>&#8216;Yarg\u0131daki son bir y\u0131l\u0131 anlatmak bir y\u0131l al\u0131r&#8217;\u00a0<\/strong><\/p>\n<p style=\"text-align: justify;\">Cumhurba\u015fkan\u0131n\u0131n g\u00f6rev s\u00fcresi, Genelkurmay Ba\u015fkan\u0131n\u0131n yarg\u0131lanaca\u011f\u0131 yer gibi temel konularda bile anla\u015f\u0131lamad\u0131\u011f\u0131na dikkat \u00e7eken YARSAV, HSYK&#8217;daki uygulamalar\u0131 \u00f6rnek g\u00f6sterdi. Sunumda \u015fu ifadeler kullan\u0131ld\u0131: &#8220;Demokratik me\u015fruiyet, yaln\u0131zca se\u00e7imle elde edilen ve keyfi olarak kullan\u0131lacak bir de\u011fer de\u011fildir. Yarg\u0131da ya\u015fanan son bir y\u0131l\u0131 anlatmak en az bir y\u0131l\u0131 al\u0131r. S\u00fcrg\u00fcn kararnameleri, hi\u00e7bir k\u0131stasa dayanmayan terfi ve taltifler, temelsiz ve intikam-g\u00f6zda\u011f\u0131 ama\u00e7l\u0131 soru\u015fturmalar ve sonras\u0131nda verilen \u00f6l\u00e7\u00fcs\u00fcz ve insafs\u0131z cezalar. Yarg\u0131 mensuplar\u0131na bakan toplum kendisini nas\u0131l g\u00fcvende g\u00f6rebilir.&#8221;<\/p>\n<p style=\"text-align: justify;\"><strong>Vatanda\u015f\u0131 d\u00fc\u015fman g\u00f6ren zihniyet\u00a0<\/strong><\/p>\n<p style=\"text-align: justify;\">Kentsel d\u00f6n\u00fc\u015f\u00fcm, HES protestolar\u0131, \u00f6\u011frenci eylemleri gibi olaylara y\u00f6nelik \u015fiddet ve \u00f6tekile\u015ftirme hareketlerinin vatanda\u015f\u0131 d\u00fc\u015fman g\u00f6ren bir zihniyetin eseri oldu\u011funu ileri s\u00fcren YARSAV, d\u00fc\u015f\u00fcncenin, \u015fiirin, karikat\u00fcr\u00fcn ter\u00f6r silah say\u0131ld\u0131\u011f\u0131, kitaplar\u0131n bombadan daha tehlikeli g\u00f6r\u00fcld\u00fc\u011f\u00fc y\u00f6n\u00fcndeki a\u00e7\u0131klamalar\u0131n toplumdaki kutupla\u015fma ve gerilimi daha da artt\u0131rd\u0131\u011f\u0131n\u0131 ileri s\u00fcrerek bu ortamda uzla\u015fma i\u00e7inde anayasa yap\u0131lamayaca\u011f\u0131n\u0131 savundu.<\/p>\n<p style=\"text-align: justify;\">Demokratik bir anayasa isteniyorsa s\u00fcrecin aceleye getirilmemesini isteyen YARSAV, anayasa \u00e7al\u0131\u015fmalar\u0131 yap\u0131l\u0131rken bir yandan da bu s\u00fcrece katk\u0131 yapacak mevzuat de\u011fi\u015fikliklerinin yap\u0131lmas\u0131n\u0131, demokratik hak ve \u00f6zg\u00fcrl\u00fcklerin \u00f6n\u00fcndeki engellerin kald\u0131r\u0131lmas\u0131 i\u00e7in TCK, CMK&#8217;da de\u011fi\u015fiklik yap\u0131lmas\u0131n\u0131 istedi.<\/p>\n<p style=\"text-align: justify;\"><strong>\u00d6zel yetkili mahkemeler iktidar sava\u015f\u0131n\u0131n arac\u0131 haline geldi\u00a0<\/strong><\/p>\n<p style=\"text-align: justify;\">Siyaset d\u0131\u015f\u0131 olmas\u0131, hatta onu dengeleme ad\u0131na frenlemesi gereken yarg\u0131n\u0131n siyasi bir aparata d\u00f6n\u00fc\u015ft\u00fcr\u00fclerek siyasi ya\u015fam\u0131 dizayn etme arac\u0131 haline getirilmesi ve devletin ideolojik ayg\u0131t\u0131 olarak kurgulanmas\u0131n\u0131n demokratik toplum d\u00fczenini ray\u0131ndan \u00e7\u0131karaca\u011f\u0131n\u0131 ileri s\u00fcren YARSAV, kendisini &#8216;T\u00fcrkiye Ba\u015fsavc\u0131l\u0131\u011f\u0131 veya mahkemesi olarak g\u00f6rme e\u011filiminde&#8217; olan \u00d6zel Yetkili A\u011f\u0131r Ceza Mahkemelerinin, iktidar sava\u015f\u0131n\u0131n bir arac\u0131 haline d\u00f6n\u00fc\u015fmesi ve temel hak ve \u00f6zg\u00fcrl\u00fckler y\u00f6n\u00fcnden ciddi tehdit kayna\u011f\u0131 haline gelmesi&#8221; nedeniyle tamamen kald\u0131r\u0131lmas\u0131n\u0131 istedi.<\/p>\n<p style=\"text-align: justify;\"><strong>Siyaset yap\u0131m\u0131nda 12 Eyl\u00fcl kurallar\u0131 de\u011fi\u015fmeli\u00a0<\/strong><\/p>\n<p style=\"text-align: justify;\">Meclis d\u0131\u015f\u0131ndaki siyasi partiler, STK&#8217;lar, \u00fcniversiteler ve meslek kurulu\u015flar\u0131n\u0131n e\u015fit \u015fartlar alt\u0131nda ve aktif olarak Anayasa yap\u0131m s\u00fcrecine kat\u0131lmas\u0131 \u00f6nerisinde bulunan YARSAV, &#8220;Aksi taktirde, herkesin \u00f6nerisini vermesi yolunda \u00e7a\u011fr\u0131 yap\u0131p, t\u00fcm \u00f6nerileri toplad\u0131ktan sonra bir metin ortaya \u00e7\u0131karmak, sonu\u00e7ta \u00fczerinde uzla\u015f\u0131lan de\u011fil, bir iradenin uygun g\u00f6rd\u00fc\u011f\u00fc metnin ortaya \u00e7\u0131kar\u0131lmas\u0131 anlam\u0131ndad\u0131r&#8221; dedi.<\/p>\n<p style=\"text-align: justify;\">82 anayasas\u0131 sonras\u0131 Milli G\u00fcvenlik konseyi d\u00f6neminde \u00e7\u0131kart\u0131lan Siyasi Partiler Kanunu ve Se\u00e7im Yasas\u0131&#8217;n\u0131n anti demokratik h\u00fck\u00fcmlerinin de yeni anayasa yap\u0131m s\u00fcrecinde de\u011fi\u015ftirilmesi gerekti\u011fini savunan YARSAV, &#8220;Demokratik hukuk devletinin korunmas\u0131 ve g\u00fc\u00e7lendirilmesi i\u00e7in, siyasetin 12 Eyl\u00fcl kurallar\u0131 ve anlay\u0131\u015f\u0131ndan ar\u0131nd\u0131r\u0131lmadan, \u00e7a\u011fda\u015f demokratik de\u011ferler esas al\u0131narak yap\u0131lmadan ortaya konulacak anayasa yine yeni bir 12 eyl\u00fcl anayasas\u0131 g\u00f6r\u00fcn\u00fcm\u00fc ta\u015f\u0131yacakt\u0131r&#8221; ifadesinde bulunuldu.<\/p>\n<p style=\"text-align: justify;\"><strong>&#8216;YARSAV olarak bu ara\u00e7sall\u0131\u011fa alet olmayaca\u011f\u0131z&#8217;\u00a0<\/strong><\/p>\n<p style=\"text-align: justify;\">Bu ko\u015fullarda yap\u0131lacak anayasan\u0131n yeni elitlerin tasavvur etikleri devlet ve toplum d\u00fczenine uygun form\u00fclasyonlar i\u00e7eren bir metin olmaya aday oldu\u011funu savunan YARSAV anayasa yap\u0131m s\u00fcrecine kat\u0131l\u0131m \u015fartlar\u0131n\u0131 ise \u015f\u00f6yle a\u00e7\u0131klad\u0131lar: &#8220;2010&#8217;da yap\u0131lan anayasa de\u011fi\u015fikli\u011fi sonras\u0131nda ideallerindeki devleti yaratmak ad\u0131na, t\u00fcm toplumun g\u00fcven bunal\u0131m\u0131na d\u00fc\u015f\u00fcr\u00fclerek, halk\u0131 denetleme, g\u00f6zetleme, r\u00f6ntgenleme ve bu yolla anayasal kurumlar ba\u015fta olmak \u00fczere t\u00fcm toplumun sindirilmesi ve susturulmas\u0131 suretiyle hukuka g\u00fcven duygusu azalt\u0131larak korku toplumu yarat\u0131ld\u0131\u011f\u0131 ve demokrasinin olmazsa olmaz\u0131 \u00e7okseslili\u011fin yok edildi\u011fi olgusu apa\u00e7\u0131k ortadayken, samimi olmayan ve sadece kendi kafalar\u0131ndaki ama\u00e7lar\u0131n\u0131 ger\u00e7ekle\u015ftirme niyetiyle kurallar icat etme i\u015finin, toplum s\u00f6zle\u015fmesi niteli\u011findeki Anayasa yap\u0131m\u0131yla yak\u0131ndan uzaktan alakas\u0131 bulunmad\u0131\u011f\u0131ndan YARSAV olarak bu a\u015famada bu t\u00fcr bir ara\u00e7sall\u0131\u011fa alet olmak istemedi\u011fimizi ifade ediyoruz. Bahsetti\u011fimiz sorunlar\u0131n \u00e7\u00f6z\u00fclmesi i\u00e7in irade ortaya konularak demokratik ve \u00f6zg\u00fcrl\u00fck\u00e7\u00fc bir iklimin olu\u015fturulmas\u0131n\u0131n ard\u0131ndan yeni anayasa yap\u0131m\u0131 s\u00fcrecine katk\u0131 sa\u011flayaca\u011f\u0131m\u0131z\u0131 deklare edece\u011fiz.&#8221;<\/p>\n<p style=\"text-align: justify;\"><a href=\"http:\/\/www.cumhuriyet.com.tr\/haber\/diger\/313180\/_Anayasa_yapim_surecinin_yol_emniyeti_yok_.html\" target=\"_blank\">Kaynak : Cumhuriyet Haber Portal\u0131<\/a><\/p>\n","protected":false},"excerpt":{"rendered":"<p style=\"text-align: center;\">\n<p style=\"text-align: justify;\">Yarg\u0131\u00e7 ve Savc\u0131lar Birli\u011fi (YARSAV), otoriter bir zihniyet ve uygulamalar\u0131n\u0131n ba\u015fta yarg\u0131 olmak \u00fczere t\u00fcm kurumlarda yaratt\u0131\u011f\u0131 travman\u0131n artarak devam etti\u011fini ileri s\u00fcrerek bu ortamda evrensel sayg\u0131nl\u0131\u011fa sahip bir anayasa yap\u0131lamayaca\u011f\u0131n\u0131 ileri s\u00fcrd\u00fc. <\/p>\n","protected":false},"author":1,"featured_media":0,"comment_status":"open","ping_status":"open","sticky":false,"template":"","format":"standard","meta":{"footnotes":""},"categories":[105],"tags":[],"class_list":["post-46575","post","type-post","status-publish","format-standard","hentry","category-gundem","odd"],"_links":{"self":[{"href":"http:\/\/www.korhanyilmaz.com\/index.php?rest_route=\/wp\/v2\/posts\/46575","targetHints":{"allow":["GET"]}}],"collection":[{"href":"http:\/\/www.korhanyilmaz.com\/index.php?rest_route=\/wp\/v2\/posts"}],"about":[{"href":"http:\/\/www.korhanyilmaz.com\/index.php?rest_route=\/wp\/v2\/types\/post"}],"author":[{"embeddable":true,"href":"http:\/\/www.korhanyilmaz.com\/index.php?rest_route=\/wp\/v2\/users\/1"}],"replies":[{"embeddable":true,"href":"http:\/\/www.korhanyilmaz.com\/index.php?rest_route=%2Fwp%2Fv2%2Fcomments&post=46575"}],"version-history":[{"count":0,"href":"http:\/\/www.korhanyilmaz.com\/index.php?rest_route=\/wp\/v2\/posts\/46575\/revisions"}],"wp:attachment":[{"href":"http:\/\/www.korhanyilmaz.com\/index.php?rest_route=%2Fwp%2Fv2%2Fmedia&parent=46575"}],"wp:term":[{"taxonomy":"category","embeddable":true,"href":"http:\/\/www.korhanyilmaz.com\/index.php?rest_route=%2Fwp%2Fv2%2Fcategories&post=46575"},{"taxonomy":"post_tag","embeddable":true,"href":"http:\/\/www.korhanyilmaz.com\/index.php?rest_route=%2Fwp%2Fv2%2Ftags&post=46575"}],"curies":[{"name":"wp","href":"https:\/\/api.w.org\/{rel}","templated":true}]}}