{"id":46571,"date":"2012-01-16T23:04:16","date_gmt":"2012-01-16T21:04:16","guid":{"rendered":"http:\/\/www.korhanyilmaz.com\/?p=46571"},"modified":"2012-01-17T00:06:43","modified_gmt":"2012-01-16T22:06:43","slug":"tutukluluguna-itiraza-ret","status":"publish","type":"post","link":"http:\/\/www.korhanyilmaz.com\/?p=46571","title":{"rendered":"Tutuklulu\u011funa itiraza ret"},"content":{"rendered":"<p style=\"text-align: center;\"><a href=\"http:\/\/www.korhanyilmaz.com\/wp-content\/uploads\/2012\/01\/9217.jpg\"  class=\"lightview\"><img loading=\"lazy\" decoding=\"async\" class=\"aligncenter  wp-image-46572\" src=\"http:\/\/www.korhanyilmaz.com\/wp-content\/uploads\/2012\/01\/9217.jpg\" alt=\"\" width=\"322\" height=\"241\" \/><\/a><\/p>\n<p style=\"text-align: justify;\">Eski Genelkurmay Ba\u015fkan\u0131 emekli Orgeneral \u0130lker Ba\u015fbu\u011f&#8217;un tutuklulu\u011funa yap\u0131lan itiraz, tutuklamay\u0131 ger\u00e7ekle\u015ftiren \u0130stanbul 12. A\u011f\u0131r Ceza Mahkemesi hakimli\u011fince reddedildi.<\/p>\n<p style=\"text-align: justify;\">\u0130stanbul- Eski Genelkurmay Ba\u015fkan\u0131 emekli Orgeneral \u0130lker Ba\u015fbu\u011f&#8217;un, &#8221;\u0130rtica ile M\u00fccadele Eylem Plan\u0131&#8221; davas\u0131 kapsam\u0131nda yer alan iddialara ili\u015fkin hakk\u0131nda ba\u015flat\u0131lan soru\u015fturma \u00e7er\u00e7evesinde tutuklanmas\u0131na yap\u0131lan itiraz, tutuklamay\u0131 ger\u00e7ekle\u015ftiren \u0130stanbul 12. A\u011f\u0131r Ceza Mahkemesi hakimli\u011fince reddedilerek, talebin de\u011ferlendirilmesi i\u00e7in ayn\u0131 mahkemenin heyetine g\u00f6nderildi.\u00a0<!--more--><\/p>\n<p style=\"text-align: justify;\">N\u00f6bet\u00e7i oldu\u011fu ge\u00e7en hafta Ba\u015fbu\u011f&#8217;un tutuklanma karar\u0131n\u0131 veren \u0130stanbul 12. A\u011f\u0131r Ceza Mahkemesi n\u00f6bet\u00e7i hakimi Vedat Dalda, Ba\u015fbu\u011f&#8217;un avukat\u0131 \u0130lkay Sezer taraf\u0131ndan, &#8221;hakk\u0131nda verilen tutuklama karar\u0131n\u0131n g\u00f6zden ge\u00e7irilerek Ba\u015fbu\u011f&#8217;un tahliye edilmesi&#8221; talebini i\u00e7erir 12 Ocak 2012 tarihli dilek\u00e7eyi de\u011ferlendirdi.<\/p>\n<p style=\"text-align: justify;\">Hakim Vedat Dalda, \u015f\u00fcpheli Ba\u015fbu\u011f&#8217;un \u0130stanbul Cumhuriyet Ba\u015fsavc\u0131 Vekilli\u011fince y\u00fcr\u00fct\u00fclen soru\u015fturma kapsam\u0131nda 6 Ocak&#8217;ta tutuklanmas\u0131 karar\u0131na avukat\u0131 \u0130lkay Sezer taraf\u0131ndan 12 Ocak 2012 tarihinde verilen bir dilek\u00e7eyle itiraz edildi\u011fini hat\u0131rlatarak, bu itiraz \u00fczerine bir kez daha inceleme yap\u0131larak karar verilmek \u00fczere, Cumhuriyet Ba\u015fsavc\u0131l\u0131\u011f\u0131ndan soru\u015fturma dosyas\u0131yla birlikte m\u00fctalaan\u0131n da istendi\u011fini bildirdi.<\/p>\n<p style=\"text-align: justify;\">Ba\u015fbu\u011f hakk\u0131nda toplanan deliller, su\u00e7lar\u0131n vas\u0131f ve mahiyeti, \u00fczerine at\u0131l\u0131 su\u00e7lar\u0131 i\u015fledi\u011fine ili\u015fkin kuvvetli su\u00e7 \u015f\u00fcphesinin varl\u0131\u011f\u0131n\u0131 g\u00f6steren olgular\u0131n varl\u0131\u011f\u0131n\u0131n halen devam ediyor olmas\u0131 gibi nedenlerle yap\u0131lan itiraz\u0131n mahkemece yerinde g\u00f6r\u00fclmedi\u011fini ifade eden hakim Dalda, yap\u0131lan itiraz \u00fczerinde bir karar verilmek \u00fczere dosyan\u0131n t\u00fcm ekleriyle birlikte \u0130stanbul 12. A\u011f\u0131r Ceza Mahkemesi heyetine g\u00f6nderilmesine h\u00fckmetti.<\/p>\n<p style=\"text-align: justify;\"><a href=\"http:\/\/www.cumhuriyet.com.tr\/?hn=308176&amp;kw=Tutuklulu%F0una+itiraza+ret\" target=\"_blank\">Kaynak : Cumhuriyet Haber Portal\u0131<\/a><\/p>\n","protected":false},"excerpt":{"rendered":"<p style=\"text-align: center;\">\n<p style=\"text-align: justify;\">Eski Genelkurmay Ba\u015fkan\u0131 emekli Orgeneral \u0130lker Ba\u015fbu\u011f&#8217;un tutuklulu\u011funa yap\u0131lan itiraz, tutuklamay\u0131 ger\u00e7ekle\u015ftiren \u0130stanbul 12. A\u011f\u0131r Ceza Mahkemesi hakimli\u011fince reddedildi.<\/p>\n<p style=\"text-align: justify;\">\u0130stanbul- Eski Genelkurmay Ba\u015fkan\u0131 emekli Orgeneral \u0130lker Ba\u015fbu\u011f&#8217;un, &#8221;\u0130rtica ile M\u00fccadele Eylem Plan\u0131&#8221; davas\u0131 kapsam\u0131nda yer alan iddialara ili\u015fkin hakk\u0131nda ba\u015flat\u0131lan soru\u015fturma \u00e7er\u00e7evesinde tutuklanmas\u0131na yap\u0131lan itiraz, tutuklamay\u0131 ger\u00e7ekle\u015ftiren \u0130stanbul <\/p>\n","protected":false},"author":1,"featured_media":0,"comment_status":"open","ping_status":"open","sticky":false,"template":"","format":"standard","meta":{"footnotes":""},"categories":[105],"tags":[],"class_list":["post-46571","post","type-post","status-publish","format-standard","hentry","category-gundem","odd"],"_links":{"self":[{"href":"http:\/\/www.korhanyilmaz.com\/index.php?rest_route=\/wp\/v2\/posts\/46571","targetHints":{"allow":["GET"]}}],"collection":[{"href":"http:\/\/www.korhanyilmaz.com\/index.php?rest_route=\/wp\/v2\/posts"}],"about":[{"href":"http:\/\/www.korhanyilmaz.com\/index.php?rest_route=\/wp\/v2\/types\/post"}],"author":[{"embeddable":true,"href":"http:\/\/www.korhanyilmaz.com\/index.php?rest_route=\/wp\/v2\/users\/1"}],"replies":[{"embeddable":true,"href":"http:\/\/www.korhanyilmaz.com\/index.php?rest_route=%2Fwp%2Fv2%2Fcomments&post=46571"}],"version-history":[{"count":0,"href":"http:\/\/www.korhanyilmaz.com\/index.php?rest_route=\/wp\/v2\/posts\/46571\/revisions"}],"wp:attachment":[{"href":"http:\/\/www.korhanyilmaz.com\/index.php?rest_route=%2Fwp%2Fv2%2Fmedia&parent=46571"}],"wp:term":[{"taxonomy":"category","embeddable":true,"href":"http:\/\/www.korhanyilmaz.com\/index.php?rest_route=%2Fwp%2Fv2%2Fcategories&post=46571"},{"taxonomy":"post_tag","embeddable":true,"href":"http:\/\/www.korhanyilmaz.com\/index.php?rest_route=%2Fwp%2Fv2%2Ftags&post=46571"}],"curies":[{"name":"wp","href":"https:\/\/api.w.org\/{rel}","templated":true}]}}