{"id":46566,"date":"2012-01-16T23:14:10","date_gmt":"2012-01-16T21:14:10","guid":{"rendered":"http:\/\/www.korhanyilmaz.com\/?p=46566"},"modified":"2012-01-16T23:25:17","modified_gmt":"2012-01-16T21:25:17","slug":"focada-askeri-egitim-ucagi-dustu","status":"publish","type":"post","link":"http:\/\/www.korhanyilmaz.com\/?p=46566","title":{"rendered":"Fo\u00e7a&#8217;da askeri e\u011fitim u\u00e7a\u011f\u0131 d\u00fc\u015ft\u00fc"},"content":{"rendered":"<p style=\"text-align: justify;\"><a href=\"http:\/\/www.korhanyilmaz.com\/wp-content\/uploads\/2012\/01\/9216.jpg\"  class=\"lightview\"><img loading=\"lazy\" decoding=\"async\" class=\"aligncenter size-full wp-image-46567\" title=\"\" src=\"http:\/\/www.korhanyilmaz.com\/wp-content\/uploads\/2012\/01\/9216.jpg\" alt=\"\" width=\"292\" height=\"224\" \/><\/a><\/p>\n<p style=\"text-align: justify;\">Genelkurmay Ba\u015fkanl\u0131\u011f\u0131, Alia\u011fa K\u00f6rfezi a\u00e7\u0131klar\u0131nda e\u011fitim u\u00e7u\u015fu yapmakta olan Hava Kuvvetleri Komutanl\u0131\u011f\u0131&#8217;na ait bir u\u00e7aktan haber al\u0131namad\u0131\u011f\u0131n\u0131, u\u00e7aktaki iki personeli arama kurtarma \u00e7al\u0131\u015fmalar\u0131n\u0131n havadan ve denizden yo\u011fun olarak devam etti\u011fini bildirdi.<\/p>\n<p style=\"text-align: justify;\">Fo\u00e7a ve Yenifo\u00e7a Beldesi aras\u0131ndaki Aslanburnu Mevkii a\u00e7\u0131klar\u0131nda bal\u0131k\u00e7\u0131lar saat 16.45 s\u0131ralar\u0131nda denize do\u011fru bir cismin d\u00fc\u015ft\u00fc\u011f\u00fcn\u00fc bildirdi.\u00a0<!--more--><\/p>\n<p style=\"text-align: justify;\">Bunun \u00fczerine Sahil G\u00fcvenlik botlar\u0131 ve \u0130zmir&#8217;deki Sivil Savunma&#8217;ya ba\u011fl\u0131 kurtarma ekipleriyle askeri kurtarma ekipleri b\u00f6lgeye hareket etti.<\/p>\n<p style=\"text-align: justify;\">Arama \u00e7al\u0131\u015fmalar\u0131 s\u00fcrerken, karanl\u0131kta denizde yap\u0131lan aramalarda u\u00e7a\u011fa ait oldu\u011fu belirtilen baz\u0131 par\u00e7alar\u0131n bulundu.<\/p>\n<p style=\"text-align: justify;\">B\u00f6lgedeki bal\u0131k\u00e7\u0131lar, kazay\u0131 bildirirken, u\u00e7a\u011f\u0131n bir kanad\u0131n\u0131n k\u0131r\u0131ld\u0131\u011f\u0131n\u0131 ve ard\u0131ndan alev ald\u0131\u011f\u0131n\u0131 belirtti.<\/p>\n<p style=\"text-align: justify;\">\u0130zmir Valisi Cahit K\u0131ra\u00e7 da T- 37 tipi bir askeri e\u011fitim u\u00e7a\u011f\u0131n\u0131n kay\u0131p oldu\u011funun kendisine bildirildi\u011fini s\u00f6yledi, &#8220;B\u00f6lgedeki g\u00f6rg\u00fc tan\u0131klar\u0131 da denize bir cismin d\u00fc\u015ft\u00fc\u011f\u00fcn\u00fc s\u00f6yledi. Askeri ve sivil yetkililerin b\u00f6lgede yapt\u0131\u011f\u0131 aramalarda \u015fu ana kadar bir bulguya rastlanamad\u0131&#8221; dedi.<\/p>\n<p style=\"text-align: justify;\">Resmi olmayan kaynaklardan al\u0131nan bilgiye g\u00f6re ise d\u00fc\u015ft\u00fc\u011f\u00fc bildirilen askeri e\u011fitim u\u00e7a\u011f\u0131nda bir e\u011fitmen T\u00fcrk subayla, Pakistanl\u0131 pilot \u00f6\u011frencinin bulundu\u011fu \u00f6\u011frenildi.<\/p>\n<p style=\"text-align: justify;\"><strong>Genelkurmay&#8217;dan a\u00e7\u0131klama\u00a0<\/strong><\/p>\n<p style=\"text-align: justify;\">Genelkurmay Ba\u015fkanl\u0131\u011f\u0131 konuyla ilgili a\u00e7\u0131klama yapt\u0131. Haberde &#8220;Alia\u011fa K\u00f6rfezi a\u00e7\u0131klar\u0131nda e\u011fitim u\u00e7u\u015fu yapmakta olan Hava Kuvvetleri Komutanl\u0131\u011f\u0131na ait bir adet T-37C u\u00e7a\u011f\u0131ndan 16:05&#8217;ten itibaren haber al\u0131namamaktad\u0131r. Haber al\u0131namayan u\u00e7akta bulunan iki u\u00e7ucu personel ile ilgili arama-kurtarma \u00e7al\u0131\u015fmalar\u0131 havadan ve denizden yo\u011fun olarak devam etmektedir&#8221; denildi.<\/p>\n<p style=\"text-align: justify;\"><a href=\"http:\/\/www.cnnturk.com\/2012\/turkiye\/01\/16\/focada.askeri.egitim.ucagi.dustu\/645095.0\/index.html\" target=\"_blank\">Kaynak : CNN T\u00dcRK<\/a><\/p>\n","protected":false},"excerpt":{"rendered":"<p style=\"text-align: justify;\">\n<p style=\"text-align: justify;\">Genelkurmay Ba\u015fkanl\u0131\u011f\u0131, Alia\u011fa K\u00f6rfezi a\u00e7\u0131klar\u0131nda e\u011fitim u\u00e7u\u015fu yapmakta olan Hava Kuvvetleri Komutanl\u0131\u011f\u0131&#8217;na ait bir u\u00e7aktan haber al\u0131namad\u0131\u011f\u0131n\u0131, u\u00e7aktaki iki personeli arama kurtarma \u00e7al\u0131\u015fmalar\u0131n\u0131n havadan ve denizden yo\u011fun olarak devam etti\u011fini bildirdi.<\/p>\n<p style=\"text-align: justify;\">Fo\u00e7a ve Yenifo\u00e7a Beldesi aras\u0131ndaki Aslanburnu Mevkii a\u00e7\u0131klar\u0131nda bal\u0131k\u00e7\u0131lar saat 16.45 s\u0131ralar\u0131nda denize do\u011fru bir cismin d\u00fc\u015ft\u00fc\u011f\u00fcn\u00fc <\/p>\n","protected":false},"author":1,"featured_media":0,"comment_status":"open","ping_status":"open","sticky":false,"template":"","format":"standard","meta":{"footnotes":""},"categories":[105],"tags":[],"class_list":["post-46566","post","type-post","status-publish","format-standard","hentry","category-gundem","odd"],"_links":{"self":[{"href":"http:\/\/www.korhanyilmaz.com\/index.php?rest_route=\/wp\/v2\/posts\/46566","targetHints":{"allow":["GET"]}}],"collection":[{"href":"http:\/\/www.korhanyilmaz.com\/index.php?rest_route=\/wp\/v2\/posts"}],"about":[{"href":"http:\/\/www.korhanyilmaz.com\/index.php?rest_route=\/wp\/v2\/types\/post"}],"author":[{"embeddable":true,"href":"http:\/\/www.korhanyilmaz.com\/index.php?rest_route=\/wp\/v2\/users\/1"}],"replies":[{"embeddable":true,"href":"http:\/\/www.korhanyilmaz.com\/index.php?rest_route=%2Fwp%2Fv2%2Fcomments&post=46566"}],"version-history":[{"count":0,"href":"http:\/\/www.korhanyilmaz.com\/index.php?rest_route=\/wp\/v2\/posts\/46566\/revisions"}],"wp:attachment":[{"href":"http:\/\/www.korhanyilmaz.com\/index.php?rest_route=%2Fwp%2Fv2%2Fmedia&parent=46566"}],"wp:term":[{"taxonomy":"category","embeddable":true,"href":"http:\/\/www.korhanyilmaz.com\/index.php?rest_route=%2Fwp%2Fv2%2Fcategories&post=46566"},{"taxonomy":"post_tag","embeddable":true,"href":"http:\/\/www.korhanyilmaz.com\/index.php?rest_route=%2Fwp%2Fv2%2Ftags&post=46566"}],"curies":[{"name":"wp","href":"https:\/\/api.w.org\/{rel}","templated":true}]}}