{"id":46562,"date":"2012-01-16T22:42:00","date_gmt":"2012-01-16T20:42:00","guid":{"rendered":"http:\/\/www.korhanyilmaz.com\/?p=46562"},"modified":"2012-01-16T23:21:52","modified_gmt":"2012-01-16T21:21:52","slug":"intibak-yasasi-tbmmye-geliyor","status":"publish","type":"post","link":"http:\/\/www.korhanyilmaz.com\/?p=46562","title":{"rendered":"&#8220;\u0130ntibak Yasas\u0131&#8221; TBMM&#8217;ye geliyor"},"content":{"rendered":"<p style=\"text-align: center;\"><a href=\"http:\/\/www.korhanyilmaz.com\/wp-content\/uploads\/2012\/01\/9215.jpg\"  class=\"lightview\"><img loading=\"lazy\" decoding=\"async\" class=\"aligncenter  wp-image-46563\" src=\"http:\/\/www.korhanyilmaz.com\/wp-content\/uploads\/2012\/01\/9215.jpg\" alt=\"\" width=\"306\" height=\"235\" \/><\/a><\/p>\n<p style=\"text-align: justify;\">H\u00fck\u00fcmet S\u00f6zc\u00fcs\u00fc B\u00fclent Ar\u0131n\u00e7, Bakanlar Kurulu&#8217;nun, kamuoyunda &#8220;\u0130ntibak Yasas\u0131&#8221; olarak bilinen, 2000 y\u0131l\u0131 \u00f6ncesinde emekli maa\u015f\u0131 ba\u011flananlar\u0131 ilgilendiren d\u00fczenlemeyle ilgili refah pay\u0131n\u0131n y\u00fczde 75 olarak belirledi\u011fini, bundan 1 milyon 913 bin ki\u015finin istifade edece\u011fini bildirdi.<!--more--><\/p>\n<p style=\"text-align: justify;\">Ar\u0131n\u00e7, Bakanlar Kurulu toplant\u0131s\u0131ndan sonra yapt\u0131\u011f\u0131 a\u00e7\u0131klamada, kamuoyunda &#8220;\u0130ntibak Yasas\u0131&#8221; olarak bilinen, 2000 y\u0131l\u0131 \u00f6ncesinde emekli maa\u015f\u0131 ba\u011flananlar\u0131 ilgilendiren d\u00fczenlemenin TBMM&#8217;ye sevk edilmesinin kararla\u015ft\u0131r\u0131ld\u0131\u011f\u0131n\u0131 bildirdi.<\/p>\n<p style=\"text-align: justify;\">&#8220;Yap\u0131lan m\u00fczakereler sonunda en \u00e7ok ki\u015finin istifade edebilece\u011fi ve en y\u00fcksek oranda art\u0131\u015f yap\u0131lmas\u0131 kabul edilmi\u015ftir. Bu art\u0131\u015f y\u00fczde 75 olarak Bakanlar Kurulumuzda kabul edilmi\u015ftir&#8221; diyen Ar\u0131n\u00e7, refah pay\u0131n\u0131n y\u00fczde 75 olarak uygulanmas\u0131 karar\u0131 al\u0131nan d\u00fczenlemeden 1 milyon 913 bin ki\u015finin istifade edece\u011fini belirtti.<\/p>\n<p style=\"text-align: justify;\">B\u00fclent Ar\u0131n\u00e7, kamuoyunda \u0130ntibak Yasas\u0131 olarak bilinen tasar\u0131n\u0131n Bakanlar Kurulu&#8217;nda imzaya a\u00e7\u0131ld\u0131\u011f\u0131n\u0131 ve TBMM&#8217;ye sevk edilece\u011fini bildirdi.<\/p>\n<p style=\"text-align: justify;\">Daha iyi anla\u015f\u0131lmas\u0131 i\u00e7in baz\u0131 konular\u0131 ifade etmek istedi\u011fini belirten Bakan Ar\u0131n\u00e7, \u015fu anda T\u00fcrkiye&#8217;de &#8220;SSK emeklileri, SSK tar\u0131m emeklileri, BA\u011e-KUR emeklileri, BA\u011e-KUR tar\u0131m emeklileri ve memur emeklileri&#8221; olmak \u00fczere maa\u015f alan guruplar bulundu\u011funu s\u00f6yledi.<\/p>\n<p style=\"text-align: justify;\">Bu kategoriler i\u00e7erisinde, 9 milyon 928 bin 960 ki\u015finin emekli maa\u015f\u0131 ald\u0131\u011f\u0131n\u0131 ifade eden Ar\u0131n\u00e7, \u015f\u00f6yle konu\u015ftu: &#8220;Bunlardan SSK emeklisi ki bunlar da ya\u015fl\u0131l\u0131k, malull\u00fck, i\u015f kazas\u0131 geliri, i\u015f kazas\u0131 \u00f6l\u00fcm geliri olarak ayr\u0131 kategorilerde de\u011ferlendirilmektedir. SSK&#8217;dan en \u00e7ok ya\u015fl\u0131l\u0131k t\u00fcr\u00fc emekli maa\u015f\u0131 alanlar vard\u0131r. Bunlar\u0131n say\u0131s\u0131 4 milyondan fazlad\u0131r. Malull\u00fck 66 bin 689 ki\u015fi, \u00f6l\u00fcm ayl\u0131\u011f\u0131 alan 1,5 milyon, i\u015f kazas\u0131 geliri 58 bin, i\u015f kazas\u0131 \u00f6l\u00fcm geliri 78 bin civar\u0131nda. Toplam SSK t\u00fcr\u00fcnden emekli maa\u015f\u0131 alan 5 milyon 727 bin 783 ki\u015fi bulunmaktad\u0131r. SSK tar\u0131m emeklisi 49 bin 383, Ba\u011fkur emeklisi 1 milyon 760 bin 872, Ba\u011fkur tar\u0131m emeklisi 534 bin 157, memur emeklisi de 1 milyon 856 bin 765. B\u00f6ylece 9 milyon 928 bin 960 ki\u015fiye emekli ayl\u0131\u011f\u0131 \u00f6denmektedir. 2011 y\u0131l\u0131nda bu ki\u015filere emekli ayl\u0131\u011f\u0131 \u00f6demesi 91 milyar 600 milyondur. Yani 92 katrilyona yak\u0131n 10 milyon civar\u0131ndaki emeklimize maa\u015f \u00f6demesi yap\u0131lmaktad\u0131r.&#8221;<\/p>\n<p style=\"text-align: justify;\"><strong>19 May\u0131s tart\u0131\u015fmas\u0131\u00a0<\/strong><\/p>\n<p style=\"text-align: justify;\">Ar\u0131n\u00e7, Bakanlar Kurulu toplant\u0131s\u0131na ili\u015fkin a\u00e7\u0131klamalarda bulundu ve gazetecilerin sorular\u0131n\u0131 yan\u0131tlad\u0131.<\/p>\n<p style=\"text-align: justify;\">Ar\u0131n\u00e7, &#8220;Milli E\u011fitim Bakanl\u0131\u011f\u0131n\u0131n yay\u0131nlad\u0131\u011f\u0131 genelgeyle ba\u015flayan bir tart\u0131\u015fma var 19 may\u0131s ile ilgili olarak muhalefetten tepkiler var, art niyetli bir uygulama olarak yorumlan\u0131yor. Siz bu tart\u0131\u015fmay\u0131 nas\u0131l de\u011ferlendiriyorsunuz? Bu noktada \u00c7ankaya&#8217;dan a\u00e7\u0131klama geldi, di\u011fer resmi bayramlarda da b\u00f6yle de\u011fi\u015fiklikler \u00f6ng\u00f6r\u00fclebilir mi?&#8221; sorusuna \u015fu yan\u0131t\u0131 verdi:<\/p>\n<p style=\"text-align: justify;\">&#8220;Cumhurba\u015fkanl\u0131\u011f\u0131ndan yap\u0131lan a\u00e7\u0131klaman\u0131n yan\u0131nda biliyorsunuz Milli E\u011fitim Bakan\u0131m\u0131z\u0131n da ilgili bakanlar\u0131n da konu\u015fmalar\u0131yla g\u00fcndeme ta\u015f\u0131nd\u0131. Bu konu \u00fczerinde Milli E\u011fitim Bakan\u0131m\u0131z Bakanlar Kuruluna bilgi sundu. Bakanlar\u0131m\u0131z\u0131n da katk\u0131lar\u0131 oldu. En az\u0131ndan yapt\u0131\u011f\u0131 a\u00e7\u0131klamalar ger\u00e7ektir. Bu bayramlar\u0131n kutlanmamas\u0131 de\u011fil, bu bayramlar bizim \u00f6v\u00fcn\u00e7 kayna\u011f\u0131m\u0131zd\u0131r. Bunlar\u0131n mutlaka, sevin\u00e7le, co\u015fku ile b\u00fcy\u00fck bir kat\u0131l\u0131mla kutlanmas\u0131 gerekir.<\/p>\n<p style=\"text-align: justify;\">Elbette baz\u0131 \u00f6neriler ve teklifler olmu\u015ftur. Bu \u00f6neriler ve teklifler bu bayramlar\u0131 yok sayan de\u011fil, bu bayramlar\u0131 daha \u00e7ok \u00f6\u011frencinin, daha \u00e7ok halk\u0131n en \u00fcst d\u00fczeyde kat\u0131l\u0131m\u0131yla yap\u0131labilecek bir normal \u015fekline ula\u015ft\u0131rma \u00e7abas\u0131d\u0131r. Ancak bug\u00fcnk\u00fc g\u00f6r\u00fc\u015fmeler sonunda Milli E\u011fitim Bakan\u0131m\u0131z\u0131n bu konuyla ilgili daha ayr\u0131nt\u0131l\u0131 bir a\u00e7\u0131klama yapmas\u0131 d\u00fc\u015f\u00fcn\u00fcl\u00fcyor. Say\u0131n Bakan\u0131m\u0131z zannediyorum en k\u0131sa zamanda yanl\u0131\u015f anla\u015f\u0131labilecek konular\u0131 tamir edecek veyahut da daha a\u00e7\u0131k bir \u015fekilde kamuoyuna yans\u0131tacak bir a\u00e7\u0131klamay\u0131 yapacakt\u0131r. Muhalefetin do\u011frusu i\u015fin esas\u0131na y\u00f6nelik bir ele\u015ftirisi yok, onlar her zaman oldu\u011fu gibi meseleye ideolojik bakarak bunu ele\u015ftirmek yolunu se\u00e7tiler.<\/p>\n<p style=\"text-align: justify;\">Ne a\u00e7\u0131klamadan, genelgeden ne bu konunu \u00f6z\u00fcne inmekten hi\u00e7 bahsetmediler. Muhalefetin ne olursa olsun, AK Parti&#8217;den gelen bir uygulamay\u0131 veya bir tavsiyeyi k\u00f6t\u00fc yorumlamas\u0131 veya olumsuz nitelendirmesi bug\u00fcne kadar hepimizin \u00fcz\u00fcld\u00fc\u011f\u00fc bir konudur. Bir yanl\u0131\u015f anlama varsa bunu Say\u0131n Milli E\u011fitim Bakan\u0131m\u0131z en k\u0131sa zamanda kamuoyuna a\u00e7\u0131klayacakt\u0131r.&#8221;<\/p>\n<p style=\"text-align: justify;\"><strong>Uludere olay\u0131\u00a0<\/strong><\/p>\n<p style=\"text-align: justify;\">Uludere&#8217;de meydana gelen olayda ya\u015fam\u0131n\u0131 yitirenlerin yak\u0131nlar\u0131na \u00f6denecek tazminat\u0131n miktar\u0131na ili\u015fkin soruyu yan\u0131tlarken de Ba\u015fbakan Yard\u0131mc\u0131s\u0131 Ar\u0131n\u00e7, \u015fu bilgileri verdi: &#8220;Zaten s\u00fcrekli g\u00fcndemimizde var. Tazminat konusunda daha \u00f6nce yap\u0131lan a\u00e7\u0131klamada bendeniz de en k\u0131sa s\u00fcrede bunun kanunlar \u00e7er\u00e7evesinde hak sahiplerine verilece\u011fini ifade etmi\u015ftim. Tabii yine bunun \u00fczerine birtak\u0131m spek\u00fclasyonlar yap\u0131ld\u0131. Olay\u0131n insani boyutuna de\u011fil, olay\u0131n ideolojik boyutuna vurgu yapan birtak\u0131m ele\u015ftirmeler oldu. Kim ne derse desin bu konuda bir kanun var. Bu kanun uygulamas\u0131 i\u00e7inde \u00f6lenlerin belki birinci derecede yak\u0131nlar\u0131n\u0131 kendileriyle g\u00f6r\u00fc\u015ferek bu tazminat taktim edilecektir.<\/p>\n<p style=\"text-align: justify;\">Ancak \u015funu unutmayal\u0131m; ge\u00e7mi\u015fte de buna benzer olaylar olmu\u015ftur. E\u011fer kanundaki limitlere ba\u011fl\u0131 kal\u0131nsa, bunun bir de A\u0130HM boyutu veya adli yarg\u0131da bunun daha \u00fcst\u00fcnde bir tazminat isteme talepleri de olabilir. Dolay\u0131s\u0131yla ge\u00e7mi\u015fte buna benzer olaylarda mahkemelerin takdir etti\u011fi tazminat tutarlar\u0131 da dikkate al\u0131narak miktar belirlenecektir. Yani kanundaki limitin herhalde alt\u0131nda olmayacak ama mahkeme kararlar\u0131 dikkate al\u0131narak bu konuda bir tazminat belirlemesine gidilecektir. Olayla Say\u0131n Ba\u015fbakan Yard\u0131mc\u0131m\u0131z Be\u015fir Atalay bizzat ilgilenmektedir, \u0130\u00e7i\u015fleri ve Milli Savunma Bakanlar\u0131m\u0131zla koordineli bir bi\u00e7imde&#8230;&#8221;<\/p>\n<p style=\"text-align: justify;\"><a href=\"http:\/\/www.cnnturk.com\/2012\/ekonomi\/genel\/01\/16\/intibak.yasasi.tbmmye.geliyor\/645101.0\/index.html\" target=\"_blank\">Kaynak : CNN T\u00dcRK<\/a><\/p>\n","protected":false},"excerpt":{"rendered":"<p style=\"text-align: center;\">\n<p style=\"text-align: justify;\">H\u00fck\u00fcmet S\u00f6zc\u00fcs\u00fc B\u00fclent Ar\u0131n\u00e7, Bakanlar Kurulu&#8217;nun, kamuoyunda &#8220;\u0130ntibak Yasas\u0131&#8221; olarak bilinen, 2000 y\u0131l\u0131 \u00f6ncesinde emekli maa\u015f\u0131 ba\u011flananlar\u0131 ilgilendiren d\u00fczenlemeyle ilgili refah pay\u0131n\u0131n y\u00fczde 75 olarak belirledi\u011fini, bundan 1 milyon 913 bin ki\u015finin istifade edece\u011fini bildirdi.<\/p>\n","protected":false},"author":1,"featured_media":0,"comment_status":"open","ping_status":"open","sticky":false,"template":"","format":"standard","meta":{"footnotes":""},"categories":[105],"tags":[],"class_list":["post-46562","post","type-post","status-publish","format-standard","hentry","category-gundem","odd"],"_links":{"self":[{"href":"http:\/\/www.korhanyilmaz.com\/index.php?rest_route=\/wp\/v2\/posts\/46562","targetHints":{"allow":["GET"]}}],"collection":[{"href":"http:\/\/www.korhanyilmaz.com\/index.php?rest_route=\/wp\/v2\/posts"}],"about":[{"href":"http:\/\/www.korhanyilmaz.com\/index.php?rest_route=\/wp\/v2\/types\/post"}],"author":[{"embeddable":true,"href":"http:\/\/www.korhanyilmaz.com\/index.php?rest_route=\/wp\/v2\/users\/1"}],"replies":[{"embeddable":true,"href":"http:\/\/www.korhanyilmaz.com\/index.php?rest_route=%2Fwp%2Fv2%2Fcomments&post=46562"}],"version-history":[{"count":0,"href":"http:\/\/www.korhanyilmaz.com\/index.php?rest_route=\/wp\/v2\/posts\/46562\/revisions"}],"wp:attachment":[{"href":"http:\/\/www.korhanyilmaz.com\/index.php?rest_route=%2Fwp%2Fv2%2Fmedia&parent=46562"}],"wp:term":[{"taxonomy":"category","embeddable":true,"href":"http:\/\/www.korhanyilmaz.com\/index.php?rest_route=%2Fwp%2Fv2%2Fcategories&post=46562"},{"taxonomy":"post_tag","embeddable":true,"href":"http:\/\/www.korhanyilmaz.com\/index.php?rest_route=%2Fwp%2Fv2%2Ftags&post=46562"}],"curies":[{"name":"wp","href":"https:\/\/api.w.org\/{rel}","templated":true}]}}