{"id":46558,"date":"2012-01-16T22:38:10","date_gmt":"2012-01-16T20:38:10","guid":{"rendered":"http:\/\/www.korhanyilmaz.com\/?p=46558"},"modified":"2012-01-16T23:25:53","modified_gmt":"2012-01-16T21:25:53","slug":"hakkini-helal-ettin-mi","status":"publish","type":"post","link":"http:\/\/www.korhanyilmaz.com\/?p=46558","title":{"rendered":"Hakk\u0131n\u0131 helal ettin mi?"},"content":{"rendered":"<p style=\"text-align: center;\"><a href=\"http:\/\/www.korhanyilmaz.com\/wp-content\/uploads\/2012\/01\/9214.jpg\"  class=\"lightview\"><img loading=\"lazy\" decoding=\"async\" class=\"aligncenter  wp-image-46559\" src=\"http:\/\/www.korhanyilmaz.com\/wp-content\/uploads\/2012\/01\/9214.jpg\" alt=\"\" width=\"308\" height=\"274\" \/><\/a><\/p>\n<p style=\"text-align: justify;\"><strong>M\u00fcmk\u00fcn olsa da imam, Denkta\u015f\u2019a sorabilse&#8230;<\/strong><\/p>\n<p style=\"text-align: justify;\">Bug\u00fcn cenaze t\u00f6renine kat\u0131larak Denkta\u015f\u2019\u0131 \u00f6vmek zorunda kalacak olan birtak\u0131m \u00f6nemli (!) zevat zaman\u0131nda \u201cVer kurtul\u201d bask\u0131s\u0131na boyun e\u011fmedi\u011fi i\u00e7in kendisini lin\u00e7 etmeye kalk\u0131\u015fm\u0131\u015ft\u0131.<\/p>\n<p style=\"text-align: justify;\"><strong>\u015eimdi g\u00f6zya\u015f\u0131 d\u00f6kecekler<\/strong><\/p>\n<p style=\"text-align: justify;\">Bug\u00fcn topra\u011fa verilecek olan KKTC Kurucu Cumhurba\u015fkan\u0131 Rauf Denkta\u015f, 2002-2006 aras\u0131 Annan Plan\u0131\u2019na kar\u015f\u0131 \u00e7\u0131kt\u0131\u011f\u0131 i\u00e7in \u201cYes be annem\u201d cilerin boy hedefi haline gelmi\u015fti. B\u00f6l\u00fcc\u00fclerden yanda\u015f bas\u0131na dek, herkes ona sald\u0131rm\u0131\u015ft\u0131.<!--more--><\/p>\n<p style=\"text-align: justify;\"><strong>S\u00f6ylemedikleri kalmam\u0131\u015ft\u0131<\/strong><\/p>\n<p style=\"text-align: justify;\">Her t\u00fcrl\u00fc ele\u015ftiri s\u0131n\u0131r\u0131n\u0131 a\u015fan bu kesimler, Denkta\u015f\u2019a hakaretler ya\u011fd\u0131r\u0131p lin\u00e7 operasyonuna soyunmu\u015ftu. \u015eimdi dava adam\u0131 olarak \u00f6vd\u00fckleri Denkta\u015f\u2019\u0131n ne ahlaks\u0131zl\u0131\u011f\u0131 kalm\u0131\u015ft\u0131, ne pi\u015fkinli\u011fi&#8230; Denkta\u015f, AKP\u2019nin de hedefindeki isim olmu\u015ftu.<\/p>\n<p style=\"text-align: justify;\"><strong>Denkta\u015f ad\u0131 tarihe kaz\u0131nd\u0131<\/strong><\/p>\n<p style=\"text-align: justify;\">Denkta\u015e\u2019\u0131n naa\u015f\u0131 bug\u00fcn saat 10.00\u2019da, T\u00fcrkiye\u2019den de \u00e7ok geni\u015f bir kat\u0131l\u0131m\u0131n olaca\u011f\u0131 t\u00f6renle Cumhurba\u015fkanl\u0131\u011f\u0131 Saray\u0131\u2019ndan Selimiye Camisi\u2019ne g\u00f6t\u00fcr\u00fclecek. Rauf Denkta\u015f ba\u011f\u0131ms\u0131zl\u0131ktan taviz vermeyen duru\u015fuyla asla unutulmayacak.<\/p>\n<p style=\"text-align: justify;\"><strong>Yes be annemcilerin hedefiydi&#8230;<\/strong><\/p>\n<p style=\"text-align: justify;\">Annan Plan\u0131\u2019n\u0131n K\u0131br\u0131s T\u00fcrk\u00fc i\u00e7in \u2018yok olma\u2019 anlam\u0131na gelece\u011fini savunan Denkta\u015f, \u201cYes be annem\u201d blokunun \u00e7ok a\u011f\u0131r hakaretlerine maruz kalm\u0131\u015ft\u0131.<\/p>\n<p style=\"text-align: justify;\"><strong>Kim ne demi\u015fti<\/strong><\/p>\n<p style=\"text-align: justify;\">&#8211; <strong>Ba\u015fbakan Tayyip Erdo\u011fan<\/strong>: Ya\u015f\u0131na sayg\u0131 g\u00f6steriyorum. Git ne yap\u0131yorsan K\u0131br\u0131s\u2019ta yap. Ahlaki s\u0131n\u0131rlar\u0131n d\u0131\u015f\u0131nda<\/p>\n<p style=\"text-align: justify;\">&#8211; <strong>Cumhurba\u015fkan\u0131 Abdullah G\u00fcl<\/strong> de, ayn\u0131 d\u00f6nemde Annan Plan\u0131\u2019n\u0131 savunmu\u015f, Denkta\u015f\u2019\u0131 uzla\u015fmazl\u0131k\u201dla su\u00e7lam\u0131\u015ft\u0131.<\/p>\n<p style=\"text-align: justify;\">&#8211; <strong>Perihan Ma\u011fden-Radikal<\/strong>: T\u0131ka\u00e7 Denkta\u015f, b\u00fcy\u00fck bir paranoya profes\u00f6r\u00fc, mide buland\u0131r\u0131c\u0131&#8230; Her \u015fey bir yere kadar&#8230;<\/p>\n<p style=\"text-align: justify;\">&#8211; <strong>Hadi Uluengin-H\u00fcrriyet<\/strong>: Radikal s\u00fcper bir \u2019Pi\u015fkin Denkta\u015f\u2019 ba\u015fl\u0131\u011f\u0131 atm\u0131\u015ft\u0131. Bu s\u00f6z Denkta\u015f i\u00e7in sonsuz \u2019kibar\u2019 kal\u0131yor.<\/p>\n<p style=\"text-align: justify;\">&#8211; <strong>Ay\u015fe \u00d6zg\u00fcn<\/strong>, k\u00f6\u015fesinde Denkta\u015f ile dan\u0131\u015fman\u0131 M\u00fcmtaz Soysal\u2019\u0131 \u201cutanmazl\u0131k\u201d ve \u201cAtat\u00fcrk yolundan ayr\u0131lmak\u201dla su\u00e7lad\u0131.<\/p>\n<p style=\"text-align: justify;\">&#8211; <strong>Koray D\u00fczg\u00f6ren-Yeni \u015eafak<\/strong>: K\u0131br\u0131s davas\u0131n\u0131n sembol ismi Denkta\u015f asl\u0131nda kontrgerillan\u0131n besledi\u011fi bir katil&#8230;<\/p>\n<p style=\"text-align: justify;\"><strong>B\u00fcy\u00fck dava adam\u0131n\u0131 lince kalk\u0131\u015fm\u0131\u015flard\u0131<\/strong><\/p>\n<p style=\"text-align: justify;\">Son yolculu\u011funa u\u011furlanacak olan Denkta\u015f, 2002-2006 aras\u0131nda Annan Plan\u0131\u2019na kar\u015f\u0131 \u00e7\u0131kt\u0131\u011f\u0131 i\u00e7in \u201cYes be anem\u201dcilerin hedefindeki isim olmu\u015ftu.<\/p>\n<p style=\"text-align: justify;\">\u00d6mr\u00fcn\u00fc K\u0131br\u0131s T\u00fcrklerinin var olma sava\u015f\u0131na adam\u0131\u015f, b\u00fcy\u00fck dava adam\u0131, KKTC\u2019nin kurucu Cumhurba\u015fkan\u0131 Rauf Denkta\u015f i\u00e7in vefat etti\u011fi cuma g\u00fcn\u00fcnden bu yana T\u00fcrk d\u00fcnyas\u0131 yasta. Gazetelerde, televizyonlarda Denkta\u015f\u2019\u0131n \u015fanl\u0131 m\u00fccadelesi g\u00fcndemin ba\u015f k\u00f6\u015fesinde. Merhum Denkta\u015f i\u00e7in bug\u00fcn \u00f6vg\u00fcler ya\u011fd\u0131ranlar aras\u0131nda 2002\u2019den 2006\u2019ya kadar \u015fahs\u0131na kar\u015f\u0131 adeta lin\u00e7 operasyonu ba\u015flatanlar da var. Annan Plan\u0131\u2019n\u0131n K\u0131br\u0131s T\u00fcrk\u00fc i\u00e7in yok olmak anlam\u0131na geldi\u011fini \u201cYes be anem\u201d cilere kar\u015f\u0131 bas bas ba\u011f\u0131ran Denkta\u015f\u2019\u0131 devre d\u0131\u015f\u0131 b\u0131rakma amac\u0131ndakiler b\u00fcy\u00fck dava adam\u0131na akla hayale gelmeyecek hakaretlerde bulundu. Rauf Denkta\u015f\u2019a gazete man\u015fetlerinden lay\u0131k g\u00f6r\u00fclen s\u0131fatlardan baz\u0131lar\u0131 \u015f\u00f6yle:<\/p>\n<p style=\"text-align: justify;\">RAD\u0130KAL (06.12.2002)<\/p>\n<p style=\"text-align: justify;\">BM Genel Sekreteri Kofi Annan\u2019\u0131n K\u0131br\u0131s\u2019ta \u00e7\u00f6z\u00fcm i\u00e7in haz\u0131rlad\u0131\u011f\u0131 plana itirazlar\u0131 i\u00e7eren belgelerin teslim s\u00fcreci skandala d\u00f6n\u00fc\u015ft\u00fc. Rum taraf\u0131 \u00f6nceki g\u00fcn sundu\u011fu cevab\u0131n\u0131, KKTC lideri Denkta\u015f\u2019\u0131n yaz\u0131y\u0131 taahh\u00fct edilen zamanda vermedi\u011fi anla\u015f\u0131l\u0131nca geri \u00e7ekti. BM\u2019den \u00f6nce \u2019Yan\u0131t, teknik sebeplerle ula\u015fmad\u0131\u2019bilgisi geldi; T\u00fcrk taraf\u0131 bunu yalanlad\u0131. Sabr\u0131 ta\u015fan kurulu\u015f KKTC\u2019yi protesto etti. Denkta\u015f\u2019\u0131n yaratt\u0131\u011f\u0131 iki g\u00fcnl\u00fck gerilim, nihayet ak\u015fam saat 18.30\u2019da iki taraf\u0131n ayn\u0131 anda yaz\u0131lar\u0131n\u0131 teslim etmesiyle noktalanm\u0131\u015f oldu.<\/p>\n<p style=\"text-align: justify;\">\u2018M\u0130STER NO\u2019 tedirginli\u011fi<\/p>\n<p style=\"text-align: justify;\">Vatan (09.02.2004)<\/p>\n<p style=\"text-align: justify;\">Denkta\u015f\u2019\u0131n Annan\u2019a \u2018hay\u0131r\u2019 diyerek g\u00f6r\u00fc\u015fme masas\u0131ndan kalkma ihtimali piyasay\u0131 gerdi<\/p>\n<p style=\"text-align: justify;\">Perihan Ma\u011fden &#8211; Radikal<\/p>\n<p style=\"text-align: justify;\">T\u0131ka\u00e7 Denkta\u015f, B\u00fcy\u00fck paranoya profes\u00f6r\u00fc, mide buland\u0131r\u0131c\u0131&#8230; \u201c T\u00fcm bunlar\u0131n hepsi Denkta\u015f Annan belgesini 12 Aral\u0131k\u2019ta ve sonra imzalamad\u0131\u011f\u0131 i\u00e7in. Yunanistan ve K\u0131br\u0131s Rum Kesimi 12 Aral\u0131k\u2019ta kendilerince bir zafer elde etti. \u00c7\u00fcnk\u00fc T\u00fcrkiye tarih i\u00e7in tarih bile alamazken Rum Kesimi \u00fcyeli\u011fi garantilemi\u015fti. Ama hem Rumlarda hem de bizim medyada \u00e7\u00f6z\u00fcm i\u00e7in bir tela\u015ft\u0131r gidiyor. Olmu\u015fken tam olsun. Kuzey K\u0131br\u0131s T\u00fcrkiye\u2019den temelli kopar\u0131ls\u0131n. Art\u0131k K\u0131br\u0131s halk\u0131n\u0131n B\u00fcy\u00fck K\u0131br\u0131s T\u0131ka\u00e7\u0131\u2019ndan, can\u0131na TAK etmi\u015f vaziyettedir. Ba\u015fkanl\u0131k Saray\u0131\u2019n\u0131n \u00f6n\u00fcnde binlerce ki\u015fi \u201cHA\u0130N DENKTA\u015e!\u201d diye ba\u011f\u0131racak hallere d\u00fc\u015fm\u00fc\u015f durumda.<\/p>\n<p style=\"text-align: justify;\">Hadi Uluengin H\u00fcrriyet<\/p>\n<p style=\"text-align: justify;\">(27.04.2004)<\/p>\n<p style=\"text-align: justify;\">Referandum ertesi, \u2018Radikal\u2019 s\u00fcper bir \u2019Pi\u015fkin Denkta\u015f\u2019 ba\u015fl\u0131\u011f\u0131 atm\u0131\u015ft\u0131. Asl\u0131na bakarsan\u0131z, \u2019Mister No\u2019nun hem kel, hem fodul tavr\u0131n\u0131 tan\u0131mlamak i\u00e7in bu \u2019pi\u015fkin\u2019 laf\u0131ndan \u00e7ok daha oturakl\u0131 ve tumturakl\u0131 deyimler T\u00fcrk\u00e7e\u2019de ibadullah? Ama anla\u015f\u0131lan, sevgili \u0130smet Berkan, gazete genel y\u00f6netmenli\u011finin zorunlu k\u0131ld\u0131\u011f\u0131 \u2019mesafeli nezaketi\u2019 elden b\u0131rakmayarak yukar\u0131daki s\u0131fatla yetinmi\u015f. Oysa, Denkta\u015f i\u00e7in \u2018pi\u015fkin\u2019 s\u00f6z\u00fc ger\u00e7ekten sonsuz \u2019kibar\u2019 kal\u0131yor.<\/p>\n<p style=\"text-align: justify;\"><strong>Hakaret yar\u0131\u015f\u0131<\/strong><\/p>\n<p style=\"text-align: justify;\">Denkta\u015f\u2019a reva g\u00f6r\u00fclen bu s\u0131fatlar tabii ki yukar\u0131daki \u00f6rneklerle s\u0131n\u0131rl\u0131 de\u011fil. Yeni \u015eafak yazar\u0131 Koray D\u00fczg\u00f6ren\u2019e g\u00f6re K\u0131br\u0131s davas\u0131n\u0131n sembol ismi Denkta\u015f asl\u0131nda kontrgerillan\u0131n besledi\u011fi bir katil. K\u0131br\u0131s\u2019taki T\u00fcrk direni\u015fi ise derin devletin i\u015fi. Denkta\u015f\u2019\u0131n bug\u00fcn direnmesinin nedeni ise ge\u00e7mi\u015fte yapt\u0131klar\u0131n\u0131n hesab\u0131n\u0131 verememe korkusu. K\u0131br\u0131s\u2019ta ve T\u00fcrkiye\u2019de T\u00fcrk d\u00fc\u015fmanl\u0131\u011f\u0131 y\u00fcr\u00fctenler kendilerini bug\u00fcnlerde o kadar g\u00fc\u00e7l\u00fc hissediyorlar ki her istediklerini yazabiliyorlar. Fatih Altayl\u0131 ise \u201cBozmay\u0131n Denkta\u015f\u2019\u0131n d\u00fczenini\u201d diyor ve Kuzey K\u0131br\u0131s\u2019\u0131 Denkta\u015f\u2019\u0131n ailece hortumlayarak talan etti\u011fi i\u00e7in \u00e7\u00f6z\u00fcme kar\u015f\u0131 oldu\u011funu iddia ediyor. H\u00fcrriyet Gazetesi yazar\u0131 C\u00fcneyt \u00dclsever T\u00fcrk medyas\u0131nda bir ilke imza atmay\u0131 ba\u015fararak T\u00fcrkiye\u2019nin halen vermekte oldu\u011fu uluslararas\u0131 bir davaya m\u00fcdahil oldu. Rumlar\u0131n topraklar\u0131n\u0131 T\u00fcrklerin i\u015fgal etti\u011fini, T\u00fcrkiye\u2019nin bunlar i\u00e7in tazminat \u00f6demesi gerekti\u011fini belirten \u00dclsever, 20-30 milyar dolar\u0131 bulan tazminat\u0131 Denkta\u015f\u2019la M\u00fcmtaz Sosyal\u2019\u0131n nas\u0131l \u00f6demeyi d\u00fc\u015f\u00fcnd\u00fc\u011f\u00fcn\u00fc sormu\u015ftu.<\/p>\n<p style=\"text-align: justify;\"><strong>Erdo\u011fan \u201cT\u00fcrkiye\u2019de konu\u015fma\u201d demi\u015fti<\/strong><\/p>\n<p style=\"text-align: justify;\">K\u0131br\u0131s\u2019ta 24 Nisan 2010\u2019da ger\u00e7ekle\u015fen Annan Plan\u0131\u2019yla ilgili referandum \u00f6ncesinde K\u0131br\u0131s T\u00fcrk\u00fcn\u00fc tuza\u011fa kar\u015f\u0131 uyaran ve \u201cVatan namustur, sat\u0131lamaz\u201d diyerek \u201cHay\u0131r\u201d oyu vermeye \u00e7a\u011f\u0131ran Denkta\u015f, Ba\u015fbakan Tayyip Erdo\u011fan ve D\u0131\u015fi\u015fleri Bakan\u0131 Abdullah G\u00fcl\u2019\u00fcn de hedefindeki isim olmu\u015ftu. Erdo\u011fan, Denkta\u015f\u2019a \u201cYap\u0131lacak bir \u015fey varsa buyur K\u0131br\u0131s\u2019ta onu yap. Ne anlatacaksan K\u0131br\u0131s\u2019ta anlat\u201d demi\u015fti. Referandum sonras\u0131nda Denkta\u015f ya\u015fanan h\u00fck\u00fcmet krizinde kilit isim olarak ad\u0131 ge\u00e7en ve \u201cTayyip Erdo\u011fan\u2019\u0131n adam\u0131\u201d oldu\u011funu s\u00f6yleyen m\u00fcft\u00fc Ahmet Y\u00f6nl\u00fcer\u2019le ilgili soru y\u00f6neltmi\u015f, Erdo\u011fan KKTC\u2019de h\u00fck\u00fcmet bozulunca bunun faturas\u0131n\u0131 T\u00fcrkiye Cumhuriyeti h\u00fck\u00fcmetine kesmek \u00e7ok \u00e7irkindir, ahl\u00e2ki s\u0131n\u0131rlar\u0131n d\u0131\u015f\u0131nda bir \u015feydir\u201d cevab\u0131n\u0131 vermi\u015fti. KKTC\u2019nin etkili gazetecilerinden Ba\u015faran D\u00fczg\u00fcn, 2008\u2019de yay\u0131mlad\u0131\u011f\u0131 kitab\u0131nda, 2004\u2019te New York\u2019ta d\u00fczenlenen K\u0131br\u0131s g\u00f6r\u00fc\u015fmelerinde d\u00f6nemin D\u0131\u015fi\u015fleri Bakan\u0131 G\u00fcl\u2019\u00fcn, U\u011fur Ziyal arac\u0131l\u0131\u011f\u0131yla Denkta\u015f\u2019a, \u2018Benim dedi\u011fim olacak\u2019 \u00fcltimatomu verdi\u011fini yazd\u0131. Kitapta ayr\u0131ca Ba\u015fbakan Recep Tayyip Erdo\u011fan\u2019\u0131n ABD Ba\u015fkan\u0131 George W. Bush\u2019a, \u201cDenkta\u015f\u2019\u0131 biz hallederiz\u201d dedi\u011fi iddias\u0131 da yer al\u0131yor.<\/p>\n<p style=\"text-align: justify;\"><a href=\"http:\/\/www.yg.yenicaggazetesi.com.tr\/habergoster.php?haber=62071\" target=\"_blank\">Kaynak : \u00a0Ceyhun Bozkurt &#8211;\u00a0Yeni\u00e7a\u011f Gazetesi<\/a><\/p>\n","protected":false},"excerpt":{"rendered":"<p style=\"text-align: center;\">\n<p style=\"text-align: justify;\">M\u00fcmk\u00fcn olsa da imam, Denkta\u015f\u2019a sorabilse&#8230;<\/p>\n<p style=\"text-align: justify;\">Bug\u00fcn cenaze t\u00f6renine kat\u0131larak Denkta\u015f\u2019\u0131 \u00f6vmek zorunda kalacak olan birtak\u0131m \u00f6nemli (!) zevat zaman\u0131nda \u201cVer kurtul\u201d bask\u0131s\u0131na boyun e\u011fmedi\u011fi i\u00e7in kendisini lin\u00e7 etmeye kalk\u0131\u015fm\u0131\u015ft\u0131.<\/p>\n<p style=\"text-align: justify;\">\u015eimdi g\u00f6zya\u015f\u0131 d\u00f6kecekler<\/p>\n<p style=\"text-align: justify;\">Bug\u00fcn topra\u011fa verilecek olan KKTC Kurucu Cumhurba\u015fkan\u0131 Rauf Denkta\u015f, 2002-2006 aras\u0131 <\/p>\n","protected":false},"author":1,"featured_media":0,"comment_status":"open","ping_status":"open","sticky":false,"template":"","format":"standard","meta":{"footnotes":""},"categories":[105],"tags":[],"class_list":["post-46558","post","type-post","status-publish","format-standard","hentry","category-gundem","odd"],"_links":{"self":[{"href":"http:\/\/www.korhanyilmaz.com\/index.php?rest_route=\/wp\/v2\/posts\/46558","targetHints":{"allow":["GET"]}}],"collection":[{"href":"http:\/\/www.korhanyilmaz.com\/index.php?rest_route=\/wp\/v2\/posts"}],"about":[{"href":"http:\/\/www.korhanyilmaz.com\/index.php?rest_route=\/wp\/v2\/types\/post"}],"author":[{"embeddable":true,"href":"http:\/\/www.korhanyilmaz.com\/index.php?rest_route=\/wp\/v2\/users\/1"}],"replies":[{"embeddable":true,"href":"http:\/\/www.korhanyilmaz.com\/index.php?rest_route=%2Fwp%2Fv2%2Fcomments&post=46558"}],"version-history":[{"count":0,"href":"http:\/\/www.korhanyilmaz.com\/index.php?rest_route=\/wp\/v2\/posts\/46558\/revisions"}],"wp:attachment":[{"href":"http:\/\/www.korhanyilmaz.com\/index.php?rest_route=%2Fwp%2Fv2%2Fmedia&parent=46558"}],"wp:term":[{"taxonomy":"category","embeddable":true,"href":"http:\/\/www.korhanyilmaz.com\/index.php?rest_route=%2Fwp%2Fv2%2Fcategories&post=46558"},{"taxonomy":"post_tag","embeddable":true,"href":"http:\/\/www.korhanyilmaz.com\/index.php?rest_route=%2Fwp%2Fv2%2Ftags&post=46558"}],"curies":[{"name":"wp","href":"https:\/\/api.w.org\/{rel}","templated":true}]}}