{"id":46554,"date":"2012-01-14T03:20:26","date_gmt":"2012-01-14T01:20:26","guid":{"rendered":"http:\/\/www.korhanyilmaz.com\/?p=46554"},"modified":"2012-01-16T22:06:09","modified_gmt":"2012-01-16T20:06:09","slug":"30-milyon-kara-parayi-mit-mustesar-yardimcisi-akladi","status":"publish","type":"post","link":"http:\/\/www.korhanyilmaz.com\/?p=46554","title":{"rendered":"30 Milyon $ kara paray\u0131 M\u0130T m\u00fcste\u015far yard\u0131mc\u0131s\u0131 aklad\u0131.."},"content":{"rendered":"<p style=\"text-align: center;\"><a href=\"http:\/\/www.korhanyilmaz.com\/wp-content\/uploads\/2012\/01\/9213.jpg\"  class=\"lightview\"><img loading=\"lazy\" decoding=\"async\" class=\"aligncenter  wp-image-46555\" src=\"http:\/\/www.korhanyilmaz.com\/wp-content\/uploads\/2012\/01\/9213.jpg\" alt=\"\" width=\"322\" height=\"195\" \/><\/a><\/p>\n<p style=\"text-align: justify;\"><strong>Kozino\u011flu: Ayd\u0131n G\u00fcler Irak kara paras\u0131n\u0131 K\u0131br\u0131sta aklad\u0131\u00a0<\/strong><\/p>\n<p style=\"text-align: justify;\">M\u0130T Ba\u015fm\u00fc\u015faviri ve D\u0131\u015f Operasyonlar Daire Ba\u015fkan\u0131 Ka\u015fif Kozino\u011flu, \u00f6lmeden \u00f6nce el yaz\u0131s\u0131yla Ayd\u0131nl\u0131k&#8217;a g\u00f6nderdi\u011fi a\u00e7\u0131klamada M\u0130T M\u00fcste\u015far Yard\u0131mc\u0131s\u0131 Ayd\u0131n G\u00fcler&#8217;in kara para aklad\u0131\u011f\u0131n\u0131 ifade etti. Kozino\u011flu, M\u0130T M\u00fcste\u015far Yard\u0131mc\u0131s\u0131 G\u00fcler&#8217;in 30 milyon dolar Irak kara paras\u0131n\u0131 K\u0131br\u0131s&#8217;taki bankalar vas\u0131tas\u0131yla aklad\u0131\u011f\u0131n\u0131 a\u00e7\u0131klad\u0131. Kozino\u011flu, G\u00fcler&#8217;in kara para aklad\u0131\u011f\u0131n\u0131 M\u0130T M\u00fcste\u015far\u0131 Hakan Fidan&#8217;\u0131n da bildi\u011fini belirtiyor.<!--more--><\/p>\n<p style=\"text-align: justify;\">\u0130\u015fte Kozino\u011flu&#8217;nun o a\u00e7\u0131klamas\u0131:<\/p>\n<p style=\"text-align: justify;\">\u201cM\u0130T M\u00fcste\u015far Yard\u0131mc\u0131s\u0131 olan Ayd\u0131n G\u00fcler&#8217;in 30 milyon dolar Irak &#8220;kara paras\u0131n\u0131&#8221; K\u0131br\u0131s&#8217;taki bankalar vas\u0131tas\u0131yla aklad\u0131\u011f\u0131 H. Fidan taraf\u0131ndan bilinmesine ra\u011fmen M\u0130T M\u00fcste\u015far Yard\u0131mc\u0131l\u0131\u011f\u0131na getirilmi\u015ftir.\u201d<\/p>\n<p style=\"text-align: justify;\">Kozino\u011flu&#8217;nun a\u00e7\u0131klamalar\u0131, \u201cBu para kimin i\u00e7in ve kimin ad\u0131na akland\u0131? Bu kadar y\u00fckl\u00fc bir miktar hangi y\u00f6ntemle akland\u0131?\u201d sorular\u0131n\u0131 g\u00fcndeme getirdi. En \u00f6nemli nokta ise Kozino\u011flu&#8217;nun, kara para aklanmas\u0131ndan M\u0130T M\u00fcste\u015far\u0131&#8217;n\u0131n da bilgisi oldu\u011funu buna ra\u011fmen G\u00fcler&#8217;i M\u0130T M\u00fcste\u015far Yard\u0131mc\u0131l\u0131\u011f\u0131na getird\u011fini a\u00e7\u0131klamas\u0131. M\u0130T M\u00fcste\u015far\u0131 Fidan, G\u00fcler&#8217;le ilgili neden yasal i\u015flem ba\u015flatmad\u0131? Hakk\u0131nda i\u015flem ba\u015flat\u0131lmad\u0131\u011f\u0131 gibi G\u00fcler nas\u0131l oluyor da daha y\u00fcksek bir g\u00f6reve getiriliyor? Fidan, kara paran\u0131n kim ad\u0131na akland\u0131\u011f\u0131ndan haberdar m\u0131d\u0131r? G\u00fcler kim ya da kimler taraf\u0131ndan korunmaktad\u0131r? Bu sorular cevap bekliyor.<\/p>\n<p style=\"text-align: justify;\"><strong>\u2018G\u00fcler\u2019de AKP\u2019ye ili\u015fkin ciddi belgeler var\u2019\u00a0<\/strong><\/p>\n<p style=\"text-align: justify;\">Ka\u015fik Kozino\u011flu, M\u0130T M\u00fcste\u015far Yard\u0131mc\u0131s\u0131 Ayd\u0131n G\u00fcler&#8217;in ad\u0131n\u0131 daha \u00f6nce Ayd\u0131nl\u0131k&#8217;ta yay\u0131mlanan a\u00e7\u0131klamalar\u0131nda da g\u00fcndeme getirmi\u015fti. Ba\u015fbakan Tayyip Erdo\u011fan\u2019\u0131n \u0130svi\u00e7re bankalar\u0131ndaki 8 ayr\u0131 hesapta yakla\u015f\u0131k 800 milyon dolarl\u0131k gizli hesap belgelerinin M\u0130T M\u00fcste\u015far Yard\u0131mc\u0131s\u0131 Ahmet K\u00f6ksoy&#8217;da da bulundu\u011funu belirten Kozino\u011flu, Ayd\u0131n G\u00fcler&#8217;in de elinde AKP&#8217;ye ili\u015fkin \u00e7ok ciddi bilgiler oldu\u011funu a\u00e7\u0131klad\u0131. Kozino\u011flu. kendi el yaz\u0131s\u0131yla \u015f\u00f6yle anlatt\u0131:<\/p>\n<p style=\"text-align: justify;\">Ayn\u0131 belgeler M\u0130T M\u00fcste\u015far Yard\u0131mc\u0131s\u0131 Ahmet K\u00f6ksoy&#8217;da da mevcuttur. Ayr\u0131ca B\u00fclent Ar\u0131n\u00e7&#8217;a \u00e7ok yak\u0131n olan di\u011fer M\u0130T M\u00fcste\u015far\u0131 Ayd\u0131n G\u00fcler&#8217;de de AKP&#8217;ye ili\u015fkin \u00e7ok ciddi bilgiler vard\u0131r. Hakan Fidan, bu nedenlerle M\u0130T M\u00fcste\u015far\u0131 olmas\u0131 sonras\u0131 hi\u00e7bir \u015fekilde istememesine ra\u011fmen, Ankara B\u00f6lge Ba\u015fakanl\u0131\u011f\u0131 yapan Ayd\u0131n G\u00fcler&#8217;i ve \u0130stanbul B\u00f6lge Ba\u015fkanl\u0131\u011f\u0131 yapan Ahmet K\u00f6ksoy&#8217;u ayr\u0131 ayr\u0131 M\u0130T M\u00fcste\u015far Yard\u0131mc\u0131s\u0131 yapm\u0131\u015ft\u0131r. (Ben Afganistan&#8217;da oldu\u011fum i\u00e7in\/yani belgelerinden uzak oldu\u011fum i\u00e7in beni gazfil avlad\u0131lar. \u00d6yle zannediyorlar!) (20 Kas\u0131m 2011, Ayd\u0131nl\u0131k)<\/p>\n<p style=\"text-align: justify;\"><a href=\"http:\/\/www.aydinlikgazete.com\/index.php?option=com_content&amp;view=article&amp;id=7661:30-mlyon-kara-parayi-mt-muestear-yardimcisi-akladi&amp;catid=35:joomla&amp;Itemid=95\" target=\"_blank\">Kaynak : Ayd\u0131nl\u0131k Gazetesi<\/a><\/p>\n","protected":false},"excerpt":{"rendered":"<p style=\"text-align: center;\">\n<p style=\"text-align: justify;\">Kozino\u011flu: Ayd\u0131n G\u00fcler Irak kara paras\u0131n\u0131 K\u0131br\u0131sta aklad\u0131 <\/p>\n<p style=\"text-align: justify;\">M\u0130T Ba\u015fm\u00fc\u015faviri ve D\u0131\u015f Operasyonlar Daire Ba\u015fkan\u0131 Ka\u015fif Kozino\u011flu, \u00f6lmeden \u00f6nce el yaz\u0131s\u0131yla Ayd\u0131nl\u0131k&#8217;a g\u00f6nderdi\u011fi a\u00e7\u0131klamada M\u0130T M\u00fcste\u015far Yard\u0131mc\u0131s\u0131 Ayd\u0131n G\u00fcler&#8217;in kara para aklad\u0131\u011f\u0131n\u0131 ifade etti. Kozino\u011flu, M\u0130T M\u00fcste\u015far Yard\u0131mc\u0131s\u0131 G\u00fcler&#8217;in 30 milyon dolar Irak kara paras\u0131n\u0131 K\u0131br\u0131s&#8217;taki bankalar <\/p>\n","protected":false},"author":1,"featured_media":0,"comment_status":"open","ping_status":"open","sticky":false,"template":"","format":"standard","meta":{"footnotes":""},"categories":[105],"tags":[473],"class_list":["post-46554","post","type-post","status-publish","format-standard","hentry","category-gundem","tag-kasif-kozinoglu","odd"],"_links":{"self":[{"href":"http:\/\/www.korhanyilmaz.com\/index.php?rest_route=\/wp\/v2\/posts\/46554","targetHints":{"allow":["GET"]}}],"collection":[{"href":"http:\/\/www.korhanyilmaz.com\/index.php?rest_route=\/wp\/v2\/posts"}],"about":[{"href":"http:\/\/www.korhanyilmaz.com\/index.php?rest_route=\/wp\/v2\/types\/post"}],"author":[{"embeddable":true,"href":"http:\/\/www.korhanyilmaz.com\/index.php?rest_route=\/wp\/v2\/users\/1"}],"replies":[{"embeddable":true,"href":"http:\/\/www.korhanyilmaz.com\/index.php?rest_route=%2Fwp%2Fv2%2Fcomments&post=46554"}],"version-history":[{"count":0,"href":"http:\/\/www.korhanyilmaz.com\/index.php?rest_route=\/wp\/v2\/posts\/46554\/revisions"}],"wp:attachment":[{"href":"http:\/\/www.korhanyilmaz.com\/index.php?rest_route=%2Fwp%2Fv2%2Fmedia&parent=46554"}],"wp:term":[{"taxonomy":"category","embeddable":true,"href":"http:\/\/www.korhanyilmaz.com\/index.php?rest_route=%2Fwp%2Fv2%2Fcategories&post=46554"},{"taxonomy":"post_tag","embeddable":true,"href":"http:\/\/www.korhanyilmaz.com\/index.php?rest_route=%2Fwp%2Fv2%2Ftags&post=46554"}],"curies":[{"name":"wp","href":"https:\/\/api.w.org\/{rel}","templated":true}]}}