{"id":46548,"date":"2012-01-16T16:59:47","date_gmt":"2012-01-16T14:59:47","guid":{"rendered":"http:\/\/www.korhanyilmaz.com\/?p=46548"},"modified":"2012-01-16T18:18:20","modified_gmt":"2012-01-16T16:18:20","slug":"19-mayis-gunumuze-uygun-hale-getirildi","status":"publish","type":"post","link":"http:\/\/www.korhanyilmaz.com\/?p=46548","title":{"rendered":"\u201819 May\u0131s g\u00fcn\u00fcm\u00fcze uygun hale getirildi\u2019"},"content":{"rendered":"<p style=\"text-align: center;\"><a href=\"http:\/\/www.korhanyilmaz.com\/wp-content\/uploads\/2012\/01\/9212.jpg\"  class=\"lightview\"><img loading=\"lazy\" decoding=\"async\" class=\"aligncenter  wp-image-46549\" src=\"http:\/\/www.korhanyilmaz.com\/wp-content\/uploads\/2012\/01\/9212.jpg\" alt=\"\" width=\"333\" height=\"191\" \/><\/a><\/p>\n<p style=\"text-align: justify;\">Cumhurba\u015fkan\u0131 G\u00fcl, stadyumlarda \u00f6\u011frencilerin kat\u0131l\u0131m\u0131yla yap\u0131lan 19 May\u0131s t\u00f6renlerine getirilen s\u0131n\u0131rlamayla ilgili konu\u015ftu.<\/p>\n<p style=\"text-align: justify;\">ANKARA &#8211; Cumhurba\u015fkan\u0131 Abdullah G\u00fcl, \u201819 May\u0131s t\u00f6renleri g\u00fcn\u00fcm\u00fcz \u015fartlar\u0131na uygun hale getirilmi\u015ftir. Milli bayramlar\u0131n kald\u0131r\u0131lmas\u0131 s\u00f6z konusu edilmedi\u2019 \u015feklinde konu\u015ftu.\u00a0<!--more--><\/p>\n<p style=\"text-align: justify;\">Cumhurba\u015fkanl\u0131\u011f\u0131ndan, Cumhurba\u015fkan\u0131 Abdullah G\u00fcl&#8217;\u00fcn talimatlar\u0131 do\u011frultusunda 11 Ocak&#8217;ta \u00c7ankaya K\u00f6\u015fk\u00fc&#8217;nde Cumhurba\u015fkanl\u0131\u011f\u0131 Genel Sekreteri Prof. Dr. Mustafa \u0130sen&#8217;in ba\u015fkanl\u0131\u011f\u0131nda; Cumhurba\u015fkanl\u0131\u011f\u0131, Ba\u015fbakanl\u0131k, Genelkurmay Ba\u015fkanl\u0131\u011f\u0131, D\u0131\u015fi\u015fleri Bakanl\u0131\u011f\u0131, K\u00fclt\u00fcr ve Turizm Bakanl\u0131\u011f\u0131, Gen\u00e7lik ve Spor Bakanl\u0131\u011f\u0131, \u0130\u00e7i\u015fleri Bakanl\u0131\u011f\u0131 ve Milli E\u011fitim Bakanl\u0131\u011f\u0131ndan \u00fcst d\u00fczey yetkililerin kat\u0131l\u0131m\u0131yla bir toplant\u0131 ger\u00e7ekle\u015ftirildi\u011fi, bu toplant\u0131larla 23 Nisan Ulusal Egemenlik ve \u00c7ocuk Bayram\u0131, 19 May\u0131s Atat\u00fcrk&#8217;\u00fc Anma, Gen\u00e7lik ve Spor Bayram\u0131; 30 A\u011fustos Zafer Bayram\u0131 t\u00f6renlerinin daha \u00e7ok ithaf edilen kitlelerce, buna kar\u015f\u0131l\u0131k 29 Ekim Cumhuriyet Bayram\u0131&#8217;n\u0131n ise daha geni\u015f kitlelerin kat\u0131l\u0131m\u0131yla bug\u00fcnk\u00fcnden daha kapsaml\u0131 ve g\u00f6rkemli t\u00f6renlerle kutlanmas\u0131n\u0131n ama\u00e7land\u0131\u011f\u0131 bildirildi.<\/p>\n<p style=\"text-align: justify;\">T\u00f6renlerle ilgili d\u00fczenlemelere ili\u015fkin ayr\u0131nt\u0131lar ise hen\u00fcz netlik kazanmad\u0131.<\/p>\n<p style=\"text-align: justify;\"><strong>KIBRIS&#8217;A DAVET<\/strong><\/p>\n<p style=\"text-align: justify;\">Bu arada Abdullah G\u00fcl, Dokuzuncu Cumhurba\u015fkan\u0131 Demirel ve Onuncu Cumhurba\u015fkan\u0131 Sezer\u2019e, Denkta\u015f\u2019\u0131n yar\u0131n yap\u0131lacak cenaze t\u00f6renine birlikte gitmek i\u00e7in davet iletti.<\/p>\n<p style=\"text-align: justify;\">Ancak Demirel ve Sezer, t\u00f6rene kat\u0131lamayacaklar\u0131n\u0131 belirterek, G\u00fcl\u2019e te\u015fekk\u00fcr etti.<\/p>\n<p style=\"text-align: justify;\">Demirel\u2019in grip oldu\u011fu i\u00e7in cenazeye kat\u0131lamayaca\u011f\u0131n\u0131 bildirdi\u011fi, Sezer\u2019in de cenaze t\u00f6renine kat\u0131lamayaca\u011f\u0131n\u0131 belirterek, te\u015fekk\u00fcrlerini iletti\u011fini ifade edildi.<\/p>\n<p style=\"text-align: justify;\">Cumhurba\u015fkan\u0131 G\u00fcl, cuma ak\u015fam\u0131 vefat eden Denkta\u015f i\u00e7in d\u00fczenlenecek cenaze t\u00f6renine kat\u0131lmak \u00fczere yar\u0131n KKTC\u2019ye gidecek.<\/p>\n<p style=\"text-align: justify;\"><a href=\"http:\/\/www.ntvmsnbc.com\/id\/25314416\" target=\"_blank\">Kaynak : NTVMSNBC<\/a><\/p>\n","protected":false},"excerpt":{"rendered":"<p style=\"text-align: center;\">\n<p style=\"text-align: justify;\">Cumhurba\u015fkan\u0131 G\u00fcl, stadyumlarda \u00f6\u011frencilerin kat\u0131l\u0131m\u0131yla yap\u0131lan 19 May\u0131s t\u00f6renlerine getirilen s\u0131n\u0131rlamayla ilgili konu\u015ftu.<\/p>\n<p style=\"text-align: justify;\">ANKARA &#8211; Cumhurba\u015fkan\u0131 Abdullah G\u00fcl, \u201819 May\u0131s t\u00f6renleri g\u00fcn\u00fcm\u00fcz \u015fartlar\u0131na uygun hale getirilmi\u015ftir. Milli bayramlar\u0131n kald\u0131r\u0131lmas\u0131 s\u00f6z konusu edilmedi\u2019 \u015feklinde konu\u015ftu. <\/p>\n","protected":false},"author":1,"featured_media":0,"comment_status":"open","ping_status":"open","sticky":false,"template":"","format":"standard","meta":{"footnotes":""},"categories":[105],"tags":[],"class_list":["post-46548","post","type-post","status-publish","format-standard","hentry","category-gundem","odd"],"_links":{"self":[{"href":"http:\/\/www.korhanyilmaz.com\/index.php?rest_route=\/wp\/v2\/posts\/46548","targetHints":{"allow":["GET"]}}],"collection":[{"href":"http:\/\/www.korhanyilmaz.com\/index.php?rest_route=\/wp\/v2\/posts"}],"about":[{"href":"http:\/\/www.korhanyilmaz.com\/index.php?rest_route=\/wp\/v2\/types\/post"}],"author":[{"embeddable":true,"href":"http:\/\/www.korhanyilmaz.com\/index.php?rest_route=\/wp\/v2\/users\/1"}],"replies":[{"embeddable":true,"href":"http:\/\/www.korhanyilmaz.com\/index.php?rest_route=%2Fwp%2Fv2%2Fcomments&post=46548"}],"version-history":[{"count":0,"href":"http:\/\/www.korhanyilmaz.com\/index.php?rest_route=\/wp\/v2\/posts\/46548\/revisions"}],"wp:attachment":[{"href":"http:\/\/www.korhanyilmaz.com\/index.php?rest_route=%2Fwp%2Fv2%2Fmedia&parent=46548"}],"wp:term":[{"taxonomy":"category","embeddable":true,"href":"http:\/\/www.korhanyilmaz.com\/index.php?rest_route=%2Fwp%2Fv2%2Fcategories&post=46548"},{"taxonomy":"post_tag","embeddable":true,"href":"http:\/\/www.korhanyilmaz.com\/index.php?rest_route=%2Fwp%2Fv2%2Ftags&post=46548"}],"curies":[{"name":"wp","href":"https:\/\/api.w.org\/{rel}","templated":true}]}}