{"id":46544,"date":"2012-01-15T16:43:42","date_gmt":"2012-01-15T14:43:42","guid":{"rendered":"http:\/\/www.korhanyilmaz.com\/?p=46544"},"modified":"2012-01-16T17:06:19","modified_gmt":"2012-01-16T15:06:19","slug":"sukur-gulen-benim-icin-degerli","status":"publish","type":"post","link":"http:\/\/www.korhanyilmaz.com\/?p=46544","title":{"rendered":"\u015e\u00fck\u00fcr: G\u00fclen benim i\u00e7in de\u011ferli"},"content":{"rendered":"<p style=\"text-align: center;\"><a href=\"http:\/\/www.korhanyilmaz.com\/wp-content\/uploads\/2012\/01\/9211.jpg\"  class=\"lightview\"><img loading=\"lazy\" decoding=\"async\" class=\"aligncenter  wp-image-46545\" src=\"http:\/\/www.korhanyilmaz.com\/wp-content\/uploads\/2012\/01\/9211.jpg\" alt=\"\" width=\"314\" height=\"218\" \/><\/a><\/p>\n<p style=\"text-align: justify;\">AK Parti\u2019li Hakan \u015e\u00fck\u00fcr Fethullah G\u00fclen\u2019le olan yak\u0131nl\u0131\u011f\u0131yla ilgili olarak \u201cDe\u011ferlerim ve inanc\u0131m noktas\u0131nda kendisini de\u011ferli buluyorum\u201d dedi.<\/p>\n<p style=\"text-align: justify;\">ANKARA &#8211; AK Parti \u0130stanbul Milletvekili Hakan \u015e\u00fck\u00fcr, Fethullah G\u00fclen&#8217;e yak\u0131nl\u0131\u011f\u0131na y\u00f6nelik yap\u0131lan yorumlara a\u00e7\u0131kl\u0131k getirdi.<\/p>\n<p style=\"text-align: justify;\">\u015e\u00fck\u00fcr \u015funlar\u0131 s\u00f6yledi: \u201cHizmetleri takdirle kar\u015f\u0131lanmas\u0131 gereken bir insan\u0131n ya\u015fad\u0131klar\u0131, ona bak\u0131\u015f a\u00e7\u0131m\u0131 daha da sayg\u0131n ve sevgi dolu bir hale getiriyor. \u00c7\u00fcnk\u00fc, d\u00fcnya \u00fczerinde T\u00fcrk\u00e7eyi, T\u00fcrkiye&#8217;yi iyi bir \u015fekilde temsil ediyor.<!--more--><\/p>\n<p style=\"text-align: justify;\">Hele b\u00f6ylesine d\u00f6nemlerde, en ihtiya\u00e7 duydu\u011fumuz anlarda b\u00f6yle bir avantaj\u0131m\u0131z var. Cumhuriyet tarihi boyunca \u00e7ok \u00f6nemli de\u011ferler vard\u0131 ama istenilen gibi de\u011fildi.<\/p>\n<p style=\"text-align: justify;\">\u00dclkemizin her platformda, yanl\u0131\u015f anlat\u0131lma \u00e7abas\u0131 i\u00e7erisinde oldu\u011fu s\u00fcre\u00e7lerde bununla ilgili \u00e7abalar\u0131n\u0131 hep takdirle kar\u015f\u0131lam\u0131\u015f\u0131md\u0131r. De\u011ferlerim ve inanc\u0131m noktas\u0131nda kendisini de\u011ferli buluyorum, bunu s\u00f6ylemekten de hi\u00e7 bir zaman sak\u0131nmad\u0131m.\u201d<\/p>\n<p style=\"text-align: justify;\">Meclisin futbol tak\u0131m\u0131ndaki di\u011fer milletvekillerine taktik vermedi\u011fini s\u00f6yleyen \u015e\u00fck\u00fcr, \u201cTaktik de\u011fil de futbolun gerekli sistemlerini zaman zaman anlatmaya \u00e7al\u0131\u015f\u0131yorum. Ama hepsi futbolu bilen tecr\u00fcbeli arkada\u015flar\u201d diye konu\u015ftu.<\/p>\n<p style=\"text-align: justify;\">Ba\u015fbakan Recep Tayyip Erdo\u011fan\u2019\u0131n \u00e7ok iyi bir futbolcu oldu\u011funu ifade eden \u015e\u00fck\u00fcr \u015f\u00f6yle konu\u015ftu: \u201cDevlet Ba\u015fkanlar\u0131yla yapt\u0131\u011f\u0131 ma\u00e7ta da o yeteneklerini g\u00f6sterdi. Saha g\u00f6r\u00fc\u015f\u00fc, yani T\u00fcrkiye&#8217;yi, d\u00fcnyay\u0131 bir saha olarak g\u00f6r\u00fcrseniz, futbolun ona bug\u00fcnk\u00fc ba\u015far\u0131s\u0131nda \u00e7ok \u015fey katt\u0131\u011f\u0131n\u0131 d\u00fc\u015f\u00fcn\u00fcyorum. Oradan yola \u00e7\u0131karak kendimin de verimli olaca\u011f\u0131n\u0131 d\u00fc\u015f\u00fcn\u00fcyorum. \u0130stanbul Belediye ba\u015fkanl\u0131\u011f\u0131 d\u00f6neminde Say\u0131n Ba\u015fbakanla \u00e7ok ma\u00e7 yapt\u0131m. Sosyal etkinliklerde beni yan\u0131nda g\u00f6rmek istiyordu.\u201d<\/p>\n<p style=\"text-align: justify;\"><a href=\"http:\/\/www.ntvmsnbc.com\/id\/25314147\/\" target=\"_blank\">Kaynak : NTVMSNBC<\/a><\/p>\n","protected":false},"excerpt":{"rendered":"<p style=\"text-align: center;\">\n<p style=\"text-align: justify;\">AK Parti\u2019li Hakan \u015e\u00fck\u00fcr Fethullah G\u00fclen\u2019le olan yak\u0131nl\u0131\u011f\u0131yla ilgili olarak \u201cDe\u011ferlerim ve inanc\u0131m noktas\u0131nda kendisini de\u011ferli buluyorum\u201d dedi.<\/p>\n<p style=\"text-align: justify;\">ANKARA &#8211; AK Parti \u0130stanbul Milletvekili Hakan \u015e\u00fck\u00fcr, Fethullah G\u00fclen&#8217;e yak\u0131nl\u0131\u011f\u0131na y\u00f6nelik yap\u0131lan yorumlara a\u00e7\u0131kl\u0131k getirdi.<\/p>\n<p style=\"text-align: justify;\">\u015e\u00fck\u00fcr \u015funlar\u0131 s\u00f6yledi: \u201cHizmetleri takdirle kar\u015f\u0131lanmas\u0131 gereken bir insan\u0131n ya\u015fad\u0131klar\u0131, ona bak\u0131\u015f <\/p>\n","protected":false},"author":1,"featured_media":0,"comment_status":"open","ping_status":"open","sticky":false,"template":"","format":"standard","meta":{"footnotes":""},"categories":[105],"tags":[],"class_list":["post-46544","post","type-post","status-publish","format-standard","hentry","category-gundem","odd"],"_links":{"self":[{"href":"http:\/\/www.korhanyilmaz.com\/index.php?rest_route=\/wp\/v2\/posts\/46544","targetHints":{"allow":["GET"]}}],"collection":[{"href":"http:\/\/www.korhanyilmaz.com\/index.php?rest_route=\/wp\/v2\/posts"}],"about":[{"href":"http:\/\/www.korhanyilmaz.com\/index.php?rest_route=\/wp\/v2\/types\/post"}],"author":[{"embeddable":true,"href":"http:\/\/www.korhanyilmaz.com\/index.php?rest_route=\/wp\/v2\/users\/1"}],"replies":[{"embeddable":true,"href":"http:\/\/www.korhanyilmaz.com\/index.php?rest_route=%2Fwp%2Fv2%2Fcomments&post=46544"}],"version-history":[{"count":0,"href":"http:\/\/www.korhanyilmaz.com\/index.php?rest_route=\/wp\/v2\/posts\/46544\/revisions"}],"wp:attachment":[{"href":"http:\/\/www.korhanyilmaz.com\/index.php?rest_route=%2Fwp%2Fv2%2Fmedia&parent=46544"}],"wp:term":[{"taxonomy":"category","embeddable":true,"href":"http:\/\/www.korhanyilmaz.com\/index.php?rest_route=%2Fwp%2Fv2%2Fcategories&post=46544"},{"taxonomy":"post_tag","embeddable":true,"href":"http:\/\/www.korhanyilmaz.com\/index.php?rest_route=%2Fwp%2Fv2%2Ftags&post=46544"}],"curies":[{"name":"wp","href":"https:\/\/api.w.org\/{rel}","templated":true}]}}