{"id":46531,"date":"2012-01-16T15:02:09","date_gmt":"2012-01-16T13:02:09","guid":{"rendered":"http:\/\/www.korhanyilmaz.com\/?p=46531"},"modified":"2012-01-16T16:34:00","modified_gmt":"2012-01-16T14:34:00","slug":"karayilan-haburu-erdogan-istedi","status":"publish","type":"post","link":"http:\/\/www.korhanyilmaz.com\/?p=46531","title":{"rendered":"Karay\u0131lan: Habur&#8217;u Erdo\u011fan istedi"},"content":{"rendered":"<p style=\"text-align: center;\"><a href=\"http:\/\/www.korhanyilmaz.com\/wp-content\/uploads\/2012\/01\/9207.jpg\"  class=\"lightview\"><img loading=\"lazy\" decoding=\"async\" class=\"aligncenter  wp-image-46532\" src=\"http:\/\/www.korhanyilmaz.com\/wp-content\/uploads\/2012\/01\/9207.jpg\" alt=\"\" width=\"445\" height=\"251\" \/><\/a><\/p>\n<p style=\"text-align: justify;\">Murat Karay\u0131lan, 5 y\u0131l boyunca devlet yetkilileriyle g\u00f6r\u00fc\u015fmeler yapt\u0131klar\u0131n\u0131 ve Habur&#8217;a PKK&#8217;l\u0131lar\u0131 Ba\u015fbakan Erdo\u011fan&#8217;\u0131n iste\u011fiyle g\u00f6nderdiklerini s\u00f6yledi.<\/p>\n<p style=\"text-align: justify;\">Oslo&#8217;da yap\u0131lan ve bir k\u0131sm\u0131 bas\u0131na yans\u0131yan g\u00f6r\u00fc\u015fmelerin ayr\u0131nt\u0131lar\u0131n\u0131 a\u00e7\u0131klamay\u0131 do\u011fru bulmad\u0131klar\u0131n\u0131 belirten PKK\u2019l\u0131 Murat Karay\u0131lan, Kandil ve Mahmur&#8217;dan T\u00fcrkiye&#8217;ye gelen iki grubu, Ba\u015fbakan Recep Tayyip Erdo\u011fan&#8217;\u0131n iste\u011fi \u00fczerine g\u00f6nderdiklerini belirtti. Karay\u0131lan, bunun i\u00e7in b\u00f6lgesel K\u00fcrt Y\u00f6netimi Ba\u015fkan\u0131 Mesut Barzani&#8217;ye de T\u00fcrkiye&#8217;den mesaj g\u00f6nderildi\u011fini iddia etti.\u00a0<!--more--><\/p>\n<p style=\"text-align: justify;\">Avrupa&#8217;da K\u00fcrt\u00e7e yay\u0131mlanan Rudaw Gazetesi&#8217;ne PKK&#8217;n\u0131n Kandil&#8217;deki kamp\u0131nda konu\u015fan Karay\u0131lan, 2006 y\u0131l\u0131ndan sonra 5 y\u0131l boyunca T\u00fcrkiye devleti ile g\u00f6r\u00fc\u015fmeler yapt\u0131klar\u0131n\u0131, bu g\u00f6r\u00fc\u015fmelerin 2 y\u0131l dolayl\u0131 olarak 3 y\u0131l da direkt olarak ger\u00e7ekle\u015fti\u011fini s\u00f6yledi.<\/p>\n<p style=\"text-align: justify;\">Oslo&#8217;da T\u00fcrkiye ile PKK y\u00f6neticileri aras\u0131nda yap\u0131lan ve bir k\u0131sm\u0131 bas\u0131na yans\u0131yan g\u00f6r\u00fc\u015fmelere de de\u011finen Karay\u0131lan, &#8220;Yap\u0131lan g\u00f6r\u00fc\u015fmeler \u00e7\u00f6z\u00fcm i\u00e7in \u00e7ok \u00f6nemliydi. Bir k\u0131sm\u0131 bas\u0131nda \u00e7\u0131kan bu g\u00f6r\u00fc\u015fmelerin detaylar\u0131n\u0131 a\u00e7\u0131klamay\u0131 do\u011fru bulmuyorum&#8221; dedi.<\/p>\n<p style=\"text-align: justify;\"><strong>&#8216;BA\u015eBAKAN&#8217;IN \u0130STE\u011e\u0130 \u00dcZER\u0130NE G\u00d6NDER\u0130LD\u0130&#8217;<\/strong><\/p>\n<p style=\"text-align: justify;\">Karay\u0131lan, Kandil Da\u011f\u0131 ve Mahmur Kamp\u0131&#8217;ndan 19 Ekim 2009 y\u0131l\u0131nda T\u00fcrkiye&#8217;ye gelen iki PKK&#8217;l\u0131 grubu, Ba\u015fbakan Recep Tayyip Erdo\u011fan&#8217;\u0131n iste\u011fi \u00fczerine g\u00f6nderdiklerini de ifade etti. Karay\u0131lan \u015fu iddialarda bulundu:<\/p>\n<p style=\"text-align: justify;\">&#8220;Kandil ve Mahmur&#8217;dan g\u00f6nderilen iki grubun T\u00fcrkiye&#8217;ye gelmesi, yap\u0131lan g\u00f6r\u00fc\u015fmeler \u00e7er\u00e7evesinde ger\u00e7ekle\u015fti. Kandil ve Mahmur&#8217;dan iki grubun gelmesi \u00f6nerisi Ba\u015fbakan Erdo\u011fan&#8217;a aittir. Bu konuda \u0130mral\u0131&#8217;da bulunan Abdullah \u00d6calan&#8217;a \u00f6nerisi oldu. Yine ayn\u0131 konuda b\u00f6lgesel K\u00fcrt Y\u00f6netimi Ba\u015fkan\u0131 Mesut Barzani&#8217;ye de mesaj yolland\u0131. \u0130ki taraf\u0131n da mesajlar\u0131 bize geldi. O zaman biz de aram\u0131zda g\u00f6r\u00fc\u015ferek iki grubun g\u00f6nderilmesi karar\u0131n\u0131 ald\u0131k. Ba\u015fbakan&#8217;\u0131n elinin g\u00fc\u00e7lenmesi i\u00e7in bu gruplar\u0131n gelmesini T\u00fcrkiye istedi. Biz de arkada\u015flar aras\u0131nda se\u00e7im yaparak, \u00f6zellikle T\u00fcrkiye&#8217;ye gidi\u015flerinde yasal s\u0131k\u0131nt\u0131 \u00e7\u0131kmayacak olan ve bir sorunu bulunmayan arkada\u015flar\u0131 se\u00e7erek g\u00f6nderdik.&#8221;<\/p>\n<p style=\"text-align: justify;\"><a href=\"http:\/\/www.ntvmsnbc.com\/id\/25314379\/\" target=\"_blank\">Kaynak : NTVMSNBC<\/a><\/p>\n","protected":false},"excerpt":{"rendered":"<p style=\"text-align: center;\">\n<p style=\"text-align: justify;\">Murat Karay\u0131lan, 5 y\u0131l boyunca devlet yetkilileriyle g\u00f6r\u00fc\u015fmeler yapt\u0131klar\u0131n\u0131 ve Habur&#8217;a PKK&#8217;l\u0131lar\u0131 Ba\u015fbakan Erdo\u011fan&#8217;\u0131n iste\u011fiyle g\u00f6nderdiklerini s\u00f6yledi.<\/p>\n<p style=\"text-align: justify;\">Oslo&#8217;da yap\u0131lan ve bir k\u0131sm\u0131 bas\u0131na yans\u0131yan g\u00f6r\u00fc\u015fmelerin ayr\u0131nt\u0131lar\u0131n\u0131 a\u00e7\u0131klamay\u0131 do\u011fru bulmad\u0131klar\u0131n\u0131 belirten PKK\u2019l\u0131 Murat Karay\u0131lan, Kandil ve Mahmur&#8217;dan T\u00fcrkiye&#8217;ye gelen iki grubu, Ba\u015fbakan Recep Tayyip Erdo\u011fan&#8217;\u0131n iste\u011fi \u00fczerine g\u00f6nderdiklerini belirtti. <\/p>\n","protected":false},"author":1,"featured_media":0,"comment_status":"open","ping_status":"open","sticky":false,"template":"","format":"standard","meta":{"footnotes":""},"categories":[105],"tags":[],"class_list":["post-46531","post","type-post","status-publish","format-standard","hentry","category-gundem","odd"],"_links":{"self":[{"href":"http:\/\/www.korhanyilmaz.com\/index.php?rest_route=\/wp\/v2\/posts\/46531","targetHints":{"allow":["GET"]}}],"collection":[{"href":"http:\/\/www.korhanyilmaz.com\/index.php?rest_route=\/wp\/v2\/posts"}],"about":[{"href":"http:\/\/www.korhanyilmaz.com\/index.php?rest_route=\/wp\/v2\/types\/post"}],"author":[{"embeddable":true,"href":"http:\/\/www.korhanyilmaz.com\/index.php?rest_route=\/wp\/v2\/users\/1"}],"replies":[{"embeddable":true,"href":"http:\/\/www.korhanyilmaz.com\/index.php?rest_route=%2Fwp%2Fv2%2Fcomments&post=46531"}],"version-history":[{"count":0,"href":"http:\/\/www.korhanyilmaz.com\/index.php?rest_route=\/wp\/v2\/posts\/46531\/revisions"}],"wp:attachment":[{"href":"http:\/\/www.korhanyilmaz.com\/index.php?rest_route=%2Fwp%2Fv2%2Fmedia&parent=46531"}],"wp:term":[{"taxonomy":"category","embeddable":true,"href":"http:\/\/www.korhanyilmaz.com\/index.php?rest_route=%2Fwp%2Fv2%2Fcategories&post=46531"},{"taxonomy":"post_tag","embeddable":true,"href":"http:\/\/www.korhanyilmaz.com\/index.php?rest_route=%2Fwp%2Fv2%2Ftags&post=46531"}],"curies":[{"name":"wp","href":"https:\/\/api.w.org\/{rel}","templated":true}]}}