{"id":46517,"date":"2012-01-16T11:38:04","date_gmt":"2012-01-16T09:38:04","guid":{"rendered":"http:\/\/www.korhanyilmaz.com\/?p=46517"},"modified":"2012-01-16T16:06:08","modified_gmt":"2012-01-16T14:06:08","slug":"46517","status":"publish","type":"post","link":"http:\/\/www.korhanyilmaz.com\/?p=46517","title":{"rendered":"&#8220;Habur&#8217;da hatal\u0131yd\u0131k&#8221;"},"content":{"rendered":"<p style=\"text-align: center;\"><a href=\"http:\/\/www.korhanyilmaz.com\/wp-content\/uploads\/2012\/01\/9204.jpg\"  class=\"lightview\"><img loading=\"lazy\" decoding=\"async\" class=\"aligncenter  wp-image-46518\" src=\"http:\/\/www.korhanyilmaz.com\/wp-content\/uploads\/2012\/01\/9204.jpg\" alt=\"\" width=\"396\" height=\"180\" \/><\/a><\/p>\n<p style=\"text-align: justify;\">Ba\u015fbakan Yard\u0131mc\u0131s\u0131 Be\u015fir Atalay, Habur krizini ve ter\u00f6rle m\u00fccadeleyi bug\u00fcne kadar hi\u00e7 kullanmad\u0131\u011f\u0131 ifadelerle anlatt\u0131.<\/p>\n<p style=\"text-align: justify;\">ANKARA &#8211; Ba\u015fbakan Yard\u0131mc\u0131s\u0131 Prof. Dr. Be\u015fir Atalay, demokratik a\u00e7\u0131l\u0131m projesinin &#8220;yol kazas\u0131&#8221; Habur&#8217;da ya\u015fananlarla ilgili \u00f6zele\u015ftiri yapt\u0131 ve AK Parti&#8217;nin hatalar\u0131n\u0131 a\u00e7\u0131klad\u0131.<\/p>\n<p style=\"text-align: justify;\">\u0130\u015fte Be\u015fir Atalay&#8217;\u0131n, Star gazetesine verdi\u011fi o r\u00f6portaj&#8230;<\/p>\n<p style=\"text-align: justify;\"><strong>TER\u00d6RDE GEL\u0130NEN NOKTA<\/strong><\/p>\n<p style=\"text-align: justify;\">Bug\u00fcn geldi\u011fimiz noktada benim i\u00e7imdeki duygu \u015fudur: T\u00fcrkiye bu sorunu art\u0131k k\u00f6kten \u00e7\u00f6zecek. Ve AK Parti h\u00fck\u00fcmetleri d\u00f6nemi bunun i\u00e7in \u00e7ok b\u00fcy\u00fck f\u0131rsatt\u0131r. \u00c7\u00fcnk\u00fc AK Parti d\u00f6nemlerinde bu sorunlar derinlemesine ele al\u0131nd\u0131, \u00e7\u00f6z\u00fcm i\u00e7in \u00e7al\u0131\u015f\u0131ld\u0131.<!--more--><\/p>\n<p style=\"text-align: justify;\">Yoksa bug\u00fcne kadar oldu\u011fu gibi daha b\u00fcy\u00fck a\u00e7mazlar olurdu. Son d\u00f6nemdeki karma\u015f\u0131k g\u00f6r\u00fcnt\u00fcye ra\u011fmen toplumun her kesiminde bu konuda daha rasyonel d\u00fc\u015f\u00fcnme, daha demokratik, konular\u0131 daha rahat konu\u015fma \u00f6zellili\u011fi artt\u0131. Art\u0131k her kesimde bu konuda pozitif de\u011ferlendirmeler oluyor. \u0130nsanlar kim kimdir, daha iyi tan\u0131d\u0131, tan\u0131yor. \u015eu an \u00f6yle bir noktaday\u0131z. Umutluyum, umutluyum.<\/p>\n<p style=\"text-align: justify;\"><strong>KURULU\u015eUMUZDAN BER\u0130 K\u00dcRT SORUNUYLA \u0130LG\u0130L\u0130Y\u0130Z<\/strong><\/p>\n<p style=\"text-align: justify;\">Bu, derinlikleri olan bir sorun. AK Parti&#8217;nin T\u00fcrkiye&#8217;nin sorunlar\u0131yla y\u00fczle\u015fmesi ve bir anlamda devleti de y\u00fczle\u015ftirmesini sadece 2009&#8217;da ba\u015flayan demokratik a\u00e7\u0131l\u0131mla s\u0131n\u0131rlamamak laz\u0131m. Biz iktidar oldu\u011fumuz g\u00fcn ba\u015flad\u0131k bu sorunlarla y\u00fczle\u015fmeye. Bunun i\u00e7in hem icraatlar\u0131m\u0131za hem yaz\u0131l\u0131 dok\u00fcmanlar\u0131m\u0131za, hem de T\u00fcrkiye&#8217;deki de\u011fi\u015fen geli\u015fen devlete atmosfere bakmak, AK Parti&#8217;nin bu sorunlara bak\u0131\u015f\u0131n\u0131 o k\u00f6kl\u00fc paradigmas\u0131, siyaset anlay\u0131\u015f\u0131 i\u00e7inde de\u011ferlendirmek laz\u0131m.<\/p>\n<p style=\"text-align: justify;\">Ben AK Parti&#8217;nin vitrininden ziyade mutfa\u011f\u0131nda \u00e7ok \u00e7al\u0131\u015ft\u0131m. Kurulurkenki program\u0131ndan ba\u015flayarak b\u00fct\u00fcn se\u00e7im beyannamelerinin, h\u00fck\u00fcmet programlar\u0131n\u0131n olu\u015fmas\u0131na yo\u011fun katk\u0131 verdim. Oradaki her c\u00fcmleyi \u00e7ok \u00f6nemsiyorum \u00e7\u00fcnk\u00fc \u00e7ok d\u00fc\u015f\u00fcn\u00fcp tart\u0131\u015farak m\u00fczakere ederek yazd\u0131k. T\u00fcrkiye&#8217;yi de\u011fi\u015ftirmek, \u015feffaf, a\u00e7\u0131k bir \u00fclke haline getirmek, ge\u00e7mi\u015fte devletin veya devlet ad\u0131na birilerinin yapt\u0131\u011f\u0131 hukuksuzlar\u0131 yanl\u0131\u015flar\u0131 a\u00e7\u0131\u011fa \u00e7\u0131karmak, daha a\u00e7\u0131k bir toplum haline getirmek, herkesin her \u015feyin bildi\u011fi ve gelece\u011fe de daha umutla bakt\u0131\u011f\u0131 bir \u00fclke haline getirmek istedik. Bu konular\u0131 bu derinlikte ele ald\u0131k.<\/p>\n<p style=\"text-align: justify;\"><strong>\u015eARTLARIN OLGUNLA\u015eMASINI BEKLED\u0130K<\/strong><\/p>\n<p style=\"text-align: justify;\">Yaz\u0131l\u0131 dok\u00fcmanlar d\u0131\u015f\u0131nda daha keskin ba\u015flay\u0131\u015f tespit etmek gerekiyorsa Ba\u015fbakan\u0131m\u0131z\u0131n 2005 Diyarbak\u0131r konu\u015fmas\u0131yla ba\u015flatmak daha do\u011fru olur. Daha sonraki \u00e7al\u0131\u015fmalar o kabul \u00fczerine geli\u015fmi\u015ftir. 2005 yaz\u0131 \u00f6ncesi ve sonras\u0131nda o s\u00fcrecin birebir i\u00e7inde olan biriyim ben. Sonraki o konu\u015fmalar, tart\u0131\u015fmalar, g\u00f6r\u00fc\u015fmeler. Tabi bir de olgunla\u015fma bekliyorsunuz. Baz\u0131 konular\u0131 daha somut ele almak, \u00fczerine y\u00fcr\u00fcmek i\u00e7in konunun olgunla\u015fmas\u0131n\u0131 bekliyorsunuz.<\/p>\n<p style=\"text-align: justify;\">2009&#8217;a geldi\u011fimizde bu konu epey olgunla\u015fm\u0131\u015ft\u0131 o zaman i\u00e7in. Her kesimde daha pozitif, \u00e7\u00f6z\u00fcme dair konu\u015fmalar\u0131n, demokratikle\u015fme s\u00fcrecinin b\u00fct\u00fcn sorunlar\u0131 \u00e7\u00f6zebilece\u011fi y\u00f6n\u00fcnde umutlar\u0131n artt\u0131\u011f\u0131 bir d\u00f6nemdi. Ve \u00f6yle bir karar verdik.<\/p>\n<p style=\"text-align: justify;\"><strong>DAHA FAZLA DEMOKRAS\u0130 \u0130\u00c7\u0130N<\/strong><\/p>\n<p style=\"text-align: justify;\">Ad\u0131n\u0131 koyduk. Ba\u015fbakan\u0131m\u0131z bunu a\u00e7\u0131klad\u0131. Beni koordinat\u00f6r olarak g\u00f6revlendirdiler. Ve &#8220;bizim ilkemiz daha fazla demokratikle\u015fmedir&#8221; diyerek yola ba\u015flad\u0131k. Ad\u0131n\u0131 da demokratik a\u00e7\u0131l\u0131m koyduk. Daha fazla demokrasi, daha fazla insan odakl\u0131 \u00e7al\u0131\u015fma her sorunun \u00e7\u00f6z\u00fcm\u00fc. Anlay\u0131\u015f\u0131, empatiyi, merhameti, ge\u00e7mi\u015fle y\u00fczle\u015fmeyi hepsini bir araya toplayacaks\u0131n\u0131z, insan odakl\u0131 olarak derince bakacaks\u0131n\u0131z. O zaman sorunlar daha kolay \u00e7\u00f6z\u00fcl\u00fcr. O zaman ki tart\u0131\u015fmalar\u0131n \u00f6z\u00fc de buydu do\u011frusu. B\u00f6yle ba\u015flad\u0131k ve mesafe almaya \u00e7al\u0131\u015ft\u0131k. O s\u00fcre\u00e7 tabi ilk defa T\u00fcrkiye&#8217;de her soruna insan odakl\u0131 bakmay\u0131 ba\u015flatt\u0131. Ve o g\u00fcnden bu g\u00fcne epey yol ald\u0131k.<\/p>\n<p style=\"text-align: justify;\"><strong>\u00c7OK C\u0130DD\u0130 R\u0130SKLER G\u00d6ZE ALDIK<\/strong><\/p>\n<p style=\"text-align: justify;\">B\u00fct\u00fcn bu \u00e7\u00f6z\u00fcm odakl\u0131 gidi\u015fatta, \u00f6zelde a\u00e7\u0131l\u0131mda iklimin de\u011fi\u015fti\u011fi nokta Habur oldu. Muhalefet Habur&#8217;u, iktidar\u0131 ele\u015ftirebilmek i\u00e7in elveri\u015fli bir f\u0131rsat, stat\u00fckocular kanl\u0131 stat\u00fckonun devam\u0131 i\u00e7in ajite edebilecekleri nokta olarak g\u00f6rd\u00fcler. Habur bize \u015funu da g\u00f6sterdi: Da\u011fdan inenleri bekleyenlerle toplumun geri kalan\u0131n\u0131n duygular\u0131 uzla\u015fmaz \u015fekilde taban tabana z\u0131t ve genel kamuoyunun duygular\u0131 da k\u00fc\u00e7\u00fck bir \u00fcf\u00fcrmeyle bile hemen de\u011fi\u015febilecek nitelikte. Siz Habur&#8217;u &#8220;bir yol kazas\u0131&#8221; olarak tarif ettiniz. Sonras\u0131nda h\u0131zla farkl\u0131 bir s\u00fcre\u00e7 ya\u015fand\u0131 ve bug\u00fcn g\u00fcvenli\u011fin \u00f6nde oldu\u011fu bir noktaday\u0131z. Bu s\u00fcre\u00e7 sizce nas\u0131l ya\u015fand\u0131 ve siz nas\u0131l de\u011ferlendiriyorsunuz?<\/p>\n<p style=\"text-align: justify;\">Kendi a\u00e7\u0131mdan ve h\u00fck\u00fcmetimiz a\u00e7\u0131s\u0131ndan \u015fu tespitleri yapmak laz\u0131m. AK Parti h\u00fck\u00fcmetleri bu konuda \u00e7ok b\u00fcy\u00fck riskler ald\u0131 ve beklenemeyecek kadar, insanlar\u0131 \u015fa\u015f\u0131rtan, ezberleri bozan \u00e7ok cesaretli ad\u0131mlar att\u0131.<\/p>\n<p style=\"text-align: justify;\">Biz bir siyasi partiyiz ve siyasi riskleri kast ediyorum tamamen. Aradan bu kadar zaman ge\u00e7ti, bak\u0131n muhalefet bunu hala kullan\u0131yor. 12 Haziran se\u00e7imleri \u00f6ncesinde MHP&#8217;nin tek malzemesi buydu nerdeyse, benim se\u00e7im b\u00f6lgemde bile kulland\u0131lar. Ama vatanda\u015f bizi, niyetlerimizi iyi bildi\u011fi i\u00e7in fazla etkilenmedi, bilakis oyumuzu art\u0131rd\u0131.<\/p>\n<p style=\"text-align: justify;\"><strong>A\u00c7ILIM VATANDA\u015eIN DEVLETE BA\u011eLANMASI \u0130\u00c7\u0130N<\/strong><\/p>\n<p style=\"text-align: justify;\">Bunlar\u0131n hepsi toplumun b\u00fct\u00fcnl\u00fc\u011f\u00fc ve devletin bekas\u0131 i\u00e7in yap\u0131lan \u00e7al\u0131\u015fmalar. Bilakis bu \u00e7al\u0131\u015fmalar yap\u0131lmazsa bir \u015feyler tarumar oluyor yahut yanl\u0131\u015f geli\u015fmeler oluyor. Bu konuda ileri ad\u0131mlar atan, cesaret g\u00f6steren, risk g\u00f6\u011f\u00fcsleyen \u00fclkeler sonunda hep kazand\u0131lar. T\u00fcrkiye de bunlar\u0131 \u00e7\u00f6zd\u00fc\u011f\u00fcnde kazanacak. Yoksa bizim bu \u00e7al\u0131\u015fmalara ba\u015flarken de, devam\u0131nda da devletin temel de\u011ferleriyle, \u00fcniter yap\u0131m\u0131zla, resmi e\u011fitim dilimizle ilgili bir \u015fey yoktu, bunlar\u0131 hi\u00e7 tart\u0131\u015fmaya a\u00e7mad\u0131k biliyorsunuz. Ama bug\u00fcne devletin veya devlet ad\u0131na i\u015f yapanlar\u0131n vatanda\u015fa kar\u015f\u0131 hoyrat, hi\u00e7e sayan, i\u015fkence eden, zulmeden, haks\u0131zl\u0131k adaletsizlik yapan, faili me\u00e7huller b\u0131rakan, sorgusuz infazlar\u0131n oldu\u011fu, d\u00f6nemler oldu. Devlet toplumun her kesimiyle bir tak\u0131m sorunlar ya\u015fam\u0131\u015f.<\/p>\n<p style=\"text-align: justify;\"><strong>DEVLET VATANDA\u015eIYLA SORUN ODAKLI POL\u0130T\u0130KA Y\u00dcR\u00dcTM\u00dc\u015e<\/strong><\/p>\n<p style=\"text-align: justify;\">Bunun i\u00e7inde dindarlar K\u00fcrtler Ermeniler var. Devlet adeta vatanda\u015f\u0131na kar\u015f\u0131 sorun odakl\u0131 politika y\u00fcr\u00fctm\u00fc\u015f. AK Parti&#8217;nin getirdi\u011fi temel yakla\u015f\u0131m ise insan odakl\u0131, devlet odakl\u0131 de\u011fil. Devlet insana hizmet i\u00e7in var. Esas olan insand\u0131r. Bizim temel ilkemiz net: \u0130nsan\u0131 ya\u015fat ki devlet ya\u015fas\u0131n. Osmanl\u0131 o y\u00fczden uzun ya\u015fam\u0131\u015f. O y\u00fczden burada devleti riske etmek de\u011fil bilakis devlete g\u00fcveni azalm\u0131\u015f insanlar\u0131m\u0131z\u0131n devlete g\u00fcvenini sa\u011flamak. Ve sa\u011flad\u0131k da. Haks\u0131zl\u0131klar bittik\u00e7e, kar\u015f\u0131s\u0131nda daha adil bir devlet g\u00f6rd\u00fck\u00e7e g\u00fcveni art\u0131yor vatanda\u015f\u0131n.<\/p>\n<p style=\"text-align: justify;\"><strong>10 YIL \u00d6NCE K\u00dcRT\u00c7E KASET B\u0130LE D\u0130NLENEM\u0130YORDU<\/strong><\/p>\n<p style=\"text-align: justify;\">Bu politikalar\u0131n, belki de en \u00f6nemli \u00f6zelli\u011fi vatanda\u015f\u0131 tekrar kazanmak. Burada yine devlet kazan\u0131r. Her kesimden vatanda\u015f\u0131n kendi devletine g\u00fcveni artacak. Devletten \u00fcrken, ka\u00e7an, endi\u015feler i\u00e7inde ya\u015fayan vatanda\u015f de\u011fil devlete g\u00fcvenen vatanda\u015f. Devlet bunlar\u0131 hep kazanm\u0131\u015ft\u0131r. Bu, sayd\u0131klar\u0131m\u0131z, t\u00fcm sorun ya\u015fayan vatanda\u015flar\u0131m\u0131z i\u00e7in ge\u00e7erli, sadece K\u00fcrtler i\u00e7in de\u011fil. Bu d\u00f6nemde neler yap\u0131ld\u0131 ona bakmak laz\u0131m. Bizzat BDP milletvekilleri anlatt\u0131, daha on y\u0131l \u00f6nce bir m\u00fczik kasetini gizli gizli, el alt\u0131ndan ula\u015ft\u0131rarak m\u00fczik dinlenilen bir ortam vard\u0131. Bak\u0131n oradan her \u015feyin rahatlad\u0131\u011f\u0131 bir ortama gelindi. K\u00fcrt\u00e7e TV yay\u0131n\u0131n\u0131 kimse d\u00fc\u015f\u00fcnemezdi bu \u00fclkede. Hele 30 y\u0131l ter\u00f6r ya\u015fanm\u0131\u015f bir \u00fclkede kolay de\u011fil.<\/p>\n<p style=\"text-align: justify;\"><strong>HERKES\u0130N ANA D\u0130L\u0130 M\u00dcBAREKT\u0130R<\/strong><\/p>\n<p style=\"text-align: justify;\">Ben devlet bakan\u0131yken RT\u00dcK, TRT, bas\u0131n yay\u0131n kurulu\u015flar\u0131 bana ba\u011fl\u0131yd\u0131. Devlet kanallar\u0131ndan, vatanda\u015flar\u0131n de\u011fi\u015fik ana dillerinde de yay\u0131n yap\u0131labilir mi diye bir tart\u0131\u015fma g\u00fcndeme geldi 2004&#8217;te. Herkesin ana dil m\u00fcbarektir. Orada haftada 3 ya da 4 g\u00fcn yar\u0131m saat ana dilde yay\u0131n ba\u015flataca\u011f\u0131z. Bunun i\u00e7in o kadar u\u011fra\u015ft\u0131k ki biz! Kurumlar buna itiraz ediyor&#8230; RT\u00dcK&#8217;\u00fcn bir y\u00f6netmeli\u011fi de\u011fi\u015fecek oysa sadece. O kadar zor bir \u015fey ki&#8230; \u0130ki \u00fc\u00e7 ayda onu realize ettik ama ben onunla o kadar yoruldum ki&#8230;<\/p>\n<p style=\"text-align: justify;\"><strong>K\u00dcRT\u00c7E YAYIN \u0130\u00c7\u0130N \u00c7OK U\u011eRA\u015eTIM<\/strong><\/p>\n<p style=\"text-align: justify;\">Neticede yar\u0131m saat&#8230; \u00dcstelik TRT 3&#8217;te&#8230; Sonra o y\u00f6netmelik \u00e7\u0131kt\u0131. O yar\u0131m saatte spiker nerede oturacak, ne giyecek, bayra\u011f\u0131m\u0131z nerede duracak vs.ye kadar d\u00fczenlenmi\u015f bir y\u00f6netmelik olarak \u00e7\u0131kt\u0131. Biz bu alanda daha ileri politikalar ba\u015flatt\u0131\u011f\u0131m\u0131zda b\u00fct\u00fcn bunlar\u0131n bir anlam\u0131 kalmad\u0131 ve demokratik a\u00e7\u0131l\u0131m kapsam\u0131nda \u00f6zel televizyonlar dahil devletin televizyonu 24 saat yay\u0131n ba\u015flatt\u0131. Se\u00e7im Kanunu de\u011fi\u015fti.<\/p>\n<p style=\"text-align: justify;\"><strong>YAPACA\u011eIZ DED\u0130\u011e\u0130M\u0130Z HER \u015eEY\u0130 YAPTIK<\/strong><\/p>\n<p style=\"text-align: justify;\">Evet! Vatanda\u015f\u0131m\u0131z\u0131n ana dili farkl\u0131ysa, T\u00fcrk\u00e7e de bilmiyorsa, siyasiler gidip onlara ana dilde anlatabilsinler diye. Bu da \u00e7ok tart\u0131\u015f\u0131ld\u0131. Diyalog \u00e7ok \u00f6nemli halbuki. Yahut o\u011ful cezaevinde, annesi T\u00fcrk\u00e7e bilmiyor. K\u00fcrt\u00e7e de yasak diye ana-o\u011ful anadilde rahat\u00e7a konu\u015famazm\u0131\u015f da terc\u00fcman arac\u0131l\u0131\u011f\u0131yla konu\u015furmu\u015f&#8230; Bunlar\u0131 d\u00fc\u015f\u00fcnmesi bile tuhaf geliyor \u015fimdi insana ama bunlar vard\u0131 uygulan\u0131yordu. B\u00fct\u00fcn bunlar kalkt\u0131. Bunlar\u0131 iyi bilmeleri laz\u0131m. B\u00f6lgede bunlar\u0131 bilen, d\u00fc\u015f\u00fcnen, konu\u015fan \u00e7ok insan var. Biz o y\u00fczden \u00e7ok oy al\u0131yoruz. 2009 ve devam\u0131nda Meclis&#8217;te bir liste sunmu\u015ftum, biz \u015funlar\u0131, \u015funlar\u0131 yapaca\u011f\u0131z diye. O listede bunlar ve ba\u015fka pek \u00e7ok \u015fey vard\u0131 ve hepsi realize oldu.<\/p>\n<p style=\"text-align: justify;\"><strong>BAYKAL S\u0130YAS\u0130 HAYATININ HATASINI YAPTI<\/strong><\/p>\n<p style=\"text-align: justify;\">En \u00f6nemli diren\u00e7 muhalefetten geldi. CHP ve MHP&#8217;den. \u00dcstelik CHP bug\u00fcne kadar bu konuya kafa yormu\u015f, \u00e7\u00f6z\u00fcm raporlar\u0131 \u00fcretmi\u015f. Ama Deniz Baykal&#8217;\u0131n kendisi ileride bunu anlayacakt\u0131r- ana muhalefet lideri olarak yapt\u0131\u011f\u0131 en b\u00fcy\u00fck hata bu projeye kar\u015f\u0131 \u00e7\u0131kmas\u0131d\u0131r. \u00c7ok sert bir muhalefet y\u00fcr\u00fctt\u00fc. Oysa inan\u0131n \u00f6z\u00fcnde hi\u00e7bir sorunu yoktu, CHP&#8217;nin ve Deniz Baykal&#8217;\u0131n bu \u00e7al\u0131\u015fmayla. Sadece bunu AK Parti&#8217;nin yap\u0131yor olmas\u0131 onlar\u0131 \u00e7\u0131ld\u0131rtt\u0131 adeta. Ve \u015fiddetle kar\u015f\u0131 \u00e7\u0131kt\u0131lar. Bu tepki toplum kesimlerini etkiliyor tabi, kendi taban\u0131m\u0131z\u0131 bile \u00e7ok noktada etkiledi.<\/p>\n<p style=\"text-align: justify;\"><strong>S\u00dcREC\u0130 HIZLANDIRDIK, HABUR YA\u015eANDI<\/strong><\/p>\n<p style=\"text-align: justify;\">E zorlad\u0131 tabi. Bir yandan TOBB&#8217;undan T\u00dcS\u0130AD&#8217;\u0131na T\u00fcrkiye&#8217;deki t\u00fcm sivil toplum kurulu\u015flar\u0131, b\u00fct\u00fcn sendikalar, Barolar Birli\u011fi, g\u00f6r\u00fc\u015fmedi\u011fimiz kimse kalmad\u0131. Hepsi &#8220;aman bu ter\u00f6r, bu ac\u0131lar bitsin&#8221; diye her katk\u0131y\u0131 vermeye haz\u0131r. Ama bu iki siyasi parti b\u00f6yle yapt\u0131. Yine de biz her \u015feyi g\u00f6r\u00fc\u015f\u00fcyorduk ve \u00e7ok \u00e7al\u0131\u015f\u0131yorduk bu konuda. Neredeyse b\u00fct\u00fcn birikimimizi bu sorunlar \u00e7\u00f6z\u00fcls\u00fcn, s\u00fcre\u00e7 iyi y\u00fcr\u00fcs\u00fcn diye kullan\u0131yorduk do\u011frusu. Ama Habur biraz ani geli\u015fti.<\/p>\n<p style=\"text-align: justify;\"><strong>S\u00d6Z VERD\u0130LER AKS\u0130N\u0130 YAPTILAR<\/strong><\/p>\n<p style=\"text-align: justify;\">Biz da\u011fdan ini\u015fin ilk \u00f6rne\u011fini g\u00f6stermek istiyorduk. Parlamentoda konuyu genel g\u00f6r\u00fc\u015fmeye a\u00e7t\u0131k, \u00f6zel oturum yapt\u0131k. Bunu da ilk defa burada s\u00f6ylemi\u015f oluyorum. Ondan \u00f6nce da\u011fdan ini\u015fi de g\u00f6stermek i\u00e7in biraz da zaman\u0131 s\u0131k\u0131\u015ft\u0131rarak bu ilk ini\u015flerin olmas\u0131n\u0131 arzu ettik. Devletin istihbarat kurumlar\u0131 bunlar\u0131 organize ettiler. Ama bildi\u011finiz Habur ya\u015fand\u0131. \u00d6yle olmayabilirdi. Biz de geriye bakt\u0131\u011f\u0131m\u0131zda kendimizle ilgili, daha iyi organize edilebilirdi diye kendimizi bir\u00e7ok y\u00f6nden irdeledik. Gayet normaldir bunlar, insani \u015feyler.<\/p>\n<p style=\"text-align: justify;\"><strong>S\u00dcRECE EN B\u00dcY\u00dcK ZARARI DTP VERD\u0130<\/strong><\/p>\n<p style=\"text-align: justify;\">Hay\u0131r. Asla tecr\u00fcbesizlik de\u011fil. Orada silah b\u0131rak\u0131p da\u011fdan inen, pi\u015fmanl\u0131\u011f\u0131n\u0131 ifade eden yahut \u00f6nceki \u015fartlar\u0131ndan vazge\u00e7ip evine d\u00f6nen insanlar olacakt\u0131, bu bir model olacakt\u0131 ve pe\u015finden de ba\u015fka ad\u0131mlar at\u0131lacakt\u0131. Bu konuda DTP&#8217;nin yapt\u0131\u011f\u0131 (bug\u00fcnk\u00fc BDP) di\u011fer partilerinden yapt\u0131\u011f\u0131ndan daha b\u00fcy\u00fck zarar verdi s\u00fcrece. Biz orada olacaklar\u0131 \u00f6nceden tespit ettik, DTP ile g\u00f6r\u00fc\u015fmelerimizde. Ahmet Beyle (Ahmet T\u00fcrk) \u00e7ok g\u00f6r\u00fc\u015ft\u00fck. Habur&#8217;dan iki g\u00fcn \u00f6nce bana oradan haberler gelmi\u015fti, DTP&#8217;liler haz\u0131rl\u0131k yap\u0131yor diye, acele onlar\u0131 arad\u0131m. Mehdi Eker beyin ofisi vard\u0131r \u00c7iftlik&#8217;te. Oraya geldiler. Mehdi Bey de vard\u0131 g\u00f6r\u00fc\u015fmede. Ahmet Bey de S\u0131rr\u0131 Sak\u0131k ile geldi. Orada aynen \u015fu g\u00f6r\u00fc\u015fmeleri yapt\u0131k: Bak\u0131n y\u00fcr\u00fcyen bir s\u00fcre\u00e7 var. Bu s\u00fcreci sabote etmeyin, ettirmeyin. Sizlerle de g\u00f6r\u00fc\u015f\u00fcyoruz, s\u00fcrece zarar verdirmeyin, gelenleri ala ile vala ile kar\u015f\u0131lamay\u0131n, dedik. Do\u011frusu o konuda biz devlet olarak olanca riskleri g\u00f6\u011f\u00fcsledik, s\u00fcre\u00e7 sa\u011fl\u0131kl\u0131 y\u00fcr\u00fcs\u00fcn diye, bir s\u00fcr\u00fc de ele\u015ftiri ald\u0131k. Bizim derdimiz sorunun \u00e7\u00f6z\u00fcm\u00fcne katk\u0131. Herkes g\u00f6rs\u00fcn, insanlar da\u011fdan, silah\u0131n\u0131 b\u0131rak\u0131p iniyor, evine gidiyor. G\u00f6stermek istedi\u011fimiz \u015fey buydu. Bug\u00fcn de hedef hala bu.<\/p>\n<p style=\"text-align: justify;\"><strong>AHMET T\u00dcRK&#8217;\u00dcN G\u00dcC\u00dc YETMED\u0130<\/strong><\/p>\n<p style=\"text-align: justify;\">DTP ya da ter\u00f6r \u00f6rg\u00fct\u00fc. Kim kiminle nas\u0131l irtibatl\u0131ysa art\u0131k, ger\u00e7i biz biliyoruz ya. Yani sonu\u00e7ta, ba\u015ftan aman dedi\u011fimiz her \u015fey oldu. Ahmet T\u00fcrk&#8217;\u00fcn g\u00fcc\u00fc yetmedi. O \u00e7\u00fcnk\u00fc, olmayacak, ben \u00f6nleyece\u011fim demi\u015fti. Ama oraya partinin otob\u00fcs\u00fcn\u00fc g\u00f6t\u00fcrd\u00fcler! Vatanda\u015f\u0131 oraya toplad\u0131ktan sonra, farkl\u0131 m\u00fcdahaleler olabilirdi, g\u00fcvenlik m\u00fcdahaleleri olabilirdi ama biz yapmad\u0131k. Devlet olarak konu\u015ftuk g\u00f6r\u00fc\u015ft\u00fck. S\u00fcreci zedelemeyelim, biz insani bir \u015fey, demokratik bir s\u00fcre\u00e7 y\u00fcr\u00fct\u00fcyoruz, bunun i\u00e7ine tekrar g\u00fcvenlik boyutunu ta\u015f\u0131mayal\u0131m dedik. O gece biz arkada\u015flarla uyumad\u0131k, aman sa\u011fl\u0131kl\u0131 y\u00fcr\u00fcs\u00fcn diye&#8230; (Derin bir nefes al\u0131yor) Hepimizin \u00e7abas\u0131 ter\u00f6r\u00fc bitirmek, ba\u015fka ne olacak.<\/p>\n<p style=\"text-align: justify;\"><strong>HAYAL KIRIKLI\u011eI YA\u015eAMADIM<\/strong><\/p>\n<p style=\"text-align: justify;\">Hay\u0131r, hayal k\u0131r\u0131kl\u0131\u011f\u0131 dememek laz\u0131m buna. Ben uzun bir hayat\u0131n i\u00e7inden geliyorum, m\u00fccadele dolu da bir hayatt\u0131r. Hayal k\u0131r\u0131kl\u0131\u011f\u0131n\u0131 hi\u00e7 ya\u015famad\u0131m. 12 Eyl\u00fcl&#8217;de de, 28 \u015eubat&#8217;ta da haks\u0131zl\u0131klara u\u011frad\u0131m ama b\u00f6yle hissetmedim. T\u00fcrkiye&#8217;nin ger\u00e7eklerini iyi bilir, iyi analiz ederseniz hayal k\u0131r\u0131kl\u0131\u011f\u0131na u\u011fram\u0131yorsunuz. Toplumumuzun \u00fclkemizin ger\u00e7ekleri var. G\u00fcc\u00fcn varsa bu ger\u00e7ekleri de\u011fi\u015ftir. Bedbinli\u011fe d\u00fc\u015fmenin hi\u00e7 alemi yok, bu kararl\u0131l\u0131kla y\u00fcr\u00fcrseniz de\u011fi\u015ftiriyorsunuz da bir \u015feyleri&#8230;<\/p>\n<p style=\"text-align: justify;\"><strong>\u0130ST\u0130SMAR ED\u0130LD\u0130K<\/strong><\/p>\n<p style=\"text-align: justify;\">Orada istismar edildik. Farkl\u0131 de\u011ferlendirmeler oldu. Sonradan yeni geli\u015flerin, s\u00fcrecin \u00f6n\u00fcn\u00fc t\u0131kam\u0131\u015f oldu ama biz \u00e7al\u0131\u015fmalar\u0131m\u0131za ara vermedik. Kurumlar\u0131m\u0131z o bildi\u011finiz g\u00f6r\u00fc\u015fmeleri yapt\u0131 (M\u0130T-PKK g\u00f6r\u00fc\u015fmelerini kast ediyor) Biz 12 Haziran&#8217;a kadar da bu s\u00fcreci y\u00fcr\u00fctt\u00fck. Zaten at\u0131lacak \u00f6nemli demokrasi ad\u0131mlar\u0131 at\u0131lm\u0131\u015ft\u0131. Y\u0131llard\u0131r vatanda\u015flar\u0131m\u0131z\u0131n \u00f6zledi\u011fi, mahrum oldu\u011fu k\u00fclt\u00fcrel haklar verilmi\u015fti. Ondan sonras\u0131 nihai \u00e7\u00f6z\u00fcme d\u00f6n\u00fck ad\u0131mlard\u0131. 12 Haziran&#8217;dan sonra toplumun ba\u015fka bir umudu vard\u0131; yeni anayasa. Herkes bunu konu\u015ftu, partiler yeni anayasa vaat etti. Ama n&#8217;oldu? Daha yeni anayasa i\u00e7in Meclis platformu olu\u015fmadan ter\u00f6r ba\u015flad\u0131. Ter\u00f6r\u00fcn zaten bir izah\u0131 yoktur ama bunun hi\u00e7bir makuliyeti olamaz. Ter\u00f6r \u00f6rg\u00fct\u00fc a\u00e7\u0131s\u0131ndan da, K\u00fcrt sorunu a\u00e7\u0131s\u0131ndan kimse bunu izah edemez. O zaman i\u015fte &#8220;verilen s\u00f6zler yap\u0131lmad\u0131 da&#8230;&#8221; gibi \u015feyler s\u00f6ylendi. Hay\u0131r, hi\u00e7bir s\u00f6z verilmemi\u015f, taahh\u00fct alt\u0131na girilmemi\u015ftir. Hep \u015funu dedik; yeni d\u00f6nem T\u00fcrkiye&#8217;nin farkl\u0131 bir d\u00f6nemi olacak. 24. Meclis T\u00fcrkiye&#8217;yi de\u011fi\u015ftirecek, on y\u0131ld\u0131r y\u00fcr\u00fctt\u00fc\u011f\u00fcm\u00fcz s\u00fcre\u00e7 anayasa ile adeta per\u00e7inlenecek.<\/p>\n<p style=\"text-align: justify;\"><strong>PKK-BDP DE H\u0130\u00c7 B\u0130R \u0130Y\u0130 N\u0130YET YOK<\/strong><\/p>\n<p style=\"text-align: justify;\">\u015eimdi bak\u0131n. Hi\u00e7bir iyi niyet yok. Ben b\u00fct\u00fcn bu boyutlarda iyi niyetini koruyan, \u015fartlar\u0131n i\u00e7inden bile iyi niyetler \u00e7\u0131karmaya \u00e7al\u0131\u015fan biriyim ama burada hi\u00e7bir iyi niyet g\u00f6rm\u00fcyorum. Se\u00e7imden sonra ba\u015flayan ter\u00f6r, Temmuz&#8217;un ortas\u0131nda Silvan&#8217;da dinlenme an\u0131ndayken 13 askerimizin \u015fehit edilmesi, ayn\u0131 g\u00fcn bizim akl\u0131selim diye bildi\u011fimiz Ahmet T\u00fcrk&#8217;\u00fcn ba\u015f\u0131nda oldu\u011fu DTK&#8217;n\u0131n demokratik \u00f6zerklik ilan etmesi&#8230; Bunlar\u0131n hi\u00e7birini iyi niyetle yorumlayamay\u0131z. Bir se\u00e7im yap\u0131lm\u0131\u015f. K\u00fcrt siyasetini Meclis&#8217;te y\u00fcr\u00fctmek i\u00e7in y\u00fcksek say\u0131da da vekil se\u00e7ilmi\u015f. Bir k\u0131sm\u0131 ger\u00e7i sorunlu ama Ankara&#8217;ya gelmiyor, Diyarbak\u0131r&#8217;dan ayr\u0131lam\u0131yorlar. \u00c7\u00fcnk\u00fc onlara \u00f6yle deniyor. Bunlar\u0131 sonra biz de tetkik ettik. AK Parti h\u00fck\u00fcmeti, devlet, devletin b\u00fct\u00fcn mekanizmalar\u0131 bu sorunlar\u0131 \u00e7\u00f6zelim derken b\u00f6yle bir tablo \u00e7\u0131k\u0131yor. Ondan sonra geli\u015fen de\u011fi\u015fik ter\u00f6r olaylar\u0131, Hatay taraflar\u0131, \u00c7ukurca&#8230; A\u011fustos&#8217;ta kendi aram\u0131zda konu\u015furken, Ba\u015fbakan\u0131m\u0131z da, b\u00fcy\u00fck bir insani bak\u0131\u015fla &#8220;ya bu Ramazan&#8221; diyorduk. Ama ac\u0131mas\u0131z, tam manas\u0131yla haince sald\u0131r\u0131lar oldu. 17 A\u011fustos \u00f6ncesi oturduk konu\u015ftuk ve i\u00e7erde-d\u0131\u015far\u0131da operasyon karar\u0131 ald\u0131k\u2013zaten meclis yetki vermi\u015fti- . Benim yeni d\u00f6nemdeki g\u00f6revim Ter\u00f6rle M\u00fccadele Y\u00fcksek Kurulu Koordinasyonunu y\u00fcr\u00fctmek. Sizin, yeni d\u00f6nemde g\u00fcvenlik \u00f6ne ge\u00e7ti dedi\u011finiz durum budur. Buraya nas\u0131l gelindi\u011fini g\u00f6rmek laz\u0131m. T\u00fcrkiye burada hakl\u0131 bir konumdad\u0131r. Ve bize d\u0131\u015far\u0131dan ve i\u00e7eriden hi\u00e7bir rahats\u0131z edici ele\u015ftiri gelmemi\u015ftir. Sebebi \u00e7ok me\u015fru bir zeminde olmam\u0131z ve hukukun i\u00e7inde olmaya \u00e7ok gayret etmemizdir. T\u00fcm g\u00fcvenlik kurumlar\u0131m\u0131z, askerimiz, polisimiz bu i\u015fleri y\u00fcr\u00fct\u00fcrken yine insani bak\u0131\u015f hep korundu.<\/p>\n<p style=\"text-align: justify;\"><strong>TER\u00d6R\u00dcN G\u0130DECE\u011e\u0130 YER YOK<\/strong><\/p>\n<p style=\"text-align: justify;\">10, 20, 30, 40 y\u0131l \u00f6ncesinde K\u00fcrt sorunu neydi, bug\u00fcn ne diye buna bakan, zerre kadar insaf\u0131 olan bug\u00fcnk\u00fc geli\u015fmelere d\u00f6rt elle sar\u0131l\u0131r. K\u00fcrtler \u015fu son d\u00f6nemde \u00e7ok \u00f6nemli k\u00fclt\u00fcrel haklar\u0131n\u0131 elde ettiler, daha rahat ya\u015f\u0131yorlar, k\u00f6ylere kadar giden b\u00fcy\u00fck bir kalk\u0131nma seferberli\u011fi var, b\u00f6lgede b\u00fcy\u00fck yat\u0131r\u0131mlar var. Y\u00fcksekova&#8217;da Cizre&#8217;de hastaneler, havaalanlar\u0131 yap\u0131l\u0131yor ama m\u00fcteahhitleri tehdit ediyorlar, devlet buralara yat\u0131r\u0131m yapm\u0131yor diyebilelim, vatanda\u015f\u0131 daha rahat tahrik edelim diye. Y\u00fcksekova&#8217;da o kadar g\u00fczel bir hastane yap\u0131ld\u0131 ki p\u0131r\u0131l p\u0131r\u0131l. Ama halk\u0131 tehdit ediyor a\u00e7\u0131l\u0131\u015f t\u00f6renlerine g\u00f6ndermiyorlar. Biraz insaf izan sahibi olsalar, devlet eski devlet de\u011fil, vatanda\u015f\u0131na \u015fefkat g\u00f6steriyor, herkesin hakk\u0131n\u0131 hukukunu koruyor, eskisi gibi inkar politikalar\u0131 yok, ger\u00e7ek\u00e7i, \u00e7ok seslili\u011fi kabul ediyor deseler, zaten ter\u00f6rle var\u0131lacak nokta da kalmam\u0131\u015f, vural\u0131m \u00f6ld\u00fcrelim, vatanda\u015f\u0131 huzursuz edelim, ter\u00f6r bundan sonra ancak bunun i\u00e7in yap\u0131l\u0131r. Ben bu i\u015flere bu kadar kafa yormu\u015f biri olarak g\u00f6r\u00fcyorum bunu. Bunu da vatanda\u015fa b\u00f6yle anlatmak istiyoruz. Ba\u015fbakan\u0131m\u0131z konu\u015fmalar\u0131nda bunlar\u0131 anlat\u0131yor. Biraz samimiyet olsa, \u00e7\u00f6z\u00fclemeyecek sorumuz yok. Devlet b\u00fct\u00fcn g\u00f6nl\u00fcn\u00fc a\u00e7m\u0131\u015f, b\u00fct\u00fcn mekanizmalar\u0131n\u0131 seferber etmi\u015f bunlar\u0131 \u00e7\u00f6zeyim diye.<\/p>\n<p style=\"text-align: justify;\"><strong>ONLARIN HAYAL ETMED\u0130\u011e\u0130N\u0130 B\u0130LE YAPTIK<\/strong><\/p>\n<p style=\"text-align: justify;\">Bunlara AK Parti iktidar\u0131ndan \u00f6nceki talepleriniz ne diye sorsan\u0131z belki bizim \u015fu ger\u00e7ekle\u015ftirdiklerimizden daha az\u0131yd\u0131 istedikleri. Ama her g\u00fcn de\u011fi\u015fen bir g\u00f6r\u00fcnt\u00fc var kar\u015f\u0131m\u0131zda. Dolay\u0131s\u0131yla iyi niyet ve samimiyet dedi\u011fimiz \u015fey burada \u00f6l\u00e7\u00fcl\u00fcyor. Devlet kuca\u011f\u0131n\u0131 a\u00e7\u0131yor, yapabilece\u011fini yap\u0131yor vatanda\u015f\u0131 rahat etsin diye. Bunlar d\u0131\u015f\u0131nda ayr\u0131ca, kalk\u0131nma, hayat standard\u0131n\u0131n y\u00fckseltilmesi i\u00e7in \u00e7aba sarf ediyor. K\u00fclt\u00fcrel haklar veriliyor. Nerede ezilmi\u015flik, bir ayr\u0131m var m\u0131 bug\u00fcn? Bizim d\u00fcr\u00fcst\u00e7e bak\u0131\u015f\u0131m\u0131z bu. Bundan sonra da b\u00f6yle bakmaya devam edece\u011fiz. Devlet vatanda\u015f\u0131n\u0131 kazan\u0131yor \u015fu anda.<\/p>\n<p style=\"text-align: justify;\"><strong>TER\u00d6R\u00dcN ULUSLAR ARASI BOYUTUNU TAK\u0130PTEY\u0130Z<\/strong><\/p>\n<p style=\"text-align: justify;\">T\u00fcrkiye&#8217;deki ter\u00f6r uluslararas\u0131 boyutu fazla olan bir ter\u00f6rd\u00fcr. Buradan pek \u00e7ok yoruma m\u00fcsait senaryolar \u00e7\u0131karabilirsiniz. Baz\u0131lar\u0131n\u0131 somutla\u015ft\u0131rabilirsiniz bilgisi belgesiyle, bir k\u0131sm\u0131n\u0131 belki yorumdan \u00f6teye g\u00f6t\u00fcremeyebilirsiniz. T\u00fcrkiye&#8217;deki ter\u00f6r \u00f6rg\u00fct\u00fcn\u00fcn uluslararas\u0131 boyutunun fazla oldu\u011funu unutmamak laz\u0131m ama. Sadece T\u00fcrkiye i\u00e7i ve Kuzey Irak de\u011fil, Avrupa&#8217;da b\u00fcy\u00fck bir zemini oldu\u011fu, kom\u015fu \u00fclkelerle pek \u00e7ok irtibat\u0131n\u0131n oldu\u011funu biliyoruz ter\u00f6r \u00f6rg\u00fct\u00fcn\u00fcn. G\u00fcvenlik\u00e7iler de bunu s\u00f6ylerler, ter\u00f6r \u00f6rg\u00fctlerinin ne zaman ta\u015feron ne zaman kendi inisiyatifinde oldu\u011funu ay\u0131rt etmek zordur. Hele bu kadar karma\u015f\u0131k bir \u00e7er\u00e7eve i\u00e7inde ise ter\u00f6r \u00f6rg\u00fct\u00fc. Dedi\u011finiz noktada \u00e7ok \u015fey s\u00f6ylenebilir, bizim de o konuda \u00e7ok tespitimiz var, \u00e7ok da dikkatliyiz, uluslararas\u0131 geli\u015fmeler ve bunlar\u0131n nerede ne kadar etkili olaca\u011f\u0131 konusunda. Son y\u0131llarda giri\u015fimlerimizi \u00e7ok art\u0131rd\u0131k. Avrupa&#8217;da baz\u0131 \u00fclkeler etkili olmasa da baz\u0131 operasyonlar yapt\u0131lar. Takip ediyoruz.<\/p>\n<p style=\"text-align: justify;\"><strong>M\u00dcCADELEDE \u00c7OK \u0130Y\u0130 D\u00d6NEMDEY\u0130Z<\/strong><\/p>\n<p style=\"text-align: justify;\">T\u00fcrkiye&#8217;de devletin t\u00fcm mekanizmalar\u0131n\u0131n kurumlar\u0131n\u0131n \u00e7ok ciddi bir bak\u0131\u015f birli\u011fi var. Bak\u0131\u015f birli\u011fi, e\u015fg\u00fcd\u00fcm, payla\u015fma ve birlikte \u00e7al\u0131\u015fma var. Do\u011frusu son d\u00f6nemdeki etkililik, bununla ilgilidir. Genelkurmay komuta kademesindeki, M\u0130T&#8217;teki de\u011fi\u015fim ve geli\u015fim sonucunda, Ter\u00f6rle M\u00fccadele Y\u00fcksek Kurulu&#8217;ndaki \u00e7al\u0131\u015fma, birliktelik, ortak politika, her kurumun \u00fczerine ald\u0131\u011f\u0131 g\u00f6revi iyi yerine getirmesi, istihbarat\u0131 payla\u015f\u0131m\u0131 ve i\u015fbirli\u011finde do\u011frusu \u00e7ok iyi bir d\u00f6nemi ya\u015f\u0131yoruz. D\u0131\u015fi\u015fleri Bakanl\u0131\u011f\u0131m\u0131z\u0131n da bu konudaki i\u015fbirli\u011fi \u00e7ok etkili. Biz i\u00e7eride ve d\u0131\u015far\u0131da \u00e7al\u0131\u015fmalar\u0131m\u0131z\u0131 b\u00f6yle y\u00fcr\u00fct\u00fcyoruz.<\/p>\n<p style=\"text-align: justify;\"><strong>OPERASYONLAR \u00c7OK ETK\u0130L\u0130 OLDU<\/strong><\/p>\n<p style=\"text-align: justify;\">Masaya g\u00fc\u00e7l\u00fc oturmak gibi \u015feylere ben kat\u0131lm\u0131yorum. 2011 yaz\u0131nda t\u0131rmanan bir ter\u00f6r var. Operasyonlar devletin t\u00fcm kurum ve kararl\u0131\u011f\u0131yla bunun \u00fczerine yapt\u0131\u011f\u0131 g\u00fcvenlik operasyonudur. Do\u011frusu Kuzey Irak&#8217;taki operasyonlar \u00e7ok etkili olmu\u015ftur. Halen devam ediyor. \u0130\u00e7erde alan hakimiyeti olarak iyi, verimli \u00e7al\u0131\u015fmalar yap\u0131lm\u0131\u015ft\u0131r. Ve bu s\u00fcrecek. Esasen kar\u015f\u0131n\u0131zda silahl\u0131 bir ter\u00f6r \u00f6rg\u00fct\u00fc varsa g\u00fcvenlik tedbirlerinizi daima g\u00fc\u00e7l\u00fc tutmak durumundas\u0131n\u0131z. Di\u011fer \u00e7al\u0131\u015fmalar\u0131m\u0131z yine s\u00fcrecektir ama bu ihmal edilmezidir. Yoksa vatanda\u015f\u0131n\u0131z\u0131n askerinizin polisinizin \u015fehit edilmesi gibi sonu\u00e7lar do\u011far. Dolay\u0131s\u0131yla silahl\u0131 ter\u00f6r \u00f6rg\u00fct\u00fc varsa g\u00fcvenlik birimlerinizin m\u00fccadelesi en etkili s\u00fcrecektir ama bu di\u011fer \u00e7al\u0131\u015fmalar\u0131n ihmali anlam\u0131na gelmez.<\/p>\n<p style=\"text-align: justify;\"><strong>TER\u00d6R M\u0130N\u0130MAL\u0130ZE OLACAK<\/strong><\/p>\n<p style=\"text-align: justify;\">\u015eimdi k\u0131\u015f ama operasyonlar s\u00fcr\u00fcyor. Eskiden PKK k\u0131\u015f konumuna ge\u00e7er, ma\u011faralara \u00e7ekilir eylem yapmazd\u0131 ve asker de operasyon yapmazd\u0131. Zaten eskiden TSK sadece PKK eylem yapt\u0131\u011f\u0131nda cevap verir ve ter\u00f6rist kovalard\u0131. \u015eimdi ise sald\u0131r\u0131 beklenmeksizin operasyon yap\u0131l\u0131yor. Bunlar ter\u00f6rle m\u00fccadelede yeni d\u00f6nem konseptinin farklar\u0131. Ancak yaz bahar aylar\u0131 gelip de PKK yeniden eyleme ba\u015flarsa&#8230;diye kurulan korku c\u00fcmleleri var, malumunuz. Yaz bahar i\u00e7in de tedbirli misiniz?<\/p>\n<p style=\"text-align: justify;\">Bak\u0131n, g\u00fcvenlikle ilgili tedbirlerimiz \u00e7ok g\u00fc\u00e7l\u00fc. \u00c7ok etkili bir s\u00fcre\u00e7 i\u015fliyor zaten. K\u0131\u015f d\u00f6neminde bile sizin ifade etti\u011finiz gibi s\u00fcr\u00fcyor bu. S\u00fcrecek. S\u0131n\u0131r \u00f6tesinde de s\u00fcrecek. Ve ter\u00f6r \u00f6rg\u00fct\u00fc \u015fu anda s\u0131n\u0131r \u00f6tesinde de rahat de\u011fil. S\u00fcrekli yer de\u011fi\u015ftiriyor. Ve bunun art\u0131k k\u0131\u015f\u0131 ilkbahar\u0131 falan yok. Bunu tamamlayan, d\u0131\u015f politika enstr\u00fcmanlar\u0131 ve ili\u015fkileridir. Benim size s\u00f6yleyece\u011fim \u015fu; bu \u00e7al\u0131\u015fmalar \u00f6yle y\u00fcr\u00fcyor ki in\u015fallah T\u00fcrkiye bu sorunlar\u0131 olduk\u00e7a minimalize edecek. Oraya do\u011fru gidiyoruz.<\/p>\n<p style=\"text-align: justify;\"><strong>B\u00d6LGE HALKI KCK OPERASYONLARINDAN MEMNUN<\/strong><\/p>\n<p style=\"text-align: justify;\">Bu, yarg\u0131da y\u00fcr\u00fcyen bir i\u015f. Deliller gerek\u00e7eler g\u00f6zalt\u0131 tutuklama yarg\u0131lama kararlar yarg\u0131da. \u0130yi gerek\u00e7elendirme, haks\u0131zl\u0131klara yol a\u00e7mama vs. yarg\u0131n\u0131n i\u015fi. Sivil siyasetin \u00f6n\u00fcn\u00fc a\u00e7mak i\u00e7in her \u015feyi yapt\u0131k biz. Bu i\u015fin siyasetini yapan arkada\u015flara da hep s\u00f6ylerim, biz \u00e7\u00f6z\u00fcm\u00fc hep parlamentoda g\u00f6rd\u00fck, buray\u0131 i\u015faret ettik. Sorunu 1) millet iradesi 2) siyaset kurumu \u00e7\u00f6zs\u00fcn dedik. Ama siyaset yaps\u0131n, \u015fiddeti savunmas\u0131n. Bunu d\u00fc\u015f\u00fcnce \u00f6zg\u00fcrl\u00fc\u011f\u00fc i\u00e7in de diyoruz. \u015eiddeti kimse kabul edemez. O zaman zaten siyasete gerek kalmaz. Vatanda\u015f\u0131n KCK operasyonlar\u0131ndan olumsuz etkilendi\u011fine kat\u0131lm\u0131yorum. Etkilenen de oluyordur ama olumlu etkilenen daha fazla. Bu bir kanaat de de\u011fil.<\/p>\n<p style=\"text-align: justify;\"><strong>HALK BU SORUNU AK PART\u0130&#8217;N\u0130N \u00c7\u00d6ZECE\u011e\u0130NE \u0130NANIYOR<\/strong><\/p>\n<p style=\"text-align: justify;\">Bu yaz d\u00f6nemi do\u011frusu herkesi yeniden d\u00fc\u015f\u00fcnd\u00fcrd\u00fc. Ba\u015fta devleti d\u00fc\u015f\u00fcnd\u00fcrd\u00fc, devletin mekanizmalar\u0131n\u0131, h\u00fck\u00fcmeti d\u00fc\u015f\u00fcnd\u00fcrd\u00fc. Hepimiz, o samimiyeti niyeti sorgulad\u0131k. Kabul edilemez bir \u015fey tabi o, hem siyaset kesimiyle, hem ter\u00f6r kesimiyle. Eminim toplumumuz da farkl\u0131 farkl\u0131 kesimlerde bunu de\u011ferlendirmi\u015ftir. Ama bunu umutsuzluk gibi g\u00f6rm\u00fcyoruz. Kendi tespitlerimize g\u00f6re AK Parti bunu \u00e7\u00f6zecek gibi bir yakla\u015f\u0131m var toplumda. AK Parti&#8217;nin \u00e7\u00fcnk\u00fc bu sorunlara bak\u0131\u015f\u0131n\u0131 toplum art\u0131k anlad\u0131. \u0130lk ba\u015flarda sorgulamalar vard\u0131. Bu da normaldi. 20, 30 y\u0131l bu sorun ya\u015fanm\u0131\u015f, \u00fclkenin her yerinde ilinde k\u00f6y\u00fcnde \u015fehitlerimiz olmu\u015f. \u0130nsanlar\u0131n politikalar\u0131 sorgulamalar\u0131 normaldir. Biz de halk\u0131m\u0131za anlatt\u0131k. Niyetimiz bu sorunlar\u0131 bitirmek, art\u0131k kimse \u015fehit olmas\u0131n dedik. Halk da bunu istiyor. Biz bunun i\u00e7in \u00e7al\u0131\u015f\u0131yoruz. \u00d6nceleri bunu anlatmakta zorlan\u0131yorduk, taban\u0131m\u0131zdan da ele\u015ftiri al\u0131yorduk. Ama art\u0131k toplum bizi anlad\u0131. Referandumda, son se\u00e7imde bunun sonucunu g\u00f6rd\u00fck. Meydanlarda halk\u0131 o kadar tahrik ettiler ama vatanda\u015f o kadar da etkilenmedi.<\/p>\n<p style=\"text-align: justify;\"><strong>ULUDERE&#8217;YE CAN DAYANMAZ<\/strong><\/p>\n<p style=\"text-align: justify;\">Uludere ile ilgili gizlilik karar\u0131 var biliyorsunuz. Genelkurmay Ba\u015fkanl\u0131\u011f\u0131 hem idari hem yarg\u0131sal denetim yap\u0131yor. Adli yarg\u0131 s\u00fcr\u00fcyor. Dolay\u0131s\u0131yla bunlar\u0131n sonucunu bekleyelim.<\/p>\n<p style=\"text-align: justify;\"><strong>BDP ULUDERE&#8217;DE OLAY \u00c7IKSIN D\u0130YE U\u011eRA\u015eTI<\/strong><\/p>\n<p style=\"text-align: justify;\">Biz b\u00f6yle d\u00fc\u015f\u00fcnm\u00fcyoruz. Olaya ili\u015fkin a\u00e7\u0131klamada ge\u00e7 kal\u0131nmad\u0131, o g\u00fcn MKYK vard\u0131, durum de\u011ferlendirildi, a\u00e7\u0131klama hemen yap\u0131ld\u0131. Genelkurmay da ba\u015fsa\u011fl\u0131\u011f\u0131 dilendi, bunda bir yanl\u0131\u015fl\u0131k oldu\u011fu a\u00e7\u0131kland\u0131. Eskileri d\u00fc\u015f\u00fcn\u00fcn. Bu kurumlar\u0131m\u0131z\u0131n tutumu b\u00f6yle miydi? Biz h\u00fck\u00fcmet olarak, BDP&#8217;nin oradaki tahrik\u00e7i tavr\u0131 ve \u00fc\u00e7 k\u00f6y\u00fcm\u00fczdeki ac\u0131 nedeniyle daha farkl\u0131 bir tats\u0131zl\u0131k olmas\u0131n diye cenazenin kald\u0131r\u0131ld\u0131\u011f\u0131 g\u00fcn orada olmad\u0131k. Valimiz kaymakam\u0131m\u0131z etkin oldu orada ama biz siyasi olarak o gerginli\u011fin i\u00e7inde etkin olmad\u0131k. \u00c7\u00fcnk\u00fc oradaki ama\u00e7lar\u0131 tahrik ederek farkl\u0131 sonu\u00e7lar elde etmek. Nitekim bu olmay\u0131nca kaymakama y\u00f6nelik lin\u00e7 giri\u015fimi oldu. Biz makul, akl\u0131 ba\u015f\u0131nda, b\u00fcy\u00fck bir ekiple, h\u00fck\u00fcmet, parti, b\u00f6lge milletvekillerimizle taziyeye gittik. Sadece taziyeye de\u011fil ara\u015ft\u0131rma, vatanda\u015fla konu\u015fma, duygular\u0131n\u0131 alma, teselli etme, devletin duygular\u0131n\u0131 d\u00fc\u015f\u00fcncelerini, bak\u0131\u015f\u0131n\u0131 payla\u015fmak i\u00e7in gittik.<\/p>\n<p style=\"text-align: justify;\"><strong>KILI\u00c7DARO\u011eLU EDEPS\u0130ZCE \u0130FADE KULLANDI<\/strong><\/p>\n<p style=\"text-align: justify;\">\u00c7ad\u0131ra gitmedim ben. Biz varmadan \u00f6nce Kaymakam&#8217;a o \u00e7irkin sald\u0131r\u0131 olmu\u015f. Cenaze sahipleri de bunu payla\u015fmad\u0131klar\u0131 i\u00e7in protesto edip taziye \u00e7ad\u0131r\u0131ndan ayr\u0131lm\u0131\u015flar. Biz bizzat cenaze evine gittik. Muhalefet lideri tiyatro \u00e7ad\u0131r\u0131na gitti gibi \u00e7ok edepsizce laflar kulland\u0131. O \u00e7ad\u0131r zaten bir \u015fov \u00e7ad\u0131r\u0131yd\u0131. K\u0131l\u0131\u00e7daro\u011flu&#8217;nun gitti\u011fi de, daha \u00e7ok Cizre&#8217;den \u015furadan buradan gelmi\u015f, kaymakama o muameleyi lay\u0131k g\u00f6ren terbiyesizlerin topland\u0131\u011f\u0131 bir \u00e7ad\u0131rd\u0131. Biz oraya gitmedik. Ama cenaze sahiplerinin hepsi topland\u0131, o b\u00fcy\u00fck odada onlarla hemhal olduk. Ba\u015fbakan\u0131m\u0131z onlarla konu\u015ftu. Telefonun sesini a\u00e7t\u0131m, cenaze sahiplerinin hepsi duydular. Ac\u0131l\u0131 ama ayn\u0131 zamanda devletle milletin bir araya geldi\u011fi bir tablo da olu\u015ftu. S\u00fcreci biraz rahatlatt\u0131. Valilerimiz e\u015fleriyle birlikte taziyeye gittiler, milletvekillerimiz \u00f6yle. Ben tekrar gidece\u011fim, ailelerin hepsini davet edece\u011fim birlikte bir yemek yiyece\u011fiz. Ailelerle daha ileri g\u00f6r\u00fc\u015fece\u011fiz. Oradaki duygusal boyutu bizim y\u00f6netmemiz laz\u0131m tabi. Vatanda\u015fa \u00e7ok yak\u0131n, onlar\u0131 kazanmaya y\u00f6nelik, oradaki tahrikleri \u00f6nleyici olarak, buna kat\u0131l\u0131yorum. Bizden baz\u0131 talepleri var, onlar\u0131 yerine getirece\u011fiz.<\/p>\n<p style=\"text-align: justify;\">Okulla ilgili talepleri oldu. S\u0131n\u0131r kap\u0131s\u0131yla ilgili hemen karar verdik, \u00fc\u00e7 kap\u0131 i\u00e7in \u00e7al\u0131\u015fma y\u00fcr\u00fct\u00fcyorduk zaten. En h\u0131zl\u0131 \u015fekilde yapaca\u011f\u0131z. Makul masum gidi\u015f geli\u015fler me\u015fru zemine al\u0131nacak ve in\u015fallah bu t\u00fcr yanl\u0131\u015fl\u0131klar\u0131n olmas\u0131 da \u00f6nlenmi\u015f olur.<\/p>\n<p style=\"text-align: justify;\"><strong>AK PART\u0130 DEVR\u0130MC\u0130 B\u0130R PART\u0130D\u0130R<\/strong><\/p>\n<p style=\"text-align: justify;\">Demokratik a\u00e7\u0131l\u0131m\u0131n yeni paketi gibi yorumlar yap\u0131ld\u0131 ama biz \u00f6yle kullanmad\u0131k. Bazen teredd\u00fctler oluyor, AK Parti stat\u00fckonun koruyucusu mu gibi su\u00e7lamalar oldu. Biz asla stat\u00fckonun koruyucusu olmad\u0131k. AK Parti devrimci bir partidir. AK Parti&#8217;nin temel misyonu budur. Ba\u015fbakan\u0131m\u0131z son grup toplant\u0131s\u0131nda bu vurgular\u0131 yapt\u0131. Se\u00e7imden sonra \u00e7ok ileri ad\u0131mlar at\u0131lmam\u0131\u015f gibi g\u00f6r\u00fcn\u00fcyorsa bunun bir sebebi anayasaya fazla umut ba\u011flanmas\u0131. Yeni anayasa t\u00fcm bu toplumsal sorunlar\u0131 harmanlayacak ve \u00e7\u00f6z\u00fcmlerini i\u00e7erecek. AK Parti h\u00fck\u00fcmetinin bu konudaki \u00e7al\u0131\u015fmalar\u0131 s\u00fcr\u00fcyor, daima s\u00fcrecek.<\/p>\n<p style=\"text-align: justify;\">B\u00fclent Bey&#8217;in ki Meclis konu\u015fmas\u0131 daha genel, \u00f6zg\u00fcrl\u00fck\u00e7\u00fc, \u00e7o\u011fulcu bak\u0131\u015f\u0131m\u0131z\u0131 ifade ediyordu. Ben a\u00e7\u0131klamamda iki hususa dikkat \u00e7ektim. Birincisi, yarg\u0131y\u0131 h\u0131zland\u0131rmaya d\u00f6n\u00fck \u00e7al\u0131\u015fmalar. Tutukluluk s\u00fcrelerinin uzunlu\u011fu, yarg\u0131n\u0131n uzun s\u00fcrmesi ile ilgili. Biz de diyoruz geciken adalet, adalet de\u011fildir diye. Bu bir demokratik \u00e7al\u0131\u015fmad\u0131r. \u00c7al\u0131\u015fmay\u0131 Adalet Bakanl\u0131\u011f\u0131m\u0131z y\u00fcr\u00fct\u00fcyor, Bakan\u0131m\u0131z bunun bir k\u0131sm\u0131n\u0131 da a\u00e7\u0131klad\u0131. Biz bir ekibiz ve demokratikle\u015fme anlam\u0131nda \u00e7al\u0131\u015fmalara devam ediyoruz. Ba\u015fbakan\u0131m\u0131z\u0131n da olurunu ald\u0131k, b\u00f6yle bir \u00e7al\u0131\u015fma yap\u0131yoruz diye. Bakanlar Kurulu&#8217;nun da onay\u0131n\u0131 ald\u0131k, Meclis&#8217;e tasar\u0131 gelecek. Yarg\u0131lama s\u00fcreleri \u00e7ok k\u0131salacak, \u00f6zellikle y\u00fcksek yarg\u0131daki davalar da. Temyize gelen dosya say\u0131lar\u0131 azalacak. Uzla\u015fma mekanizmalar\u0131 art\u0131r\u0131l\u0131yor. \u00dclkemizin buna \u00e7ok ihtiyac\u0131 var, bu ger\u00e7ekten ciddi bir demokratikle\u015fme ad\u0131m\u0131d\u0131r.<\/p>\n<p style=\"text-align: justify;\"><strong>BUNCA \u0130\u015eTEN SONRA ELE\u015eT\u0130R\u0130LMEK \u00c7OK \u00dcZ\u00dcYOR<\/strong><\/p>\n<p style=\"text-align: justify;\">\u0130kinci boyutunda ise biz daima d\u00fc\u015f\u00fcnce \u00f6zg\u00fcrl\u00fc\u011f\u00fcnden yana olduk ve ifade \u00f6zg\u00fcrl\u00fc\u011f\u00fcn\u00fcn de \u00f6n\u00fcn\u00fc hep a\u00e7t\u0131k. Ama halen baz\u0131 \u015fik\u00e2yetler var. \u015eiddet i\u00e7ermeyen d\u00fc\u015f\u00fcncenin daha \u00f6zg\u00fcr olmas\u0131 gibi, \u00f6zellikle bas\u0131n kesimiyle ilgili, uluslararas\u0131 kamuoyuna yans\u0131yan. T\u00fcrkiye bunlar\u0131 hak etmiyor. On y\u0131ld\u0131r yapt\u0131\u011f\u0131m\u0131z demokratikle\u015fme, \u00f6zg\u00fcrl\u00fcklerin geni\u015flemesi i\u00e7in att\u0131\u011f\u0131m\u0131z bunca ad\u0131ma ra\u011fmen T\u00fcrkiye&#8217;nin b\u00f6yle alg\u0131lanmas\u0131 bizi inan\u0131n \u00e7ok \u00fcz\u00fcyor. O y\u00fczden \u015fiddet i\u00e7ermeyen d\u00fc\u015f\u00fcncenin \u00f6n\u00fcnde k\u0131s\u0131tlamalar varsa bunu kald\u0131rmak i\u00e7in yine m\u00fctalaa edece\u011fiz, \u00e7al\u0131\u015fma i\u00e7indeyiz. Bu bir paketten ziyade bir s\u00fcre\u00e7. Biz demokratikle\u015fmeyi bir s\u00fcre\u00e7 olarak g\u00f6r\u00fcyoruz. Bu sadece ter\u00f6rle ilgili de\u011fildir.<\/p>\n<p style=\"text-align: justify;\"><strong>TER\u00d6R B\u0130TT\u0130\u011e\u0130NDE D\u0130\u011eER ADIMLAR ATILACAK<\/strong><\/p>\n<p style=\"text-align: justify;\">Ter\u00f6r varsa bununla ilgili m\u00fccadeleler her zaman en g\u00fc\u00e7l\u00fc \u015fekilde y\u00fcr\u00fcyecektir. Ama ter\u00f6rle m\u00fccadele di\u011fer sorunlar\u0131n \u00e7\u00f6z\u00fclmesi i\u00e7in yeterli de\u011fildir, ayr\u0131 \u00e7al\u0131\u015fma gerektirir. Biz de bu \u00e7al\u0131\u015fmalar\u0131 yap\u0131yoruz yapaca\u011f\u0131z. Bu safhalar ge\u00e7ildi\u011finde sonra hangi ad\u0131mlar at\u0131labilir bunlar\u0131 \u00e7al\u0131\u015f\u0131yoruz. Hepsini \u00e7al\u0131\u015f\u0131yoruz, bu konuya \u00e7ok ciddi \u015fekilde kafa yoruyoruz. Gelecekte yeni durumlara g\u00f6re at\u0131labilecek ad\u0131mlar\u0131 da tart\u0131\u015f\u0131yoruz, belirliyoruz. Buna \u00f6nemle i\u015faret etmek istiyoruz.<\/p>\n<p style=\"text-align: justify;\"><strong>BA\u015eBAKANI \u015e\u0130\u0130R OKURKEN TANIDIM<\/strong><\/p>\n<p style=\"text-align: justify;\">Tan\u0131\u015fmam\u0131z ba\u015fkanl\u0131k d\u00f6nemi ama evvelinden de bilirim. Ba\u015fbakan\u0131m\u0131z\u0131 ilk g\u00f6r\u00fc\u015f\u00fcm\u00fc hat\u0131rl\u0131yorum. Rahmetli Necip Faz\u0131l i\u00e7in bir j\u00fcbile t\u00f6reni d\u00fczenlenmi\u015fti \u0130stanbul&#8217;da, eski T\u00fcrk Talebe Birli\u011fi salonunda. 80 \u00f6ncesi. Ben o zaman Erzurum&#8217;da Atat\u00fcrk \u00dcniversitesi&#8217;nde \u00f6\u011fretim \u00fcyesiyim. O j\u00fcbileye gittim. Orada Ba\u015fbakan\u0131m\u0131z \u015fiir okudu, Sakarya&#8217;y\u0131 okudu galiba. Ve \u00fcstat \u00e7ok be\u011fendi. Kendisine iltifatlar etti. O zaman Ba\u015fbakan\u0131m\u0131z \u00e7ok gen\u00e7ti tabi&#8230; \u00dcstat kendi \u015fiirini okuyanlar\u0131 falan pek be\u011fenmez hatta bazen de k\u0131zard\u0131. Onun be\u011fenmesi \u00e7ok \u00f6nemlidir. Say\u0131n Cumhurba\u015fkan\u0131m\u0131zla da \u00f6yle, onun \u00f6\u011frencilik y\u0131llar\u0131ndan beri.<\/p>\n<p style=\"text-align: justify;\">AK Parti bir samimiyet hareketi, bir ihl\u00e2s hareketi zaten. O birbirine g\u00fcven, birbiri i\u00e7in fedak\u00e2rl\u0131k, halden anlamak&#8230;<\/p>\n<p style=\"text-align: justify;\"><a href=\"http:\/\/www.gazeteport.com.tr\/haber\/73845\/quothaburda_hataliydikquot\" target=\"_blank\">Kaynak : GAZETEPORT<\/a><\/p>\n","protected":false},"excerpt":{"rendered":"<p style=\"text-align: center;\">\n<p style=\"text-align: justify;\">Ba\u015fbakan Yard\u0131mc\u0131s\u0131 Be\u015fir Atalay, Habur krizini ve ter\u00f6rle m\u00fccadeleyi bug\u00fcne kadar hi\u00e7 kullanmad\u0131\u011f\u0131 ifadelerle anlatt\u0131.<\/p>\n<p style=\"text-align: justify;\">ANKARA &#8211; Ba\u015fbakan Yard\u0131mc\u0131s\u0131 Prof. Dr. Be\u015fir Atalay, demokratik a\u00e7\u0131l\u0131m projesinin &#8220;yol kazas\u0131&#8221; Habur&#8217;da ya\u015fananlarla ilgili \u00f6zele\u015ftiri yapt\u0131 ve AK Parti&#8217;nin hatalar\u0131n\u0131 a\u00e7\u0131klad\u0131.<\/p>\n<p style=\"text-align: justify;\">\u0130\u015fte Be\u015fir Atalay&#8217;\u0131n, Star gazetesine verdi\u011fi o r\u00f6portaj&#8230;<\/p>\n","protected":false},"author":1,"featured_media":0,"comment_status":"open","ping_status":"open","sticky":false,"template":"","format":"standard","meta":{"footnotes":""},"categories":[105],"tags":[],"class_list":["post-46517","post","type-post","status-publish","format-standard","hentry","category-gundem","odd"],"_links":{"self":[{"href":"http:\/\/www.korhanyilmaz.com\/index.php?rest_route=\/wp\/v2\/posts\/46517","targetHints":{"allow":["GET"]}}],"collection":[{"href":"http:\/\/www.korhanyilmaz.com\/index.php?rest_route=\/wp\/v2\/posts"}],"about":[{"href":"http:\/\/www.korhanyilmaz.com\/index.php?rest_route=\/wp\/v2\/types\/post"}],"author":[{"embeddable":true,"href":"http:\/\/www.korhanyilmaz.com\/index.php?rest_route=\/wp\/v2\/users\/1"}],"replies":[{"embeddable":true,"href":"http:\/\/www.korhanyilmaz.com\/index.php?rest_route=%2Fwp%2Fv2%2Fcomments&post=46517"}],"version-history":[{"count":0,"href":"http:\/\/www.korhanyilmaz.com\/index.php?rest_route=\/wp\/v2\/posts\/46517\/revisions"}],"wp:attachment":[{"href":"http:\/\/www.korhanyilmaz.com\/index.php?rest_route=%2Fwp%2Fv2%2Fmedia&parent=46517"}],"wp:term":[{"taxonomy":"category","embeddable":true,"href":"http:\/\/www.korhanyilmaz.com\/index.php?rest_route=%2Fwp%2Fv2%2Fcategories&post=46517"},{"taxonomy":"post_tag","embeddable":true,"href":"http:\/\/www.korhanyilmaz.com\/index.php?rest_route=%2Fwp%2Fv2%2Ftags&post=46517"}],"curies":[{"name":"wp","href":"https:\/\/api.w.org\/{rel}","templated":true}]}}