{"id":46508,"date":"2012-01-16T12:33:48","date_gmt":"2012-01-16T10:33:48","guid":{"rendered":"http:\/\/www.korhanyilmaz.com\/?p=46508"},"modified":"2012-01-16T15:06:25","modified_gmt":"2012-01-16T13:06:25","slug":"uludere-olayiyla-ilgili-gundemi-degistirecek-iddia","status":"publish","type":"post","link":"http:\/\/www.korhanyilmaz.com\/?p=46508","title":{"rendered":"Uludere olay\u0131yla ilgili g\u00fcndemi de\u011fi\u015ftirecek iddia"},"content":{"rendered":"<p style=\"text-align: center;\"><a href=\"http:\/\/www.korhanyilmaz.com\/wp-content\/uploads\/2012\/01\/9201.jpg\"  class=\"lightview\"><img loading=\"lazy\" decoding=\"async\" class=\"aligncenter  wp-image-46509\" src=\"http:\/\/www.korhanyilmaz.com\/wp-content\/uploads\/2012\/01\/9201.jpg\" alt=\"\" width=\"396\" height=\"180\" \/><\/a><\/p>\n<p style=\"text-align: justify;\">H\u00fcrriyet gazetesi yazar\u0131 \u015e\u00fckr\u00fc K\u00fc\u00e7\u00fck\u015fahin, bug\u00fcnk\u00fc k\u00f6\u015fesinde Uludere olay\u0131yla ilgili ilgin\u00e7 bir iddia ortaya att\u0131.<\/p>\n<p style=\"text-align: justify;\">Bu iddiaya g\u00f6re, Uludere&#8217;deki bombalamay\u0131 yapan pilotlara, o g\u00fcnden beri karargah d\u0131\u015f\u0131na \u00e7\u0131kma izni verilmiyor ve g\u00f6zetim alt\u0131nda tutuluyorlar&#8230;<\/p>\n<p style=\"text-align: justify;\"><span style=\"text-decoration: underline;\">\u0130\u015eTE O YAZI&#8230;\u00a0<\/span><\/p>\n<p style=\"text-align: justify;\"><strong>Devlete g\u00f6re BDP ile Sinn Fein fark\u0131\u00a0<\/strong><\/p>\n<p style=\"text-align: justify;\">\u00d6NCE, tam da seleflerinden \u0130lker Ba\u015fbu\u011f\u2019un tutukland\u0131\u011f\u0131 s\u0131rada Genelkurmay Ba\u015fkan\u0131 Org. Necdet \u00d6zel\u2019in a\u011fz\u0131ndan, PKK\u2019l\u0131lara at\u0131fla, \u201cOnlara ter\u00f6rist demek istemiyoruz\u201d s\u00f6zlerini okuyunca \u2018ne ilgin\u00e7 bir ironi\u2019 diye d\u00fc\u015f\u00fcnd\u00fck.<!--more--><\/p>\n<p style=\"text-align: justify;\">Be\u015f g\u00fcn sonra ise Ba\u015fbakan Tayyip Erdo\u011fan, partisinin grup toplant\u0131s\u0131nda, en b\u00fcy\u00fck \u015fiarlar\u0131n\u0131n \u2018insan\u0131 ya\u015fat ki devlet ya\u015fas\u0131n\u2019 oldu\u011funu s\u00f6yledi.<\/p>\n<p style=\"text-align: justify;\">Ard\u0131ndan Milli Savunma Bakan\u0131 \u0130smet Y\u0131lmaz\u2019\u0131n PKK\u2019l\u0131lar i\u00e7in \u201c\u0130ntihara g\u00f6nderilen gen\u00e7lerimiz\u201d ifadesini kulland\u0131\u011f\u0131n\u0131 \u00f6\u011frendim.<\/p>\n<p style=\"text-align: justify;\">Her \u00fc\u00e7 isim de Ter\u00f6rle M\u00fccadele Y\u00fcksek Kurul \u00fcyesi oldu\u011fu i\u00e7in bu yakla\u015f\u0131m m\u00fccadeledeki yeni bir konseptin i\u015fareti gibiydi.<\/p>\n<p style=\"text-align: justify;\">Yetkili isimlerle yapt\u0131\u011f\u0131m sohbetler de bunu do\u011fruluyor.<\/p>\n<p style=\"text-align: justify;\"><strong>ARTIK \u00d6LD\u00dcR\u00dcLM\u00dcYORLAR\u00a0<\/strong><\/p>\n<p style=\"text-align: justify;\">S\u00f6z\u00fcn\u00fc etti\u011fim yeni konseptin ilk habercilerinin Amanos, Cudi ve Bing\u00f6l da\u011flar\u0131ndaki operasyonlar oldu\u011fu s\u00f6ylendi.<\/p>\n<p style=\"text-align: justify;\">Buralarda belirlenen ma\u011fara ve mekanlarda PKK\u2019l\u0131 varl\u0131\u011f\u0131n\u0131n kesin tespitine ra\u011fmen bombalama yoluna gidilmemi\u015f, \u2018sa\u011f ele ge\u00e7irilsinler\u2019 denmi\u015f.<\/p>\n<p style=\"text-align: justify;\">Gerek\u00e7esi de, \u201cPKK istiyor ki her ailede kay\u0131plar olsun. B\u00f6ylece devlete h\u0131n\u00e7 duyanlar\u0131n say\u0131s\u0131 arts\u0131n\u201d diye a\u00e7\u0131kland\u0131.<\/p>\n<p style=\"text-align: justify;\">PKK\u2019n\u0131n k\u00f6k\u00fcn\u00fc kaz\u0131maktan art\u0131k pek s\u00f6z edilmiyor; \u00e7\u00fcnk\u00fc PKK\u2019ya, ter\u00f6rden beslenen bitmez bir ekonomik g\u00fc\u00e7\/organizasyon olarak bak\u0131l\u0131yor.<\/p>\n<p style=\"text-align: justify;\">Yeni d\u00f6nemdeki en b\u00fcy\u00fck geli\u015fme ise \u201cTer\u00f6rle m\u00fccadele birimleri aras\u0131ndaki b\u00fct\u00fcn \u2018s\u00fcrt\u00fc\u015fme\u2019, \u2018kavga\u2019, \u2018ayr\u0131 g\u00f6r\u00fc\u015f\u2019, \u2018farkl\u0131 uygulama\u2019 gibi konularda samimi bir \u00e7\u00f6z\u00fcme ula\u015f\u0131lmas\u0131\u201d diye de\u011ferlendiriliyor.<\/p>\n<p style=\"text-align: justify;\">\u201cKurumlar ve kurum y\u00f6neticileri aras\u0131nda g\u00fcven tam tesis edildi\u201d deniyor.<\/p>\n<p style=\"text-align: justify;\">\u0130stihbarat saklamaya son verilmesi, birim devirlerini de (GES\u2019in M\u0130T\u2019e devri gibi) i\u00e7eren istihbarattaki merkezile\u015fme b\u00fcy\u00fck ilerleme olarak g\u00f6r\u00fcl\u00fcyor.<\/p>\n<p style=\"text-align: justify;\">Bunlar\u0131 okuyunca akla ilk gelen, \u201cYeni yakla\u015f\u0131m insan odakl\u0131 ise BDP-KCK operasyonlar\u0131 ne oluyor\u201d sorusuna da yan\u0131t arad\u0131m ve \u015fu yan\u0131t\u0131 ald\u0131m:<\/p>\n<p style=\"text-align: justify;\">\u201cEvet, bunlar s\u00f6ylenip hemen \u0130rlanda \u00f6rne\u011fi veriliyor, Sinn Fein\u2019le g\u00f6r\u00fc\u015fmelere at\u0131f yap\u0131l\u0131yor. Ama bu iki parti aras\u0131nda \u00e7ok b\u00fcy\u00fck farklar var. \u0130lki; Sinn Fein, \u2018\u015eu tarih itibariyle ter\u00f6r eylemleri durdurulmu\u015f\u2019 dedi\u011fi an IRA tek bir eylem yapm\u0131yordu. BDP ise tam tersini yap\u0131yor. Sinn Fein da\u011f\u0131 kontrol ederdi, BDP ise da\u011f\u0131n kontrol\u00fcnde. Bu da yetmiyor, \u2018\u0130rademiz yok, bizimle de\u011fil gidin da\u011fla g\u00f6r\u00fc\u015f\u00fcn\u2019 diyor. Ke\u015fke Sinn Fein kadar olsalar.\u201d<\/p>\n<p style=\"text-align: justify;\"><strong>P\u0130LOTLARLA \u0130LG\u0130L\u0130 BEL\u0130RS\u0130ZL\u0130K\u00a0<\/strong><\/p>\n<p style=\"text-align: justify;\">Uludere\u2019deki bombalama facias\u0131n\u0131n hangi istihbarat kayna\u011f\u0131n\u0131n hatas\u0131 oldu\u011fu sorular\u0131n\u0131 da sorgulamad\u0131m de\u011fil; ama \u2018ge\u00e7i\u015ftirildi\u2019 desem yeri. \u201cBu bombalamadan sivil otoritenin \u00f6nceden haberi var m\u0131yd\u0131?\u201d sorusunun ayn\u0131 \u015fekilde belirsizli\u011fe b\u0131rak\u0131lmas\u0131n\u0131 da ilgin\u00e7 bulabiliriz.<\/p>\n<p style=\"text-align: justify;\">Buna ra\u011fmen ald\u0131\u011f\u0131m \u015fu bilgileri payla\u015fmal\u0131y\u0131m:<\/p>\n<p style=\"text-align: justify;\">\u201cBirincisi, bombalanan yer s\u0131n\u0131r \u00f6tesinde. (Bu c\u00fcmle \u2018neden sa\u011f yakalanmad\u0131lar\u2019 sorusunun yan\u0131t\u0131 olarak da okunmal\u0131.) \u0130kincisi, son d\u00f6nemde b\u00f6ylesi 350\u2019ye yak\u0131n bombalama oldu. Hangi birisi bildirilsin.\u201d<\/p>\n<p style=\"text-align: justify;\">Konuyla ilgili soru\u015fturma\/inceleme s\u00fcreci devam etti\u011fi i\u00e7in hani baz\u0131 konulara a\u00e7\u0131k yan\u0131tlar verilememi\u015f olabilir; ama bana gelen bir ba\u015fka bilgi var ki teyit edecek bir yetkili bulamad\u0131m.<\/p>\n<p style=\"text-align: justify;\">Kayna\u011f\u0131mdan ise \u00e7ok emin oldu\u011fum i\u00e7in \u201cBu nedir\u201d diye sormak isterim.<\/p>\n<p style=\"text-align: justify;\">Soru\u015fturma \u00e7er\u00e7evesinde bombalamay\u0131 yapan pilotlara, o g\u00fcnden beri karargah d\u0131\u015f\u0131na \u00e7\u0131kma izni verilmiyor, sanki g\u00f6zetim alt\u0131nda tutuluyorlarm\u0131\u015f.<\/p>\n<p style=\"text-align: justify;\">Ailelerin, \u2018verilen koordinatlar\u0131 tam tutturduklar\u0131 i\u00e7in kahraman g\u00f6r\u00fclmesi gereken evlatlar\u0131n\u0131n\u2019 tek su\u00e7lu ilan edilmesinden korktuklar\u0131n\u0131 belirtmeli.<\/p>\n<p style=\"text-align: justify;\"><a href=\"http:\/\/www.gazeteport.com.tr\/haber\/73864\/uludere_olayiyla_ilgili_gundemi_degistirecek_iddia\" target=\"_blank\">Kaynak : GAZETEPORT<\/a><\/p>\n","protected":false},"excerpt":{"rendered":"<p style=\"text-align: center;\">\n<p style=\"text-align: justify;\">H\u00fcrriyet gazetesi yazar\u0131 \u015e\u00fckr\u00fc K\u00fc\u00e7\u00fck\u015fahin, bug\u00fcnk\u00fc k\u00f6\u015fesinde Uludere olay\u0131yla ilgili ilgin\u00e7 bir iddia ortaya att\u0131.<\/p>\n<p style=\"text-align: justify;\">Bu iddiaya g\u00f6re, Uludere&#8217;deki bombalamay\u0131 yapan pilotlara, o g\u00fcnden beri karargah d\u0131\u015f\u0131na \u00e7\u0131kma izni verilmiyor ve g\u00f6zetim alt\u0131nda tutuluyorlar&#8230;<\/p>\n<p style=\"text-align: justify;\">\u0130\u015eTE O YAZI&#8230; <\/p>\n<p style=\"text-align: justify;\">Devlete g\u00f6re BDP ile Sinn Fein <\/p>\n","protected":false},"author":1,"featured_media":0,"comment_status":"open","ping_status":"open","sticky":false,"template":"","format":"standard","meta":{"footnotes":""},"categories":[105],"tags":[],"class_list":["post-46508","post","type-post","status-publish","format-standard","hentry","category-gundem","odd"],"_links":{"self":[{"href":"http:\/\/www.korhanyilmaz.com\/index.php?rest_route=\/wp\/v2\/posts\/46508","targetHints":{"allow":["GET"]}}],"collection":[{"href":"http:\/\/www.korhanyilmaz.com\/index.php?rest_route=\/wp\/v2\/posts"}],"about":[{"href":"http:\/\/www.korhanyilmaz.com\/index.php?rest_route=\/wp\/v2\/types\/post"}],"author":[{"embeddable":true,"href":"http:\/\/www.korhanyilmaz.com\/index.php?rest_route=\/wp\/v2\/users\/1"}],"replies":[{"embeddable":true,"href":"http:\/\/www.korhanyilmaz.com\/index.php?rest_route=%2Fwp%2Fv2%2Fcomments&post=46508"}],"version-history":[{"count":0,"href":"http:\/\/www.korhanyilmaz.com\/index.php?rest_route=\/wp\/v2\/posts\/46508\/revisions"}],"wp:attachment":[{"href":"http:\/\/www.korhanyilmaz.com\/index.php?rest_route=%2Fwp%2Fv2%2Fmedia&parent=46508"}],"wp:term":[{"taxonomy":"category","embeddable":true,"href":"http:\/\/www.korhanyilmaz.com\/index.php?rest_route=%2Fwp%2Fv2%2Fcategories&post=46508"},{"taxonomy":"post_tag","embeddable":true,"href":"http:\/\/www.korhanyilmaz.com\/index.php?rest_route=%2Fwp%2Fv2%2Ftags&post=46508"}],"curies":[{"name":"wp","href":"https:\/\/api.w.org\/{rel}","templated":true}]}}