{"id":46503,"date":"2012-01-16T09:18:48","date_gmt":"2012-01-16T07:18:48","guid":{"rendered":"http:\/\/www.korhanyilmaz.com\/?p=46503"},"modified":"2012-01-16T11:43:52","modified_gmt":"2012-01-16T09:43:52","slug":"kurultay-talebinden-genel-baskan-secimi-cikti","status":"publish","type":"post","link":"http:\/\/www.korhanyilmaz.com\/?p=46503","title":{"rendered":"Kurultay talebinden genel ba\u015fkan se\u00e7imi \u00e7\u0131kt\u0131"},"content":{"rendered":"<p style=\"text-align: center;\"><a href=\"http:\/\/www.korhanyilmaz.com\/wp-content\/uploads\/2012\/01\/9200.jpg\"  class=\"lightview\"><img loading=\"lazy\" decoding=\"async\" class=\"aligncenter  wp-image-46504\" src=\"http:\/\/www.korhanyilmaz.com\/wp-content\/uploads\/2012\/01\/9200.jpg\" alt=\"\" width=\"345\" height=\"266\" \/><\/a><\/p>\n<p style=\"text-align: justify;\">\u00d6nder Sav\u2019a yak\u0131n isimlerin \u201cOla\u011fan\u00fcst\u00fc T\u00fcz\u00fck Kurultay\u0131\u201d istemiyle ba\u015flatt\u0131\u011f\u0131 imza \u00e7al\u0131\u015fmas\u0131nda gereken 256 imzan\u0131n a\u015f\u0131ld\u0131\u011f\u0131 iddia edilirken, muhaliflerin t\u00fcz\u00fck tasla\u011f\u0131ndaki d\u00fczenleme CHP y\u00f6netimini k\u0131zd\u0131rd\u0131!<\/p>\n<p style=\"text-align: justify;\">CHP eski Genel Sekreteri \u00d6nder Sav\u2019a yak\u0131n isimlerin \u201cOla\u011fan\u00fcst\u00fc T\u00fcz\u00fck Kurultay\u0131\u201d istemiyle ba\u015flatt\u0131\u011f\u0131 imza \u00e7al\u0131\u015fmas\u0131nda gereken 256 imzan\u0131n a\u015f\u0131ld\u0131\u011f\u0131 iddia edilirken, muhaliflerin t\u00fcz\u00fck tasla\u011f\u0131ndan ilgin\u00e7 bir d\u00fczenleme \u00e7\u0131kt\u0131.<!--more--><\/p>\n<p style=\"text-align: justify;\">Genel ba\u015fkan se\u00e7imli kurultay\u0131 i\u00e7in 650 imza (delegelerin y\u00fczde 51\u2019i) gerekirken, t\u00fcz\u00fck tasla\u011f\u0131nda bu say\u0131 256\u2019ya (delegelerin y\u00fczde 20\u2019si) \u00e7ekildi. Bu talep genel merkez kanad\u0131nda \u201ct\u00fcz\u00fck kurultay\u0131n\u0131n ard\u0131ndan Aral\u0131k ay\u0131 beklenmeden Genel ba\u015fkan se\u00e7imi yap\u0131lmas\u0131\u201d olarak alg\u0131land\u0131.<\/p>\n<p style=\"text-align: justify;\">Vatan&#8217;a konu\u015fan Genel Ba\u015fkan Yard\u0131mc\u0131s\u0131 Nihat Matkap muhaliflerin bu giri\u015fimini &#8216;midem buland\u0131&#8217; diyerek a\u00e7\u0131klad\u0131. Matkap, &#8220;Kim vurduya getirip, bu d\u00fczenlemeyi getirmek istiyorlar. T\u00fcz\u00fck kurultay\u0131n\u0131n ard\u0131ndan 15-20 g\u00fcn sonra se\u00e7imli g\u00fcndem isteniyor gibi geliyor. Parti i\u00e7i demokrasi g\u00fc\u00e7lendirme s\u00f6yleminde bulundular ama bu maddeyi g\u00f6r\u00fcnce midem buland\u0131. Buras\u0131 taleplerine uymuyor. Her maddenin de\u011fi\u015fmesini isteme haklar\u0131 var ama s\u00f6ylemde de tutarl\u0131l\u0131k olmal\u0131d\u0131r. Aral\u0131k ay\u0131ndaki kurultay \u00f6ncesi bir giri\u015fim seziyorum.<\/p>\n<p style=\"text-align: justify;\"><strong>Sicilleri parlak de\u011fil<\/strong><\/p>\n<p style=\"text-align: justify;\">Genel ba\u015fkan\u0131m\u0131z hakk\u0131nda fezleke ortaya \u00e7\u0131k\u0131nca \u00f6rg\u00fctlerde bir refleks yank\u0131land\u0131. AKP\u2019liler hemen bunu ola\u011fan\u00fcst\u00fc kurultay ile ili\u015fkilendirdiler. \u0130mza giri\u015fimleri partimizin g\u00fcc\u00fcn\u00fc k\u0131r\u0131yor. Ara vermeden se\u00e7imli kurultay aray\u0131\u015flar\u0131 bitmelidir. \u0130\u00e7e d\u00f6n\u00fck tart\u0131\u015fmalar son bulmal\u0131d\u0131r. Parti i\u00e7i demokrasi aray\u0131\u015flar\u0131na kat\u0131l\u0131yorum. Partinin zarar g\u00f6rmeyece\u011fi bir eylem i\u00e7erisinde olsunlar. Ben iyi t\u00fcz\u00fck uzman\u0131y\u0131m. T\u00fcz\u00fck taslaklar\u0131n\u0131 g\u00f6r\u00fcnce s\u00f6ylemden \u015f\u00fcphe ettim. Daha erkene \u00e7ekmek istiyorlarsa \u00e7ekelim ama bu partiye zarar verilmeden olsun.<\/p>\n<p style=\"text-align: justify;\"><strong>1 tane imza geldi<\/strong><\/p>\n<p style=\"text-align: justify;\">D\u00fcn (Cumartesi) itibariyle 1 tane imza geldi. Belki topluca verecekler bilmiyorum ama tek imza mevcut \u015fu anda. Bizi arayan \u00e7ok say\u0131da kurultay delegesi de imza gir\u015fiminden rahats\u0131z. Parti i\u00e7i demokrasi aray\u0131\u015f\u0131na giren arkada\u015flar\u0131n sicili \u00e7ok parlak de\u011fil. Bunu ben istesem tamam anlar\u0131m, ben bedel \u00f6demi\u015fim. 2003 tarihinde parti i\u00e7i demokrasiyi t\u0131kayan arkada\u015flar ne yaz\u0131k ki \u015fimdi bunu istiyor. Benim bu giri\u015fimi engelleme amac\u0131m yok ama s\u00f6ylem ile \u00e7eli\u015fkiye dikkat \u00e7ekmek istedim&#8221; dedi.<\/p>\n<p style=\"text-align: justify;\"><a href=\"http:\/\/www.cnnturk.com\/2012\/guncel\/01\/16\/kurultay.talebinden.genel.baskan.secimi.cikti\/644972.0\/index.html\" target=\"_blank\">Kaynak : CNN T\u00dcRK<\/a><\/p>\n","protected":false},"excerpt":{"rendered":"<p style=\"text-align: center;\">\n<p style=\"text-align: justify;\">\u00d6nder Sav\u2019a yak\u0131n isimlerin \u201cOla\u011fan\u00fcst\u00fc T\u00fcz\u00fck Kurultay\u0131\u201d istemiyle ba\u015flatt\u0131\u011f\u0131 imza \u00e7al\u0131\u015fmas\u0131nda gereken 256 imzan\u0131n a\u015f\u0131ld\u0131\u011f\u0131 iddia edilirken, muhaliflerin t\u00fcz\u00fck tasla\u011f\u0131ndaki d\u00fczenleme CHP y\u00f6netimini k\u0131zd\u0131rd\u0131!<\/p>\n<p style=\"text-align: justify;\">CHP eski Genel Sekreteri \u00d6nder Sav\u2019a yak\u0131n isimlerin \u201cOla\u011fan\u00fcst\u00fc T\u00fcz\u00fck Kurultay\u0131\u201d istemiyle ba\u015flatt\u0131\u011f\u0131 imza \u00e7al\u0131\u015fmas\u0131nda gereken 256 imzan\u0131n a\u015f\u0131ld\u0131\u011f\u0131 iddia edilirken, muhaliflerin t\u00fcz\u00fck tasla\u011f\u0131ndan <\/p>\n","protected":false},"author":1,"featured_media":0,"comment_status":"open","ping_status":"open","sticky":false,"template":"","format":"standard","meta":{"footnotes":""},"categories":[105],"tags":[],"class_list":["post-46503","post","type-post","status-publish","format-standard","hentry","category-gundem","odd"],"_links":{"self":[{"href":"http:\/\/www.korhanyilmaz.com\/index.php?rest_route=\/wp\/v2\/posts\/46503","targetHints":{"allow":["GET"]}}],"collection":[{"href":"http:\/\/www.korhanyilmaz.com\/index.php?rest_route=\/wp\/v2\/posts"}],"about":[{"href":"http:\/\/www.korhanyilmaz.com\/index.php?rest_route=\/wp\/v2\/types\/post"}],"author":[{"embeddable":true,"href":"http:\/\/www.korhanyilmaz.com\/index.php?rest_route=\/wp\/v2\/users\/1"}],"replies":[{"embeddable":true,"href":"http:\/\/www.korhanyilmaz.com\/index.php?rest_route=%2Fwp%2Fv2%2Fcomments&post=46503"}],"version-history":[{"count":0,"href":"http:\/\/www.korhanyilmaz.com\/index.php?rest_route=\/wp\/v2\/posts\/46503\/revisions"}],"wp:attachment":[{"href":"http:\/\/www.korhanyilmaz.com\/index.php?rest_route=%2Fwp%2Fv2%2Fmedia&parent=46503"}],"wp:term":[{"taxonomy":"category","embeddable":true,"href":"http:\/\/www.korhanyilmaz.com\/index.php?rest_route=%2Fwp%2Fv2%2Fcategories&post=46503"},{"taxonomy":"post_tag","embeddable":true,"href":"http:\/\/www.korhanyilmaz.com\/index.php?rest_route=%2Fwp%2Fv2%2Ftags&post=46503"}],"curies":[{"name":"wp","href":"https:\/\/api.w.org\/{rel}","templated":true}]}}